{"id":246075,"date":"2017-10-13T00:00:00","date_gmt":"2017-10-13T00:00:00","guid":{"rendered":"https:\/\/www.ecuadortimes.net\/es\/quedan-106-funcionarios-en-vicepresidencia-asegura-ministro-del-trabajo\/"},"modified":"2017-10-13T00:00:00","modified_gmt":"2017-10-13T00:00:00","slug":"quedan-106-funcionarios-en-vicepresidencia-asegura-ministro-del-trabajo","status":"publish","type":"post","link":"https:\/\/www.ecuadortimes.net\/es\/quedan-106-funcionarios-en-vicepresidencia-asegura-ministro-del-trabajo\/","title":{"rendered":"Quedan 106 funcionarios en Vicepresidencia, asegura ministro del Trabajo"},"content":{"rendered":"<p><img loading=\"lazy\" class=\"size-full wp-image-190530 aligncenter\" src=\"https:\/\/www.ecuadortimes.net\/es\/wp-content\/uploads\/2017\/10\/QUEDAN_106_FUNCIONARIOS_EN_VICEPRESIDENCIA_ASEGURA_MINISTRO_DE_TRABAJO_ECUADORTIMES_ECUADORNEWS.jpg\" alt=\"\" width=\"463\" height=\"450\" \/><\/p>\n<p>&nbsp;<\/p>\n<p><strong>Quito &#8211;<\/strong>El ministro del Trabajo<strong>, Ra\u00fal Ledesma<\/strong>, inform\u00f3 ayer que en la Vicepresidencia quedan 106 empleados. Hasta agosto se registraban 228 en n\u00f3mina.<\/p>\n<p>La reducci\u00f3n de 122 puestos responde a dos factores: el decreto ejecutivo de austeridad que llev\u00f3 a un proceso de reestructuraci\u00f3n con un an\u00e1lisis de vacantes y contratos ocasionales y al retiro de funciones encomendadas antes por el Ejecutivo, cuya consecuencia fue la terminaci\u00f3n de contratos que ya no deb\u00edan ser renovados.<\/p>\n<p>Todo el personal de nombramiento definitivo y servidores p\u00fablicos de carrera no han sido desvinculados ni despedidos\u009d, agreg\u00f3 el ministro.<\/p>\n<p>Ledesma explic\u00f3 que 82 personas fueron desvinculadas por el decreto de austeridad.<\/p>\n<p>En julio de este a\u00f1o, en el distributivo de personal de la Vicepresidencia constaban 201 funcionarios, cuya remuneraci\u00f3n mensual sumaba $ 327.754. Pese al retiro de funciones al vicepresidente Jorge Glas, el 3 de agosto, la n\u00f3mina de ese mes subi\u00f3 a 228 empleados, con una remuneraci\u00f3n mensual que alcanz\u00f3 los $ 373.008.<\/p>\n<p>Para septiembre, la n\u00f3mina se redujo a 200 con una remuneraci\u00f3n mensual que ascend\u00eda a $ 318.934. (I)<\/p>\n<p>&nbsp;<\/p>\n<p>&nbsp;<\/p>\n<p><strong>Fuente: <\/strong><span style=\"font-family: Calibri; color: black;\"><a href=\"http:\/\/www.eluniverso.com\/noticias\/2017\/10\/13\/nota\/6427816\/106-funcionarios-vicepresidencia\" target=\"_blank\" rel=\"noopener noreferrer\" data-saferedirecturl=\"https:\/\/www.google.com\/url?hl=es&amp;q=http:\/\/www.eluniverso.com\/noticias\/2017\/10\/13\/nota\/6427816\/106-funcionarios-vicepresidencia&amp;source=gmail&amp;ust=1507987670834000&amp;usg=AFQjCNEJ1IhJezmyq25ypiwtJ7GPnG3BqQ\"><span style=\"color: #1155cc;\">http:\/\/www.eluniverso.com\/<wbr \/>noticias\/2017\/10\/13\/nota\/<wbr \/>6427816\/106-funcionarios-<wbr \/>vicepresidencia<\/span><\/a><\/span><\/p>\n","protected":false},"excerpt":{"rendered":"<p>&nbsp; Quito &#8211;El ministro del Trabajo, Ra\u00fal Ledesma, inform\u00f3 ayer que en la Vicepresidencia quedan 106 empleados. Hasta agosto se registraban 228 en n\u00f3mina. La reducci\u00f3n de 122 puestos responde a dos factores: el decreto ejecutivo de austeridad que llev\u00f3 a un proceso de reestructuraci\u00f3n con un an\u00e1lisis de vacantes y contratos ocasionales y al retiro de funciones encomendadas antes por el Ejecutivo, cuya consecuencia fue la terminaci\u00f3n de contratos que ya no deb\u00edan ser renovados. Todo el personal de nombramiento definitivo y servidores p\u00fablicos de carrera no han sido desvinculados ni despedidos\u009d, agreg\u00f3 el ministro. Ledesma explic\u00f3 que 82 personas fueron desvinculadas por el decreto de austeridad. En julio de este a\u00f1o, en el distributivo de personal de la Vicepresidencia constaban 201 funcionarios, cuya remuneraci\u00f3n mensual sumaba $ 327.754. Pese al retiro de funciones al vicepresidente Jorge Glas, el 3 de agosto, la n\u00f3mina de ese mes subi\u00f3 a 228 empleados, con una remuneraci\u00f3n mensual que alcanz\u00f3 los $ 373.008. Para septiembre, la n\u00f3mina se redujo a 200 con una remuneraci\u00f3n mensual que ascend\u00eda a $ 318.934. (I) &nbsp; &nbsp; Fuente: http:\/\/www.eluniverso.com\/noticias\/2017\/10\/13\/nota\/6427816\/106-funcionarios-vicepresidencia<\/p>\n","protected":false},"author":1,"featured_media":246076,"comment_status":"open","ping_status":"open","sticky":false,"template":"","format":"standard","meta":[],"categories":[54,32,40,35],"tags":[],"_links":{"self":[{"href":"https:\/\/www.ecuadortimes.net\/es\/wp-json\/wp\/v2\/posts\/246075"}],"collection":[{"href":"https:\/\/www.ecuadortimes.net\/es\/wp-json\/wp\/v2\/posts"}],"about":[{"href":"https:\/\/www.ecuadortimes.net\/es\/wp-json\/wp\/v2\/types\/post"}],"author":[{"embeddable":true,"href":"https:\/\/www.ecuadortimes.net\/es\/wp-json\/wp\/v2\/users\/1"}],"replies":[{"embeddable":true,"href":"https:\/\/www.ecuadortimes.net\/es\/wp-json\/wp\/v2\/comments?post=246075"}],"version-history":[{"count":0,"href":"https:\/\/www.ecuadortimes.net\/es\/wp-json\/wp\/v2\/posts\/246075\/revisions"}],"wp:featuredmedia":[{"embeddable":true,"href":"https:\/\/www.ecuadortimes.net\/es\/wp-json\/wp\/v2\/media\/246076"}],"wp:attachment":[{"href":"https:\/\/www.ecuadortimes.net\/es\/wp-json\/wp\/v2\/media?parent=246075"}],"wp:term":[{"taxonomy":"category","embeddable":true,"href":"https:\/\/www.ecuadortimes.net\/es\/wp-json\/wp\/v2\/categories?post=246075"},{"taxonomy":"post_tag","embeddable":true,"href":"https:\/\/www.ecuadortimes.net\/es\/wp-json\/wp\/v2\/tags?post=246075"}],"curies":[{"name":"wp","href":"https:\/\/api.w.org\/{rel}","templated":true}]}}