{"id":246077,"date":"2017-10-13T00:00:00","date_gmt":"2017-10-13T00:00:00","guid":{"rendered":"https:\/\/www.ecuadortimes.net\/es\/agrupacion-no-admite-que-se-difunda-la-ideologia-de-genero\/"},"modified":"2017-10-13T00:00:00","modified_gmt":"2017-10-13T00:00:00","slug":"agrupacion-no-admite-que-se-difunda-la-ideologia-de-genero","status":"publish","type":"post","link":"https:\/\/www.ecuadortimes.net\/es\/agrupacion-no-admite-que-se-difunda-la-ideologia-de-genero\/","title":{"rendered":"Agrupaci\u00f3n no admite que se difunda la ideolog\u00eda de g\u00e9nero"},"content":{"rendered":"<p><img loading=\"lazy\" class=\"size-full wp-image-190488 aligncenter\" src=\"https:\/\/www.ecuadortimes.net\/es\/wp-content\/uploads\/2017\/10\/AGRUPACION_NO_ADMITE_IDEOLOGIA_DE_GENERO_ECUADORTIMES_ECUADORNEWS.jpg\" alt=\"\" width=\"762\" height=\"428\" \/><\/p>\n<p>&nbsp;<\/p>\n<p>Con la propuesta de una<a href=\"https:\/\/app.luminpdf.com\/viewer\/DbdxhaQGb4RhfbhXi\" target=\"_blank\" rel=\"nofollow noopener noreferrer\">\u00a0ley org\u00e1nica de erradicaci\u00f3n de la violencia de g\u00e9nero<\/a>\u00a0contra las mujeres, el Frente Nacional por la Familia toma m\u00e1s protagonismo. Tiene sede en Guayaquil y entre sus l\u00edderes est\u00e1\u00a0<b>C\u00e9sar Piechestein<\/b>\u008f, quien en\u00a0<b>Twitter<\/b>\u00a0es\u00a0<b>@elcuradetodos<\/b>\u00a0y de oficio, sacerdote cat\u00f3lico.<\/p>\n<p>Esta vez el pedido que hace la agrupaci\u00f3n es claro: que se elimine todo acuerdo ministerial o acci\u00f3n administrativa en el \u00e1mbito de la educaci\u00f3n y salud que obligue, imponga y\/o difunda la identidad de g\u00e9nero.<\/p>\n<p>Dentro del proyecto de ley que a\u00fan no ha sido analizado ni en primer debate, se dedica el segundo cap\u00edtulo a definiciones, una de ellas es\u00a0<b>G\u00e9nero\u009d<\/b>:<\/p>\n<p>&#8211; <b>Es una construcci\u00f3n social que se basa en la diferencia biol\u00f3gica de los sexos.\u00a0<\/b>Esta construcci\u00f3n social ha determinado lo que se considera masculino y femenino dentro de una sociedad, cultura y tiempo espec\u00edficos (&#8230;)\u009d.<\/p>\n<p><b>La clave es la familia<\/b><\/p>\n<p><b><\/b>A pesar de estas aclaraciones conceptuales el Frente asegura que las mujeres no est\u00e1n representadas en aquel proyecto legislativo porque est\u00e1 planteado desde la idea de que las mujeres mueren por que viven una sociedad patriarcal y no porque se ha diezmado a las familias\u009d.<\/p>\n<p>La causa del grupo es la defensa de estos valores y de all\u00ed que convoquen a una marcha pac\u00edfica el 14 de octubre bajo el hashtag\u00a0<b>#ConMisHijosNoTeMetas<\/b>. (I)<\/p>\n<p>&nbsp;<\/p>\n<p><a href=\"https:\/\/twitter.com\/elcuradetodos\/status\/918128147165597696\" target=\"_blank\" rel=\"noopener noreferrer\"><img loading=\"lazy\" class=\"size-full wp-image-190541 aligncenter\" src=\"https:\/\/www.ecuadortimes.net\/es\/wp-content\/uploads\/2017\/10\/IDEOLOGI\u00cc\u0081A_DE_GENERO_ECUADORTIMES_ECUADORNEWS.png\" alt=\"\" width=\"505\" height=\"730\" \/><\/a><\/p>\n<p>&nbsp;<\/p>\n<p>&nbsp;<\/p>\n<p><strong>Fuente: <\/strong><a href=\"http:\/\/www.expreso.ec\/actualidad\/genero-familia-identidad-frentenacionalporlafamilia-debate-MY1760385\" target=\"_blank\" rel=\"noopener noreferrer\">http:\/\/www.expreso.ec\/actualidad\/genero-familia-identidad-frentenacionalporlafamilia-debate-MY1760385<\/a><\/p>\n","protected":false},"excerpt":{"rendered":"<p>&nbsp; Con la propuesta de una\u00a0ley org\u00e1nica de erradicaci\u00f3n de la violencia de g\u00e9nero\u00a0contra las mujeres, el Frente Nacional por la Familia toma m\u00e1s protagonismo. Tiene sede en Guayaquil y entre sus l\u00edderes est\u00e1\u00a0C\u00e9sar Piechestein\u008f, quien en\u00a0Twitter\u00a0es\u00a0@elcuradetodos\u00a0y de oficio, sacerdote cat\u00f3lico. Esta vez el pedido que hace la agrupaci\u00f3n es claro: que se elimine todo acuerdo ministerial o acci\u00f3n administrativa en el \u00e1mbito de la educaci\u00f3n y salud que obligue, imponga y\/o difunda la identidad de g\u00e9nero. Dentro del proyecto de ley que a\u00fan no ha sido analizado ni en primer debate, se dedica el segundo cap\u00edtulo a definiciones, una de ellas es\u00a0G\u00e9nero\u009d: &#8211; Es una construcci\u00f3n social que se basa en la diferencia biol\u00f3gica de los sexos.\u00a0Esta construcci\u00f3n social ha determinado lo que se considera masculino y femenino dentro de una sociedad, cultura y tiempo espec\u00edficos (&#8230;)\u009d. La clave es la familia A pesar de estas aclaraciones conceptuales el Frente asegura que las mujeres no est\u00e1n representadas en aquel proyecto legislativo porque est\u00e1 planteado desde la idea de que las mujeres mueren por que viven una sociedad patriarcal y no porque se ha diezmado a las familias\u009d. La causa del grupo es la defensa de estos valores y de all\u00ed que convoquen a una marcha pac\u00edfica el 14 de octubre bajo el hashtag\u00a0#ConMisHijosNoTeMetas. (I) &nbsp; &nbsp; &nbsp; Fuente: http:\/\/www.expreso.ec\/actualidad\/genero-familia-identidad-frentenacionalporlafamilia-debate-MY1760385<\/p>\n","protected":false},"author":1,"featured_media":246078,"comment_status":"open","ping_status":"open","sticky":false,"template":"","format":"standard","meta":[],"categories":[54,32,51,40,35],"tags":[],"_links":{"self":[{"href":"https:\/\/www.ecuadortimes.net\/es\/wp-json\/wp\/v2\/posts\/246077"}],"collection":[{"href":"https:\/\/www.ecuadortimes.net\/es\/wp-json\/wp\/v2\/posts"}],"about":[{"href":"https:\/\/www.ecuadortimes.net\/es\/wp-json\/wp\/v2\/types\/post"}],"author":[{"embeddable":true,"href":"https:\/\/www.ecuadortimes.net\/es\/wp-json\/wp\/v2\/users\/1"}],"replies":[{"embeddable":true,"href":"https:\/\/www.ecuadortimes.net\/es\/wp-json\/wp\/v2\/comments?post=246077"}],"version-history":[{"count":0,"href":"https:\/\/www.ecuadortimes.net\/es\/wp-json\/wp\/v2\/posts\/246077\/revisions"}],"wp:featuredmedia":[{"embeddable":true,"href":"https:\/\/www.ecuadortimes.net\/es\/wp-json\/wp\/v2\/media\/246078"}],"wp:attachment":[{"href":"https:\/\/www.ecuadortimes.net\/es\/wp-json\/wp\/v2\/media?parent=246077"}],"wp:term":[{"taxonomy":"category","embeddable":true,"href":"https:\/\/www.ecuadortimes.net\/es\/wp-json\/wp\/v2\/categories?post=246077"},{"taxonomy":"post_tag","embeddable":true,"href":"https:\/\/www.ecuadortimes.net\/es\/wp-json\/wp\/v2\/tags?post=246077"}],"curies":[{"name":"wp","href":"https:\/\/api.w.org\/{rel}","templated":true}]}}