{"id":246083,"date":"2017-10-13T00:00:00","date_gmt":"2017-10-13T00:00:00","guid":{"rendered":"https:\/\/www.ecuadortimes.net\/es\/la-asamblea-cita-al-fiscal-por-sorpresa\/"},"modified":"2017-10-13T00:00:00","modified_gmt":"2017-10-13T00:00:00","slug":"la-asamblea-cita-al-fiscal-por-sorpresa","status":"publish","type":"post","link":"https:\/\/www.ecuadortimes.net\/es\/la-asamblea-cita-al-fiscal-por-sorpresa\/","title":{"rendered":"La Asamblea cita al fiscal por sorpresa"},"content":{"rendered":"<p><img loading=\"lazy\" class=\"size-full wp-image-190490 aligncenter\" src=\"https:\/\/www.ecuadortimes.net\/es\/wp-content\/uploads\/2017\/10\/ASAMBLEA_CITA_FISCAL_SORPRESA_ECUADORTIMES_ECUADORNEWS.jpg\" alt=\"\" width=\"762\" height=\"428\" \/><\/p>\n<p>&nbsp;<\/p>\n<p>Cuatro d\u00edas antes de que el fiscal de la naci\u00f3n, <strong>Carlos Baca Mancheno<\/strong>, se pronuncie sobre la acusaci\u00f3n o no del vicepresidente de la <strong>Rep\u00fablica, Jorge Glas<\/strong>, en el caso de asociaci\u00f3n il\u00edcita que investiga a 18 personas en la trama de Odebrecht, el funcionario fue citado para hoy a la Asamblea.<\/p>\n<p>Baca Mancheno deber\u00e1 responder a las preguntas que se le formulen desde <strong>las comisiones de Fiscalizaci\u00f3n y de Justicia<\/strong>. Los organismos fueron designados por el <strong>Consejo de Administraci\u00f3n Legislativa (CAL)<\/strong>, para que reciban informaci\u00f3n sobre las investigaciones de los casos de corrupci\u00f3n Odebrecht y Petroecuador.<\/p>\n<p>Desde el oficialismo justifican la presencia, mientras que en la oposici\u00f3n se habla de que esto puede ser interpretado como un ejercicio de presi\u00f3n.<\/p>\n<p>Me llama la atenci\u00f3n que se haya hecho la convocatoria del fiscal cuando faltan pocos d\u00edas para la gran audiencia en la Corte Nacional de Justicia en la que Baca deber\u00e1 acusar o abstenerse de hacerlo en el proceso que se ventila contra el vicepresidente\u009d, manifest\u00f3 a EXPRESO el asamble\u00edsta Luis Fernando Torres (PSC). Y va m\u00e1s all\u00e1. Considera que si Baca responde sobre un tema probatorio p\u00fablico, lo que diga puede ser interpretado en el momento de la audiencia.<\/p>\n<p>Criterio que no es compartido por la presidenta de la Comisi\u00f3n de Justicia, Marcela Agui\u00f1aga. A sus ojos, el fiscal debe saber cu\u00e1les son sus atribuciones y sus competencias, y que podr\u00e1 precisar lo que la etapa procesal le permite. Lo que est\u00e1 en indagaci\u00f3n previa no podr\u00e1 comunicarlo\u009d, sostuvo la legisladora.<\/p>\n<p>Al respecto, la titular de la Comisi\u00f3n de Fiscalizaci\u00f3n, Mar\u00eda Jos\u00e9 Carri\u00f3n, indic\u00f3 que lo que se busca es conocer todo sobre las investigaciones en el tema Odebrecht, tomando en consideraci\u00f3n, dijo, que es un caso que necesita ser explicado al detalle. La Asamblea debe tener la informaci\u00f3n adecuada, clara, oportuna\u009d, afirm\u00f3.<\/p>\n<p>El asamble\u00edsta de oposici\u00f3n Homero Castanier, de CREO, piensa que el llamado al fiscal no es procedente, ya que puede presumir que es citado para presionarlo.<\/p>\n<p>Adem\u00e1s critic\u00f3 que la convocatoria a los asamble\u00edstas se haya hecho con tan poco tiempo, reci\u00e9n ayer en la ma\u00f1ana. (I)<\/p>\n<p>&nbsp;<\/p>\n<p>&nbsp;<\/p>\n<p><strong>Fuente: <\/strong><a href=\"http:\/\/www.expreso.ec\/actualidad\/la-asamblea-cita-al-fiscal-por-sorpresa-NB1762917\" target=\"_blank\" rel=\"noopener noreferrer\">http:\/\/www.expreso.ec\/actualidad\/la-asamblea-cita-al-fiscal-por-sorpresa-NB1762917<\/a><\/p>\n","protected":false},"excerpt":{"rendered":"<p>&nbsp; Cuatro d\u00edas antes de que el fiscal de la naci\u00f3n, Carlos Baca Mancheno, se pronuncie sobre la acusaci\u00f3n o no del vicepresidente de la Rep\u00fablica, Jorge Glas, en el caso de asociaci\u00f3n il\u00edcita que investiga a 18 personas en la trama de Odebrecht, el funcionario fue citado para hoy a la Asamblea. Baca Mancheno deber\u00e1 responder a las preguntas que se le formulen desde las comisiones de Fiscalizaci\u00f3n y de Justicia. Los organismos fueron designados por el Consejo de Administraci\u00f3n Legislativa (CAL), para que reciban informaci\u00f3n sobre las investigaciones de los casos de corrupci\u00f3n Odebrecht y Petroecuador. Desde el oficialismo justifican la presencia, mientras que en la oposici\u00f3n se habla de que esto puede ser interpretado como un ejercicio de presi\u00f3n. Me llama la atenci\u00f3n que se haya hecho la convocatoria del fiscal cuando faltan pocos d\u00edas para la gran audiencia en la Corte Nacional de Justicia en la que Baca deber\u00e1 acusar o abstenerse de hacerlo en el proceso que se ventila contra el vicepresidente\u009d, manifest\u00f3 a EXPRESO el asamble\u00edsta Luis Fernando Torres (PSC). Y va m\u00e1s all\u00e1. Considera que si Baca responde sobre un tema probatorio p\u00fablico, lo que diga puede ser interpretado en el momento de la audiencia. Criterio que no es compartido por la presidenta de la Comisi\u00f3n de Justicia, Marcela Agui\u00f1aga. A sus ojos, el fiscal debe saber cu\u00e1les son sus atribuciones y sus competencias, y que podr\u00e1 precisar lo que la etapa procesal le permite. Lo que est\u00e1 en indagaci\u00f3n previa no podr\u00e1 comunicarlo\u009d, sostuvo la legisladora. Al respecto, la titular de la Comisi\u00f3n de Fiscalizaci\u00f3n, Mar\u00eda Jos\u00e9 Carri\u00f3n, indic\u00f3 que lo que se busca es conocer todo sobre las investigaciones en el tema Odebrecht, tomando en consideraci\u00f3n, dijo, que es un caso que necesita ser explicado al detalle. La Asamblea debe tener la informaci\u00f3n adecuada, clara, oportuna\u009d, afirm\u00f3. El asamble\u00edsta de oposici\u00f3n Homero Castanier, de CREO, piensa que el llamado al fiscal no es procedente, ya que puede presumir que es citado para presionarlo. Adem\u00e1s critic\u00f3 que la convocatoria a los asamble\u00edstas se haya hecho con tan poco tiempo, reci\u00e9n ayer en la ma\u00f1ana. (I) &nbsp; &nbsp; Fuente: http:\/\/www.expreso.ec\/actualidad\/la-asamblea-cita-al-fiscal-por-sorpresa-NB1762917<\/p>\n","protected":false},"author":1,"featured_media":246084,"comment_status":"open","ping_status":"open","sticky":false,"template":"","format":"standard","meta":[],"categories":[54,32,40,35,46],"tags":[],"_links":{"self":[{"href":"https:\/\/www.ecuadortimes.net\/es\/wp-json\/wp\/v2\/posts\/246083"}],"collection":[{"href":"https:\/\/www.ecuadortimes.net\/es\/wp-json\/wp\/v2\/posts"}],"about":[{"href":"https:\/\/www.ecuadortimes.net\/es\/wp-json\/wp\/v2\/types\/post"}],"author":[{"embeddable":true,"href":"https:\/\/www.ecuadortimes.net\/es\/wp-json\/wp\/v2\/users\/1"}],"replies":[{"embeddable":true,"href":"https:\/\/www.ecuadortimes.net\/es\/wp-json\/wp\/v2\/comments?post=246083"}],"version-history":[{"count":0,"href":"https:\/\/www.ecuadortimes.net\/es\/wp-json\/wp\/v2\/posts\/246083\/revisions"}],"wp:featuredmedia":[{"embeddable":true,"href":"https:\/\/www.ecuadortimes.net\/es\/wp-json\/wp\/v2\/media\/246084"}],"wp:attachment":[{"href":"https:\/\/www.ecuadortimes.net\/es\/wp-json\/wp\/v2\/media?parent=246083"}],"wp:term":[{"taxonomy":"category","embeddable":true,"href":"https:\/\/www.ecuadortimes.net\/es\/wp-json\/wp\/v2\/categories?post=246083"},{"taxonomy":"post_tag","embeddable":true,"href":"https:\/\/www.ecuadortimes.net\/es\/wp-json\/wp\/v2\/tags?post=246083"}],"curies":[{"name":"wp","href":"https:\/\/api.w.org\/{rel}","templated":true}]}}