{"id":246087,"date":"2017-10-16T00:00:00","date_gmt":"2017-10-16T00:00:00","guid":{"rendered":"https:\/\/www.ecuadortimes.net\/es\/el-vicepresidente-jorge-glas-seguira-preso-en-quito\/"},"modified":"2017-10-16T00:00:00","modified_gmt":"2017-10-16T00:00:00","slug":"el-vicepresidente-jorge-glas-seguira-preso-en-quito","status":"publish","type":"post","link":"https:\/\/www.ecuadortimes.net\/es\/el-vicepresidente-jorge-glas-seguira-preso-en-quito\/","title":{"rendered":"El vicepresidente Jorge Glas seguir\u00e1 preso en Quito"},"content":{"rendered":"<p><img loading=\"lazy\" class=\"size-full wp-image-190569 aligncenter\" src=\"https:\/\/www.ecuadortimes.net\/es\/wp-content\/uploads\/2017\/10\/VICEPRESIDENTE_SEGUIRA_PRESO_EN_QUITO_ECUADORTIMES_ECUADORNEWS.jpg\" alt=\"\" width=\"762\" height=\"428\" \/><\/p>\n<p>&nbsp;<\/p>\n<p>El vicepresidente de la Rep\u00fablica, <strong>Jorge Glas<\/strong>, seguir\u00e1 detenido. <strong>El Tribunal de la Corte Nacional de Justicia (CNJ)<\/strong> neg\u00f3 por improcedente el pedido de habeas corpus presentado por Eduardo Franco, abogado del segundo mandatario.<\/p>\n<p>La jueza ponente Rosa \u00c3\u0081lvarez, luego de una deliberaci\u00f3n de cerca de cincuenta minutos con los magistrados Asdr\u00faval Granizo y Mark Benav\u00eddez, ratific\u00f3 la orden de prisi\u00f3n en contra de Glas dictada por el juez Miguel Jurado.<\/p>\n<p>Tras escuchar a las partes, los magistrados deliberaron a puerta cerrada en el segundo piso del edificio de la Corte. Ni en su petici\u00f3n ni durante esta audiencia el solicitante pudo determinar que la detenci\u00f3n sea ilegal e ileg\u00edtima, ya que fue ordenada por un juez competente y no se han violentado normas del debido proceso\u009d, afirm\u00f3 \u00c3\u0081lvarez, antes de denegar la solicitud.<\/p>\n<p>La reacci\u00f3n no se hizo esperar. Eduardo Franco anunci\u00f3 que apelar\u00e1 el fallo ante el superior y que agotar\u00e1n todas las instancias nacionales e internacionales para demostrar que se est\u00e1 cometiendo una injusticia en contra del vicepresidente Jorge Glas.<\/p>\n<p>La sentencia es diminuta, injusta, arbitraria e inconstitucional, porque en la audiencia demostramos la flagrante violaci\u00f3n a los derechos humanos, a su independencia y libertad. Por esto vamos a apelar de manera inmediata esta decisi\u00f3n\u009d, afirm\u00f3 Franco.<\/p>\n<p>Yo estoy preso sin una sola prueba en mi contra. No hay nada que me vincule\u009d, asever\u00f3 el vicepresidente Glas, quien intervino por cerca de ocho minutos. Insisti\u00f3 en que su detenci\u00f3n se debe a la presi\u00f3n medi\u00e1tica y a que el tema se ha vuelto pol\u00edtico m\u00e1s que jur\u00eddico.<\/p>\n<p>Estoy consciente de que voy a ser acusado en el juicio de asociaci\u00f3n il\u00edcita por la presi\u00f3n medi\u00e1tica\u009d, asever\u00f3 Glas.<\/p>\n<p>&nbsp;<\/p>\n<p><i><b>Juez ser\u00e1 acusado de prevaricato<\/b><\/i><\/p>\n<p>Una nueva acci\u00f3n en contra del juez Miguel Jurado se presentar\u00e1 hoy en la Corte de Justicia. Eduardo Franco lo acusar\u00e1 de prevaricato. El jurista argumenta que el magistrado adelant\u00f3 criterio al haber anunciado una posible fuga de su defendido.<\/p>\n<p>El riesgo de fuga no puede ser potencial, sino comprobado\u009d, sostuvo Franco. Anunci\u00f3 que llevar\u00e1 el caso del vicepresidente Glas a instancias internacionales por las ilegalidades\u009d cometidas.<\/p>\n<p>El juez tambi\u00e9n fue recusado por la defensa del segundo mandatario, acusado de falta de idoneidad en el desempe\u00f1o de sus funciones en este caso. (I)<\/p>\n<p>&nbsp;<\/p>\n<p>&nbsp;<\/p>\n<p>&nbsp;<\/p>\n<p><strong>Fuente: <\/strong><a href=\"http:\/\/www.expreso.ec\/actualidad\/el-vicepresidente-jorge-glas-seguira-preso-en-quito-BA1772542\" target=\"_blank\" rel=\"noopener noreferrer\">http:\/\/www.expreso.ec\/<wbr \/>actualidad\/el-vicepresidente-<wbr \/>jorge-glas-seguira-preso-en-<wbr \/>quito-BA1772542<\/a><\/p>\n","protected":false},"excerpt":{"rendered":"<p>&nbsp; El vicepresidente de la Rep\u00fablica, Jorge Glas, seguir\u00e1 detenido. El Tribunal de la Corte Nacional de Justicia (CNJ) neg\u00f3 por improcedente el pedido de habeas corpus presentado por Eduardo Franco, abogado del segundo mandatario. La jueza ponente Rosa \u00c3\u0081lvarez, luego de una deliberaci\u00f3n de cerca de cincuenta minutos con los magistrados Asdr\u00faval Granizo y Mark Benav\u00eddez, ratific\u00f3 la orden de prisi\u00f3n en contra de Glas dictada por el juez Miguel Jurado. Tras escuchar a las partes, los magistrados deliberaron a puerta cerrada en el segundo piso del edificio de la Corte. Ni en su petici\u00f3n ni durante esta audiencia el solicitante pudo determinar que la detenci\u00f3n sea ilegal e ileg\u00edtima, ya que fue ordenada por un juez competente y no se han violentado normas del debido proceso\u009d, afirm\u00f3 \u00c3\u0081lvarez, antes de denegar la solicitud. La reacci\u00f3n no se hizo esperar. Eduardo Franco anunci\u00f3 que apelar\u00e1 el fallo ante el superior y que agotar\u00e1n todas las instancias nacionales e internacionales para demostrar que se est\u00e1 cometiendo una injusticia en contra del vicepresidente Jorge Glas. La sentencia es diminuta, injusta, arbitraria e inconstitucional, porque en la audiencia demostramos la flagrante violaci\u00f3n a los derechos humanos, a su independencia y libertad. Por esto vamos a apelar de manera inmediata esta decisi\u00f3n\u009d, afirm\u00f3 Franco. Yo estoy preso sin una sola prueba en mi contra. No hay nada que me vincule\u009d, asever\u00f3 el vicepresidente Glas, quien intervino por cerca de ocho minutos. Insisti\u00f3 en que su detenci\u00f3n se debe a la presi\u00f3n medi\u00e1tica y a que el tema se ha vuelto pol\u00edtico m\u00e1s que jur\u00eddico. Estoy consciente de que voy a ser acusado en el juicio de asociaci\u00f3n il\u00edcita por la presi\u00f3n medi\u00e1tica\u009d, asever\u00f3 Glas. &nbsp; Juez ser\u00e1 acusado de prevaricato Una nueva acci\u00f3n en contra del juez Miguel Jurado se presentar\u00e1 hoy en la Corte de Justicia. Eduardo Franco lo acusar\u00e1 de prevaricato. El jurista argumenta que el magistrado adelant\u00f3 criterio al haber anunciado una posible fuga de su defendido. El riesgo de fuga no puede ser potencial, sino comprobado\u009d, sostuvo Franco. Anunci\u00f3 que llevar\u00e1 el caso del vicepresidente Glas a instancias internacionales por las ilegalidades\u009d cometidas. El juez tambi\u00e9n fue recusado por la defensa del segundo mandatario, acusado de falta de idoneidad en el desempe\u00f1o de sus funciones en este caso. (I) &nbsp; &nbsp; &nbsp; Fuente: http:\/\/www.expreso.ec\/actualidad\/el-vicepresidente-jorge-glas-seguira-preso-en-quito-BA1772542<\/p>\n","protected":false},"author":1,"featured_media":246088,"comment_status":"open","ping_status":"open","sticky":false,"template":"","format":"standard","meta":[],"categories":[54,32,40,56,46],"tags":[],"_links":{"self":[{"href":"https:\/\/www.ecuadortimes.net\/es\/wp-json\/wp\/v2\/posts\/246087"}],"collection":[{"href":"https:\/\/www.ecuadortimes.net\/es\/wp-json\/wp\/v2\/posts"}],"about":[{"href":"https:\/\/www.ecuadortimes.net\/es\/wp-json\/wp\/v2\/types\/post"}],"author":[{"embeddable":true,"href":"https:\/\/www.ecuadortimes.net\/es\/wp-json\/wp\/v2\/users\/1"}],"replies":[{"embeddable":true,"href":"https:\/\/www.ecuadortimes.net\/es\/wp-json\/wp\/v2\/comments?post=246087"}],"version-history":[{"count":0,"href":"https:\/\/www.ecuadortimes.net\/es\/wp-json\/wp\/v2\/posts\/246087\/revisions"}],"wp:featuredmedia":[{"embeddable":true,"href":"https:\/\/www.ecuadortimes.net\/es\/wp-json\/wp\/v2\/media\/246088"}],"wp:attachment":[{"href":"https:\/\/www.ecuadortimes.net\/es\/wp-json\/wp\/v2\/media?parent=246087"}],"wp:term":[{"taxonomy":"category","embeddable":true,"href":"https:\/\/www.ecuadortimes.net\/es\/wp-json\/wp\/v2\/categories?post=246087"},{"taxonomy":"post_tag","embeddable":true,"href":"https:\/\/www.ecuadortimes.net\/es\/wp-json\/wp\/v2\/tags?post=246087"}],"curies":[{"name":"wp","href":"https:\/\/api.w.org\/{rel}","templated":true}]}}