{"id":246089,"date":"2017-10-16T00:00:00","date_gmt":"2017-10-16T00:00:00","guid":{"rendered":"https:\/\/www.ecuadortimes.net\/es\/el-genero-se-elimina-del-polemico-proyecto-de-ley\/"},"modified":"2017-10-16T00:00:00","modified_gmt":"2017-10-16T00:00:00","slug":"el-genero-se-elimina-del-polemico-proyecto-de-ley","status":"publish","type":"post","link":"https:\/\/www.ecuadortimes.net\/es\/el-genero-se-elimina-del-polemico-proyecto-de-ley\/","title":{"rendered":"El g\u00e9nero se elimina del pol\u00e9mico proyecto de ley"},"content":{"rendered":"<p><img loading=\"lazy\" class=\"size-full wp-image-190567 aligncenter\" src=\"https:\/\/www.ecuadortimes.net\/es\/wp-content\/uploads\/2017\/10\/PROYECTO_DE_LEY_ELMINAR_GENERO_ECUADORTIMES_ECUADORNEWS.jpg\" alt=\"\" width=\"762\" height=\"428\" \/><\/p>\n<p>&nbsp;<\/p>\n<p>Para cuando llegue al pleno de la\u00a0<b>Asamblea Nacional<\/b>, el proyecto de Ley Org\u00e1nica de Erradicaci\u00f3n de Violencia de G\u00e9nero Contra la Mujer habr\u00e1 perdido cuatro de los literales que la conformaban.<\/p>\n<p>La Comisi\u00f3n Ocasional, que lleva a cabo su tratamiento, elimin\u00f3 del texto los literales b, c y d del art\u00edculo 6, que recog\u00edan la\u00a0<b>autodeterminaci\u00f3n sexual\u00a0<\/b>y de<b>g\u00e9nero<\/b>, l<b>a identidad de g\u00e9nero<\/b>\u00a0y<b>\u00a0la orientaci\u00f3n sexual.<\/b>\u00a0En el art\u00edculo 4, en cambio, la agrupaci\u00f3n removi\u00f3 la frase las mujeres de orientaciones sexuales e identidades de g\u00e9nero diversas\u009d, cambiando as\u00ed los sujetos de protecci\u00f3n que la compon\u00edan.<\/p>\n<p><b>M\u00f3nica Alem\u00e1n<\/b>, primera vocal de la mesa legislativa ocasional, precis\u00f3 que los cambios se propusieron no a ra\u00edz de los pedidos de los<b>\u00a0grupos cat\u00f3licos, evang\u00e9licos y provida<\/b>, sino tras determinar que detra\u00edan la atenci\u00f3n del esp\u00edritu de la ley, que es la erradicaci\u00f3n de la violencia\u009d.<\/p>\n<p>Con ella concord\u00f3 la legisladora\u00a0<b>Marcela Holgu\u00edn<\/b>, quien se\u00f1al\u00f3 que aunque la identidad de g\u00e9nero es un tema de debate necesario, fue eliminado del proyecto de ley porque se trata de una violencia absolutamente distinta la que se ejerce en contra de la mujer\u009d.<\/p>\n<p>El informe para el primer debate en el pleno de la Asamblea se entregar\u00e1 esta semana. Pese a los cambios, el texto se entregar\u00e1 con el<b>\u00a0pol\u00e9mico art\u00edculo 19<\/b>\u00a0que dictamina, como medida de prevenci\u00f3n contra la violencia, la implementaci\u00f3n del enfoque de g\u00e9nero en las mallas curriculares a nivel nacional.<\/p>\n<p>Este apartado fue uno de los motivos tras la marcha<b>\u00a0\u0098Con mis hijos no te metas\u0099<\/b>, que se realiz\u00f3 el s\u00e1bado y que sum\u00f3 a miles de personas en 24 ciudades del pa\u00eds. Para los religiosos y los grupos profamilia que acudieron al encuentro, el dictamen ofrece un vac\u00edo legal en el que, consideran, se podr\u00eda incluir el tratamiento de la identidad de g\u00e9nero, precepto con el que est\u00e1n en desacuerdo.<\/p>\n<p>Para permanecer dentro del proyecto de ley, consider\u00f3 Ileana Mej\u00eda, abogada del<b>Frente Nacional por la Familia<\/b>, se debe especificar exactamente qu\u00e9 se ense\u00f1ar\u00e1 dentro del concepto de enfoque de g\u00e9nero.<\/p>\n<p>No puede quedar la m\u00ednima duda. Cualquier contenido que pueda influenciar el\u00a0<b>desarrollo integral del ni\u00f1o\u00a0<\/b>debe ser retirado. Si se eliminan esos contenidos nos quedar\u00edamos tranquilos\u009d, se\u00f1al\u00f3. La Comisi\u00f3n Ocasional estableci\u00f3 que, tras el primer debate, el informe nuevamente se socializar\u00e1 para incluir aportes de las organizaciones civiles.<\/p>\n<p><i><b>Dos frentes opuestos, una ley<\/b><\/i><\/p>\n<p>A favor y en contra. Tras la marcha, seguidores de ambos lados se manifestaron en redes sociales y lanzaron opiniones sobre la caminata. El padre C\u00e9sar Piechestein, vocero de la Arquidi\u00f3cesis de Guayaquil, tild\u00f3 el encuentro de exitoso y se\u00f1al\u00f3 que los legisladores deber\u00e1n tomar en cuenta la opini\u00f3n de este segmento de la ciudadan\u00eda antes de aprobar el proyecto de ley.<\/p>\n<p>Mientras tanto otros, como la activista por la paz, Nelsa Curbelo, la tildaron de err\u00f3nea. Hubiera sido m\u00e1s constructivo, que en cada iglesia se crearan mesas de di\u00e1logo sobre la violencia contra la mujer&#8230; y se hicieran propuestas que mejoren el borrador\u009d, apunt\u00f3. (I)<\/p>\n<p>&nbsp;<\/p>\n<p>&nbsp;<\/p>\n<p><strong>Fuente: <\/strong><a href=\"http:\/\/www.expreso.ec\/actualidad\/el-genero-se-elimina-del-polemico-proyecto-de-ley-XA1772514\" target=\"_blank\" rel=\"noopener noreferrer\" data-saferedirecturl=\"https:\/\/www.google.com\/url?hl=es&amp;q=http:\/\/www.expreso.ec\/actualidad\/el-genero-se-elimina-del-polemico-proyecto-de-ley-XA1772514&amp;source=gmail&amp;ust=1508249257725000&amp;usg=AFQjCNFJy34gfSJlnfx8Q2DRrh0QJg4RPg\">http:\/\/www.expreso.ec\/<wbr \/>actualidad\/el-genero-se-<wbr \/>elimina-del-polemico-proyecto-<wbr \/>de-ley-XA1772514<\/a><\/p>\n","protected":false},"excerpt":{"rendered":"<p>&nbsp; Para cuando llegue al pleno de la\u00a0Asamblea Nacional, el proyecto de Ley Org\u00e1nica de Erradicaci\u00f3n de Violencia de G\u00e9nero Contra la Mujer habr\u00e1 perdido cuatro de los literales que la conformaban. La Comisi\u00f3n Ocasional, que lleva a cabo su tratamiento, elimin\u00f3 del texto los literales b, c y d del art\u00edculo 6, que recog\u00edan la\u00a0autodeterminaci\u00f3n sexual\u00a0y deg\u00e9nero, la identidad de g\u00e9nero\u00a0y\u00a0la orientaci\u00f3n sexual.\u00a0En el art\u00edculo 4, en cambio, la agrupaci\u00f3n removi\u00f3 la frase las mujeres de orientaciones sexuales e identidades de g\u00e9nero diversas\u009d, cambiando as\u00ed los sujetos de protecci\u00f3n que la compon\u00edan. M\u00f3nica Alem\u00e1n, primera vocal de la mesa legislativa ocasional, precis\u00f3 que los cambios se propusieron no a ra\u00edz de los pedidos de los\u00a0grupos cat\u00f3licos, evang\u00e9licos y provida, sino tras determinar que detra\u00edan la atenci\u00f3n del esp\u00edritu de la ley, que es la erradicaci\u00f3n de la violencia\u009d. Con ella concord\u00f3 la legisladora\u00a0Marcela Holgu\u00edn, quien se\u00f1al\u00f3 que aunque la identidad de g\u00e9nero es un tema de debate necesario, fue eliminado del proyecto de ley porque se trata de una violencia absolutamente distinta la que se ejerce en contra de la mujer\u009d. El informe para el primer debate en el pleno de la Asamblea se entregar\u00e1 esta semana. Pese a los cambios, el texto se entregar\u00e1 con el\u00a0pol\u00e9mico art\u00edculo 19\u00a0que dictamina, como medida de prevenci\u00f3n contra la violencia, la implementaci\u00f3n del enfoque de g\u00e9nero en las mallas curriculares a nivel nacional. Este apartado fue uno de los motivos tras la marcha\u00a0\u0098Con mis hijos no te metas\u0099, que se realiz\u00f3 el s\u00e1bado y que sum\u00f3 a miles de personas en 24 ciudades del pa\u00eds. Para los religiosos y los grupos profamilia que acudieron al encuentro, el dictamen ofrece un vac\u00edo legal en el que, consideran, se podr\u00eda incluir el tratamiento de la identidad de g\u00e9nero, precepto con el que est\u00e1n en desacuerdo. Para permanecer dentro del proyecto de ley, consider\u00f3 Ileana Mej\u00eda, abogada delFrente Nacional por la Familia, se debe especificar exactamente qu\u00e9 se ense\u00f1ar\u00e1 dentro del concepto de enfoque de g\u00e9nero. No puede quedar la m\u00ednima duda. Cualquier contenido que pueda influenciar el\u00a0desarrollo integral del ni\u00f1o\u00a0debe ser retirado. Si se eliminan esos contenidos nos quedar\u00edamos tranquilos\u009d, se\u00f1al\u00f3. La Comisi\u00f3n Ocasional estableci\u00f3 que, tras el primer debate, el informe nuevamente se socializar\u00e1 para incluir aportes de las organizaciones civiles. Dos frentes opuestos, una ley A favor y en contra. Tras la marcha, seguidores de ambos lados se manifestaron en redes sociales y lanzaron opiniones sobre la caminata. El padre C\u00e9sar Piechestein, vocero de la Arquidi\u00f3cesis de Guayaquil, tild\u00f3 el encuentro de exitoso y se\u00f1al\u00f3 que los legisladores deber\u00e1n tomar en cuenta la opini\u00f3n de este segmento de la ciudadan\u00eda antes de aprobar el proyecto de ley. Mientras tanto otros, como la activista por la paz, Nelsa Curbelo, la tildaron de err\u00f3nea. Hubiera sido m\u00e1s constructivo, que en cada iglesia se crearan mesas de di\u00e1logo sobre la violencia contra la mujer&#8230; y se hicieran propuestas que mejoren el borrador\u009d, apunt\u00f3. (I) &nbsp; &nbsp; Fuente: http:\/\/www.expreso.ec\/actualidad\/el-genero-se-elimina-del-polemico-proyecto-de-ley-XA1772514<\/p>\n","protected":false},"author":1,"featured_media":246090,"comment_status":"open","ping_status":"open","sticky":false,"template":"","format":"standard","meta":[],"categories":[54,32,40,35],"tags":[],"_links":{"self":[{"href":"https:\/\/www.ecuadortimes.net\/es\/wp-json\/wp\/v2\/posts\/246089"}],"collection":[{"href":"https:\/\/www.ecuadortimes.net\/es\/wp-json\/wp\/v2\/posts"}],"about":[{"href":"https:\/\/www.ecuadortimes.net\/es\/wp-json\/wp\/v2\/types\/post"}],"author":[{"embeddable":true,"href":"https:\/\/www.ecuadortimes.net\/es\/wp-json\/wp\/v2\/users\/1"}],"replies":[{"embeddable":true,"href":"https:\/\/www.ecuadortimes.net\/es\/wp-json\/wp\/v2\/comments?post=246089"}],"version-history":[{"count":0,"href":"https:\/\/www.ecuadortimes.net\/es\/wp-json\/wp\/v2\/posts\/246089\/revisions"}],"wp:featuredmedia":[{"embeddable":true,"href":"https:\/\/www.ecuadortimes.net\/es\/wp-json\/wp\/v2\/media\/246090"}],"wp:attachment":[{"href":"https:\/\/www.ecuadortimes.net\/es\/wp-json\/wp\/v2\/media?parent=246089"}],"wp:term":[{"taxonomy":"category","embeddable":true,"href":"https:\/\/www.ecuadortimes.net\/es\/wp-json\/wp\/v2\/categories?post=246089"},{"taxonomy":"post_tag","embeddable":true,"href":"https:\/\/www.ecuadortimes.net\/es\/wp-json\/wp\/v2\/tags?post=246089"}],"curies":[{"name":"wp","href":"https:\/\/api.w.org\/{rel}","templated":true}]}}