{"id":246113,"date":"2017-10-17T00:00:00","date_gmt":"2017-10-17T00:00:00","guid":{"rendered":"https:\/\/www.ecuadortimes.net\/es\/empresarios-y-dirigentes-piden-aterrizar-los-dialogos\/"},"modified":"2017-10-17T00:00:00","modified_gmt":"2017-10-17T00:00:00","slug":"empresarios-y-dirigentes-piden-aterrizar-los-dialogos","status":"publish","type":"post","link":"https:\/\/www.ecuadortimes.net\/es\/empresarios-y-dirigentes-piden-aterrizar-los-dialogos\/","title":{"rendered":"Empresarios y dirigentes piden aterrizar los di\u00e1logos"},"content":{"rendered":"<p><img loading=\"lazy\" class=\"size-full wp-image-190605 aligncenter\" src=\"https:\/\/www.ecuadortimes.net\/es\/wp-content\/uploads\/2017\/10\/EMPRESARIOS_DIRIGENTES_PIDEN_ATERRIZAR_DIALOGOS_ECUADORTIMES_ECUADORNEWS.jpeg\" alt=\"\" width=\"612\" height=\"340\" \/><\/p>\n<p>&nbsp;<\/p>\n<p>Los sectores sociales y pol\u00edticos buscan que el Gobierno concrete los aportes que hicieron durante los di\u00e1logos que convoc\u00f3 el presidente <strong>Len\u00edn Moreno<\/strong>. Este viernes 20 de octubre de 2017 se cumplir\u00e1n cuatro meses desde que ese proceso se inici\u00f3. Uno de los sectores que <strong>respondi\u00f3 al llamado fue el empresarial. <\/strong><\/p>\n<p>La C\u00e1mara de Industrias y Producci\u00f3n se pronunci\u00f3 en torno a las medidas econ\u00f3micas que adopt\u00f3 Moreno, con base en esos di\u00e1logos. <em><strong>No estamos satisfechos, porque nos preocupa que las medidas, a pesar de que contienen instrumentos positivos, no solucionan los problemas estructurarles<\/strong><\/em>\u009d, dijo Richard Mart\u00ednez, titular de la C\u00e1mara. Por ejemplo -agreg\u00f3- en lo que tiene que ver con la productividad y competitividad de las empresas. Con esto (plan econ\u00f3mico), no se va a dar\u009d.<\/p>\n<p>La respuesta del Primer Mandatario se conoci\u00f3 anoche, 16 de octubre, en el programa semanal \u0098El Gobierno Informa\u0099. Ah\u00ed anunci\u00f3 la implementaci\u00f3n de otro espacio de di\u00e1logo: una mesa de competitividad, precisamente para acoger las otras demandas que no fueron incluidas en el primer paquete de medidas econ\u00f3micas. \u00bfPor qu\u00e9? Porque el di\u00e1logo no termina nunca. Junto al sector privado haremos realidad las propuestas del Consejo Consultivo, Productivo y Tributario\u009d, manifest\u00f3 el Jefe de Estado .<\/p>\n<p>Anoche, el sector exportador confirm\u00f3 que s\u00ed acudir\u00e1 a esta nueva convocatoria para mejorar la competitividad en el pa\u00eds, seg\u00fan anunci\u00f3 el presidente de la Federaci\u00f3n de Exportadores (Fedexpor), Iv\u00e1n Ontaneda. Ecuador es demasiado caro para competir. Crear un es\u00adpacio para hablar sobre competitividad es vital\u009d. Sin embargo, advierte sobre la necesidad de transformar urgentemente en realidad los anuncios realizados por el gobierno de Len\u00edn Moreno. El pa\u00eds y el sector productivo requieren de las decisiones, para ayer. Para nosotros es cada vez m\u00e1s complicado seguir trabajando en esta l\u00ednea\u009d.<\/p>\n<p>Al igual que Mart\u00ednez, On\u00adtaneda est\u00e1 pendiente de que se ejecuten los cambios soli\u00adcitados en las conversaciones en la mesa del Consejo Con\u00adsultivo. Por ejemplo, los relacionados con temas aduaneros y energ\u00e9ticos. En el sector social tambi\u00e9n hay demandas que todav\u00eda no han sido satisfechas con el di\u00e1logo. Cynthia Viteri, expresidenciable del Partido Social Cristiano (PSC), espera que la tabla de consumo de drogas sea eliminada. Esa fue una de sus ofertas de campa\u00f1a, que fue acogida por Moreno.<\/p>\n<p>En el marco del di\u00e1logo, Vicente Taiano -asamble\u00edsta de esa tienda- se ha reunido con la secretaria t\u00e9cnica de Drogas, Ledy Z\u00fa\u00f1iga. Sin embargo, seg\u00fan Viteri, todav\u00eda no hay resultados concretos. Esto porque el proyecto de ley impulsado por el socialcristianismo no se trata en la Asamblea Nacional. Ese es un tema que creo que no hay consenso dentro del Gobierno\u009d. El bloque de legisladores insistir\u00e1, por su parte, en la aprobaci\u00f3n de la ley.<\/p>\n<p>Por su parte, la Uni\u00f3n Nacional de Periodistas (UNP) considera que hasta el momento no hay manifestaciones claras\u009d del Gobierno para eliminar la denominaci\u00f3n de la comunicaci\u00f3n como servicio p\u00fablico, ni tampoco los cambios que se han propuesto en los di\u00e1logos de comunicaci\u00f3n.<\/p>\n<p>La presidenta de la UNP, Guadalupe Fierro, se\u00f1al\u00f3 que en la mesa de este sector se propuso, por parte del gremio period\u00edstico, la eliminaci\u00f3n de\u00a0la Superintendencia de Comu\u00adnicaci\u00f3n (Supercom) y los cambios a la Ley de Comuni\u00adcaci\u00f3n. Todav\u00eda no conoce cu\u00e1l es la posici\u00f3n del Gobierno. Espera tener mayor claridad luego de que el R\u00e9gimen evac\u00fae temas coyunturales\u009d, como la consulta popular.<small> (I)<\/small><\/p>\n<p>&nbsp;<\/p>\n<p>&nbsp;<\/p>\n<p><strong>Fuente: <\/strong><a href=\"http:\/\/www.elcomercio.com\/actualidad\/empresarios-dirigentes-dialogos-mesa-competitividad.html\" target=\"_blank\" rel=\"noopener noreferrer\">http:\/\/www.elcomercio.com\/actualidad\/empresarios-dirigentes-dialogos-mesa-competitividad.html<\/a><\/p>\n","protected":false},"excerpt":{"rendered":"<p>&nbsp; Los sectores sociales y pol\u00edticos buscan que el Gobierno concrete los aportes que hicieron durante los di\u00e1logos que convoc\u00f3 el presidente Len\u00edn Moreno. Este viernes 20 de octubre de 2017 se cumplir\u00e1n cuatro meses desde que ese proceso se inici\u00f3. Uno de los sectores que respondi\u00f3 al llamado fue el empresarial. La C\u00e1mara de Industrias y Producci\u00f3n se pronunci\u00f3 en torno a las medidas econ\u00f3micas que adopt\u00f3 Moreno, con base en esos di\u00e1logos. No estamos satisfechos, porque nos preocupa que las medidas, a pesar de que contienen instrumentos positivos, no solucionan los problemas estructurarles\u009d, dijo Richard Mart\u00ednez, titular de la C\u00e1mara. Por ejemplo -agreg\u00f3- en lo que tiene que ver con la productividad y competitividad de las empresas. Con esto (plan econ\u00f3mico), no se va a dar\u009d. La respuesta del Primer Mandatario se conoci\u00f3 anoche, 16 de octubre, en el programa semanal \u0098El Gobierno Informa\u0099. Ah\u00ed anunci\u00f3 la implementaci\u00f3n de otro espacio de di\u00e1logo: una mesa de competitividad, precisamente para acoger las otras demandas que no fueron incluidas en el primer paquete de medidas econ\u00f3micas. \u00bfPor qu\u00e9? Porque el di\u00e1logo no termina nunca. Junto al sector privado haremos realidad las propuestas del Consejo Consultivo, Productivo y Tributario\u009d, manifest\u00f3 el Jefe de Estado . Anoche, el sector exportador confirm\u00f3 que s\u00ed acudir\u00e1 a esta nueva convocatoria para mejorar la competitividad en el pa\u00eds, seg\u00fan anunci\u00f3 el presidente de la Federaci\u00f3n de Exportadores (Fedexpor), Iv\u00e1n Ontaneda. Ecuador es demasiado caro para competir. Crear un es\u00adpacio para hablar sobre competitividad es vital\u009d. Sin embargo, advierte sobre la necesidad de transformar urgentemente en realidad los anuncios realizados por el gobierno de Len\u00edn Moreno. El pa\u00eds y el sector productivo requieren de las decisiones, para ayer. Para nosotros es cada vez m\u00e1s complicado seguir trabajando en esta l\u00ednea\u009d. Al igual que Mart\u00ednez, On\u00adtaneda est\u00e1 pendiente de que se ejecuten los cambios soli\u00adcitados en las conversaciones en la mesa del Consejo Con\u00adsultivo. Por ejemplo, los relacionados con temas aduaneros y energ\u00e9ticos. En el sector social tambi\u00e9n hay demandas que todav\u00eda no han sido satisfechas con el di\u00e1logo. Cynthia Viteri, expresidenciable del Partido Social Cristiano (PSC), espera que la tabla de consumo de drogas sea eliminada. Esa fue una de sus ofertas de campa\u00f1a, que fue acogida por Moreno. En el marco del di\u00e1logo, Vicente Taiano -asamble\u00edsta de esa tienda- se ha reunido con la secretaria t\u00e9cnica de Drogas, Ledy Z\u00fa\u00f1iga. Sin embargo, seg\u00fan Viteri, todav\u00eda no hay resultados concretos. Esto porque el proyecto de ley impulsado por el socialcristianismo no se trata en la Asamblea Nacional. Ese es un tema que creo que no hay consenso dentro del Gobierno\u009d. El bloque de legisladores insistir\u00e1, por su parte, en la aprobaci\u00f3n de la ley. Por su parte, la Uni\u00f3n Nacional de Periodistas (UNP) considera que hasta el momento no hay manifestaciones claras\u009d del Gobierno para eliminar la denominaci\u00f3n de la comunicaci\u00f3n como servicio p\u00fablico, ni tampoco los cambios que se han propuesto en los di\u00e1logos de comunicaci\u00f3n. La presidenta de la UNP, Guadalupe Fierro, se\u00f1al\u00f3 que en la mesa de este sector se propuso, por parte del gremio period\u00edstico, la eliminaci\u00f3n de\u00a0la Superintendencia de Comu\u00adnicaci\u00f3n (Supercom) y los cambios a la Ley de Comuni\u00adcaci\u00f3n. Todav\u00eda no conoce cu\u00e1l es la posici\u00f3n del Gobierno. Espera tener mayor claridad luego de que el R\u00e9gimen evac\u00fae temas coyunturales\u009d, como la consulta popular. (I) &nbsp; &nbsp; Fuente: http:\/\/www.elcomercio.com\/actualidad\/empresarios-dirigentes-dialogos-mesa-competitividad.html<\/p>\n","protected":false},"author":1,"featured_media":246114,"comment_status":"open","ping_status":"open","sticky":false,"template":"","format":"standard","meta":[],"categories":[54,32,40,35],"tags":[],"_links":{"self":[{"href":"https:\/\/www.ecuadortimes.net\/es\/wp-json\/wp\/v2\/posts\/246113"}],"collection":[{"href":"https:\/\/www.ecuadortimes.net\/es\/wp-json\/wp\/v2\/posts"}],"about":[{"href":"https:\/\/www.ecuadortimes.net\/es\/wp-json\/wp\/v2\/types\/post"}],"author":[{"embeddable":true,"href":"https:\/\/www.ecuadortimes.net\/es\/wp-json\/wp\/v2\/users\/1"}],"replies":[{"embeddable":true,"href":"https:\/\/www.ecuadortimes.net\/es\/wp-json\/wp\/v2\/comments?post=246113"}],"version-history":[{"count":0,"href":"https:\/\/www.ecuadortimes.net\/es\/wp-json\/wp\/v2\/posts\/246113\/revisions"}],"wp:featuredmedia":[{"embeddable":true,"href":"https:\/\/www.ecuadortimes.net\/es\/wp-json\/wp\/v2\/media\/246114"}],"wp:attachment":[{"href":"https:\/\/www.ecuadortimes.net\/es\/wp-json\/wp\/v2\/media?parent=246113"}],"wp:term":[{"taxonomy":"category","embeddable":true,"href":"https:\/\/www.ecuadortimes.net\/es\/wp-json\/wp\/v2\/categories?post=246113"},{"taxonomy":"post_tag","embeddable":true,"href":"https:\/\/www.ecuadortimes.net\/es\/wp-json\/wp\/v2\/tags?post=246113"}],"curies":[{"name":"wp","href":"https:\/\/api.w.org\/{rel}","templated":true}]}}