{"id":246117,"date":"2017-10-17T00:00:00","date_gmt":"2017-10-17T00:00:00","guid":{"rendered":"https:\/\/www.ecuadortimes.net\/es\/garcia-medidas-economicas-impulsan-al-sector-exportador\/"},"modified":"2017-10-17T00:00:00","modified_gmt":"2017-10-17T00:00:00","slug":"garcia-medidas-economicas-impulsan-al-sector-exportador","status":"publish","type":"post","link":"https:\/\/www.ecuadortimes.net\/es\/garcia-medidas-economicas-impulsan-al-sector-exportador\/","title":{"rendered":"Garc\u00eda: Medidas econ\u00f3micas impulsan al sector exportador"},"content":{"rendered":"<p><img loading=\"lazy\" class=\"size-full wp-image-190603 aligncenter\" src=\"https:\/\/www.ecuadortimes.net\/es\/wp-content\/uploads\/2017\/10\/MEDIDAS_ECONOMICAS_IMPULSAN_SECTOR_EXPORTADOR_ECUADORTIMES_ECUADORNEWS.jpg\" alt=\"\" width=\"1170\" height=\"552\" \/><\/p>\n<p>&nbsp;<\/p>\n<p><strong>La ministra de Industrias y Productividad, Eva Garc\u00eda<\/strong>, explic\u00f3 que las pol\u00edticas impulsadas buscan generar nuevos empleos, mantener la dolarizaci\u00f3n, <strong>apoyar a emprendedores y al sector exportador, adem\u00e1s de combatir el contrabando.<\/strong><\/p>\n<p>En una entrevista en el programa An\u00e1lisis Urgente, la secretaria de Estado se\u00f1al\u00f3 que en el pa\u00eds hay 1.600 exportadores, pero que se pretende triplicar ese n\u00famero a trav\u00e9s del fomento de este sector. Una de las pol\u00edticas implementadas ser\u00e1 la devoluci\u00f3n de impuestos. Destac\u00f3 que existe una propuesta para que el drawback sea autom\u00e1tico y, as\u00ed, el exportador pueda producir seguro de que recibir\u00e1 este retorno.<\/p>\n<p>La funcionaria asever\u00f3 que se ha considerado la posibilidad de otorgar un cr\u00e9dito especial para las peque\u00f1as y medianas empresas, el sector artesanal y actores de la econom\u00eda popular y solidaria, que representan m\u00e1s del 82% de las empresas existentes.<\/p>\n<p>Ayer Garc\u00eda mantuvo una reuni\u00f3n con organizaciones sindicales, como el Frente Unitario de Trabajadores y la Federaci\u00f3n Nacional de Gobiernos Provinciales del Ecuador, para exponer las propuestas del Consejo Consultivo. (I)<\/p>\n<p><iframe loading=\"lazy\" src=\"https:\/\/www.youtube.com\/embed\/s8IC4vKWoik\" width=\"560\" height=\"315\" frameborder=\"0\" allowfullscreen=\"allowfullscreen\"><\/iframe><br \/>\nMoreno entregar\u00e1 plan econ\u00f3mico esta semana Una mesa de competitividad ser\u00e1 creada con actores del sector privado para hacer realidad las propuestas presentadas ante el Consejo Consultivo Productivo y Tributario. As\u00ed lo inform\u00f3 ayer el presidente de la Rep\u00fablica, Len\u00edn Moreno.<\/p>\n<p>En su mensaje a la naci\u00f3n, tambi\u00e9n inform\u00f3 que esta semana, en el marco de la entrega del Plan Nacional de Desarrollo, presentar\u00e1 su plan econ\u00f3mico. El Jefe de Estado explic\u00f3 que las medidas anunciadas la semana pasada buscan reducir de manera gradual el riesgo pa\u00eds y mejorar las condiciones de la deuda.<\/p>\n<p>Sobre la reforma del Impuesto a la Renta, dijo que indudablemente, en momentos de crisis, los que m\u00e1s tienen son los que deben aportar m\u00e1s\u009d. En este caso ser\u00e1n quienes ganan por encima de los $ 3.000 mensuales o las grandes empresas que volver\u00e1n a pagar el 25% del Impuesto a la Renta. Al pensar en el pa\u00eds entero, es imposible contentar a todos\u009d, manifest\u00f3. Moreno record\u00f3 a la ciudadan\u00eda que no hubo, ni habr\u00e1 paquetazo (&#8230;) Nuestro plan econ\u00f3mico est\u00e1 dirigido a los que menos tienen y que son, por supuesto, los que m\u00e1s necesitan\u009d. (I)<\/p>\n<p>&nbsp;<\/p>\n<p>&nbsp;<\/p>\n<p><strong>Fuente: <\/strong><a href=\"http:\/\/www.eltelegrafo.com.ec\/noticias\/economia\/8\/garcia-medidas-economicas-impulsan-al-sector-exportador\" target=\"_blank\" rel=\"noopener noreferrer\">http:\/\/www.eltelegrafo.com.ec\/noticias\/economia\/8\/garcia-medidas-economicas-impulsan-al-sector-exportador<\/a><\/p>\n","protected":false},"excerpt":{"rendered":"<p>&nbsp; La ministra de Industrias y Productividad, Eva Garc\u00eda, explic\u00f3 que las pol\u00edticas impulsadas buscan generar nuevos empleos, mantener la dolarizaci\u00f3n, apoyar a emprendedores y al sector exportador, adem\u00e1s de combatir el contrabando. En una entrevista en el programa An\u00e1lisis Urgente, la secretaria de Estado se\u00f1al\u00f3 que en el pa\u00eds hay 1.600 exportadores, pero que se pretende triplicar ese n\u00famero a trav\u00e9s del fomento de este sector. Una de las pol\u00edticas implementadas ser\u00e1 la devoluci\u00f3n de impuestos. Destac\u00f3 que existe una propuesta para que el drawback sea autom\u00e1tico y, as\u00ed, el exportador pueda producir seguro de que recibir\u00e1 este retorno. La funcionaria asever\u00f3 que se ha considerado la posibilidad de otorgar un cr\u00e9dito especial para las peque\u00f1as y medianas empresas, el sector artesanal y actores de la econom\u00eda popular y solidaria, que representan m\u00e1s del 82% de las empresas existentes. Ayer Garc\u00eda mantuvo una reuni\u00f3n con organizaciones sindicales, como el Frente Unitario de Trabajadores y la Federaci\u00f3n Nacional de Gobiernos Provinciales del Ecuador, para exponer las propuestas del Consejo Consultivo. (I) Moreno entregar\u00e1 plan econ\u00f3mico esta semana Una mesa de competitividad ser\u00e1 creada con actores del sector privado para hacer realidad las propuestas presentadas ante el Consejo Consultivo Productivo y Tributario. As\u00ed lo inform\u00f3 ayer el presidente de la Rep\u00fablica, Len\u00edn Moreno. En su mensaje a la naci\u00f3n, tambi\u00e9n inform\u00f3 que esta semana, en el marco de la entrega del Plan Nacional de Desarrollo, presentar\u00e1 su plan econ\u00f3mico. El Jefe de Estado explic\u00f3 que las medidas anunciadas la semana pasada buscan reducir de manera gradual el riesgo pa\u00eds y mejorar las condiciones de la deuda. Sobre la reforma del Impuesto a la Renta, dijo que indudablemente, en momentos de crisis, los que m\u00e1s tienen son los que deben aportar m\u00e1s\u009d. En este caso ser\u00e1n quienes ganan por encima de los $ 3.000 mensuales o las grandes empresas que volver\u00e1n a pagar el 25% del Impuesto a la Renta. Al pensar en el pa\u00eds entero, es imposible contentar a todos\u009d, manifest\u00f3. Moreno record\u00f3 a la ciudadan\u00eda que no hubo, ni habr\u00e1 paquetazo (&#8230;) Nuestro plan econ\u00f3mico est\u00e1 dirigido a los que menos tienen y que son, por supuesto, los que m\u00e1s necesitan\u009d. (I) &nbsp; &nbsp; Fuente: http:\/\/www.eltelegrafo.com.ec\/noticias\/economia\/8\/garcia-medidas-economicas-impulsan-al-sector-exportador<\/p>\n","protected":false},"author":1,"featured_media":246118,"comment_status":"open","ping_status":"open","sticky":false,"template":"","format":"standard","meta":[],"categories":[54,32,43,46],"tags":[],"_links":{"self":[{"href":"https:\/\/www.ecuadortimes.net\/es\/wp-json\/wp\/v2\/posts\/246117"}],"collection":[{"href":"https:\/\/www.ecuadortimes.net\/es\/wp-json\/wp\/v2\/posts"}],"about":[{"href":"https:\/\/www.ecuadortimes.net\/es\/wp-json\/wp\/v2\/types\/post"}],"author":[{"embeddable":true,"href":"https:\/\/www.ecuadortimes.net\/es\/wp-json\/wp\/v2\/users\/1"}],"replies":[{"embeddable":true,"href":"https:\/\/www.ecuadortimes.net\/es\/wp-json\/wp\/v2\/comments?post=246117"}],"version-history":[{"count":0,"href":"https:\/\/www.ecuadortimes.net\/es\/wp-json\/wp\/v2\/posts\/246117\/revisions"}],"wp:featuredmedia":[{"embeddable":true,"href":"https:\/\/www.ecuadortimes.net\/es\/wp-json\/wp\/v2\/media\/246118"}],"wp:attachment":[{"href":"https:\/\/www.ecuadortimes.net\/es\/wp-json\/wp\/v2\/media?parent=246117"}],"wp:term":[{"taxonomy":"category","embeddable":true,"href":"https:\/\/www.ecuadortimes.net\/es\/wp-json\/wp\/v2\/categories?post=246117"},{"taxonomy":"post_tag","embeddable":true,"href":"https:\/\/www.ecuadortimes.net\/es\/wp-json\/wp\/v2\/tags?post=246117"}],"curies":[{"name":"wp","href":"https:\/\/api.w.org\/{rel}","templated":true}]}}