{"id":246119,"date":"2017-10-17T00:00:00","date_gmt":"2017-10-17T00:00:00","guid":{"rendered":"https:\/\/www.ecuadortimes.net\/es\/embajadas-espanolas-estan-en-paro\/"},"modified":"2017-10-17T00:00:00","modified_gmt":"2017-10-17T00:00:00","slug":"embajadas-espanolas-estan-en-paro","status":"publish","type":"post","link":"https:\/\/www.ecuadortimes.net\/es\/embajadas-espanolas-estan-en-paro\/","title":{"rendered":"Embajadas espa\u00f1olas est\u00e1n en paro"},"content":{"rendered":"<p><img loading=\"lazy\" class=\" wp-image-190602 aligncenter\" src=\"https:\/\/www.ecuadortimes.net\/es\/wp-content\/uploads\/2017\/10\/EMBAJADAS_ESPAN\u00cc\u0083OLAS_EN-_PARO_ECUADORTIMES_ECUADORNEWS.jpg\" alt=\"\" width=\"487\" height=\"354\" \/><\/p>\n<p>&nbsp;<\/p>\n<p><strong>Los trabajadores de la misi\u00f3n diplom\u00e1tica de Espa\u00f1a en Ecuador se sumaron ayer, 16 de octubre de 2017<\/strong>, a la huelga para reclamar una mejora de condiciones laborales. Ellos pertenecen a la <strong>Embajada y los Consulados Generales de Quito y Guayaquil,<\/strong> la Oficina Comercial, la Oficina de Cooperaci\u00f3n y la Residencia del Embajador.<\/p>\n<p>La protesta en Quito se dio con un plant\u00f3n en los exteriores del Consulado, en la ma\u00f1ana. La paralizaci\u00f3n de los servicios sucede en todas las <strong>sedes diplom\u00e1ticas de Espa\u00f1a en el exterior<\/strong>. Suman un total de 7 000 empleados p\u00fablicos, que acusan al Gobierno de discriminaci\u00f3n.<\/p>\n<p>En un comunicado, emitido ayer, la <strong>Secretar\u00eda General de la Uni\u00f3n General de Trabajadores en Ecuador<\/strong> reclam\u00f3 que la administraci\u00f3n espa\u00f1ola no ha atendido y no tiene ninguna voluntad de atender nuestras demandas, que consideramos leg\u00edtimas y urgentes\u009d.<\/p>\n<p>Los trabajadores del Servicio Exterior hemos llegado a este punto despu\u00e9s de muchos esfuerzos infructuosos para abrir v\u00edas de di\u00e1logo y negociaci\u00f3n con las instituciones espa\u00f1olas, esfuerzos que han chocado con puertas cerradas\u009d, sostienen. La lista de reclamos tiene cinco puntos.<\/p>\n<p>Entre ellos sueldos justos y dignos, tras nueve a\u00f1os de salarios congelados, que se cumplan y respeten las normas del Derecho Internacional y de la Legislaci\u00f3n ecuatoriana, que los puestos recojan la realidad de cada pa\u00eds, entre otros.<\/p>\n<p>Esto sucede precisamente mientras el Gobierno espa\u00f1ol enfrenta una crisis interna por el intento de la Comunidad de Catalu\u00f1a de independizarse del Estado.<small> (I)<\/small><\/p>\n<p>&nbsp;<\/p>\n<p>&nbsp;<\/p>\n<p><strong>Fuente: <\/strong><a href=\"http:\/\/www.elcomercio.com\/actualidad\/embajadas-espana-huelga-discriminacion-sueldos.html\" target=\"_blank\" rel=\"noopener noreferrer\">http:\/\/www.elcomercio.com\/actualidad\/embajadas-espana-huelga-discriminacion-sueldos.html<\/a><\/p>\n","protected":false},"excerpt":{"rendered":"<p>&nbsp; Los trabajadores de la misi\u00f3n diplom\u00e1tica de Espa\u00f1a en Ecuador se sumaron ayer, 16 de octubre de 2017, a la huelga para reclamar una mejora de condiciones laborales. Ellos pertenecen a la Embajada y los Consulados Generales de Quito y Guayaquil, la Oficina Comercial, la Oficina de Cooperaci\u00f3n y la Residencia del Embajador. La protesta en Quito se dio con un plant\u00f3n en los exteriores del Consulado, en la ma\u00f1ana. La paralizaci\u00f3n de los servicios sucede en todas las sedes diplom\u00e1ticas de Espa\u00f1a en el exterior. Suman un total de 7 000 empleados p\u00fablicos, que acusan al Gobierno de discriminaci\u00f3n. En un comunicado, emitido ayer, la Secretar\u00eda General de la Uni\u00f3n General de Trabajadores en Ecuador reclam\u00f3 que la administraci\u00f3n espa\u00f1ola no ha atendido y no tiene ninguna voluntad de atender nuestras demandas, que consideramos leg\u00edtimas y urgentes\u009d. Los trabajadores del Servicio Exterior hemos llegado a este punto despu\u00e9s de muchos esfuerzos infructuosos para abrir v\u00edas de di\u00e1logo y negociaci\u00f3n con las instituciones espa\u00f1olas, esfuerzos que han chocado con puertas cerradas\u009d, sostienen. La lista de reclamos tiene cinco puntos. Entre ellos sueldos justos y dignos, tras nueve a\u00f1os de salarios congelados, que se cumplan y respeten las normas del Derecho Internacional y de la Legislaci\u00f3n ecuatoriana, que los puestos recojan la realidad de cada pa\u00eds, entre otros. Esto sucede precisamente mientras el Gobierno espa\u00f1ol enfrenta una crisis interna por el intento de la Comunidad de Catalu\u00f1a de independizarse del Estado. (I) &nbsp; &nbsp; Fuente: http:\/\/www.elcomercio.com\/actualidad\/embajadas-espana-huelga-discriminacion-sueldos.html<\/p>\n","protected":false},"author":1,"featured_media":246120,"comment_status":"open","ping_status":"open","sticky":false,"template":"","format":"standard","meta":[],"categories":[54,32,34,35],"tags":[],"_links":{"self":[{"href":"https:\/\/www.ecuadortimes.net\/es\/wp-json\/wp\/v2\/posts\/246119"}],"collection":[{"href":"https:\/\/www.ecuadortimes.net\/es\/wp-json\/wp\/v2\/posts"}],"about":[{"href":"https:\/\/www.ecuadortimes.net\/es\/wp-json\/wp\/v2\/types\/post"}],"author":[{"embeddable":true,"href":"https:\/\/www.ecuadortimes.net\/es\/wp-json\/wp\/v2\/users\/1"}],"replies":[{"embeddable":true,"href":"https:\/\/www.ecuadortimes.net\/es\/wp-json\/wp\/v2\/comments?post=246119"}],"version-history":[{"count":0,"href":"https:\/\/www.ecuadortimes.net\/es\/wp-json\/wp\/v2\/posts\/246119\/revisions"}],"wp:featuredmedia":[{"embeddable":true,"href":"https:\/\/www.ecuadortimes.net\/es\/wp-json\/wp\/v2\/media\/246120"}],"wp:attachment":[{"href":"https:\/\/www.ecuadortimes.net\/es\/wp-json\/wp\/v2\/media?parent=246119"}],"wp:term":[{"taxonomy":"category","embeddable":true,"href":"https:\/\/www.ecuadortimes.net\/es\/wp-json\/wp\/v2\/categories?post=246119"},{"taxonomy":"post_tag","embeddable":true,"href":"https:\/\/www.ecuadortimes.net\/es\/wp-json\/wp\/v2\/tags?post=246119"}],"curies":[{"name":"wp","href":"https:\/\/api.w.org\/{rel}","templated":true}]}}