{"id":246123,"date":"2017-10-17T00:00:00","date_gmt":"2017-10-17T00:00:00","guid":{"rendered":"https:\/\/www.ecuadortimes.net\/es\/ecuador-firma-convenio-para-que-36-presos-en-ee-uu-cumplan-penas-en-el-pais\/"},"modified":"2017-10-17T00:00:00","modified_gmt":"2017-10-17T00:00:00","slug":"ecuador-firma-convenio-para-que-36-presos-en-ee-uu-cumplan-penas-en-el-pais","status":"publish","type":"post","link":"https:\/\/www.ecuadortimes.net\/es\/ecuador-firma-convenio-para-que-36-presos-en-ee-uu-cumplan-penas-en-el-pais\/","title":{"rendered":"Ecuador firma convenio para que 36 presos en EE.UU. cumplan penas en el pa\u00eds"},"content":{"rendered":"<p><img loading=\"lazy\" class=\"size-full wp-image-190600 aligncenter\" src=\"https:\/\/www.ecuadortimes.net\/es\/wp-content\/uploads\/2017\/10\/ECUADOR_ACUERDO_36_PRESOS_EN_EE.UU_._CUMPLAN_PENAS_EN_EL_PAIS_ECUADORTIMES_ECUADORNEWS.jpg\" alt=\"\" width=\"620\" height=\"264\" \/><\/p>\n<p>&nbsp;<\/p>\n<p><strong>La Canciller\u00eda ecuatoriana<\/strong> suscribi\u00f3 un convenio de cooperaci\u00f3n con otros tres ministerios para que 36 nacionales encarcelados en prisiones de Estados Unidos terminen de cumplir sus penas en\u00a0<span class=\"classCadenaBusqueda\">Ecuador<\/span>.<\/p>\n<p>Se trata de la<strong>\u00a0mayor repatriaci\u00f3n realizada hasta la presente fecha\u009d<\/strong>, de acuerdo a un comunicado del Ministerio de Relaciones Exteriores y Movilidad Humana.<\/p>\n<p>En total, la Canciller\u00eda ecuatoriana tiene conocimiento de 661 casos de ecuatorianos privados de libertad en Estados Unidos, de los que el 76 por ciento son por delitos relacionados con el narcotr\u00e1fico y 15 son mujeres.<\/p>\n<p>Los reos son mayoritariamente originarios de Manab\u00ed y Esmeraldas, provincias de las que proceden numerosos pescadores detenidos en aguas internacionales por tr\u00e1fico de estupefacientes en los \u00faltimos meses.<\/p>\n<p>En la suscripci\u00f3n del documento participaron la titular de Exteriores, Mar\u00eda Fernanda Espinosa, la de Justicia, Derechos Humanos y Cultos, Rosana Alvarado y los ministros de Defensa Nacional, Patricio Zambrano y del Interior, C\u00e9sar Navas.<\/p>\n<p>Es un paso muy importante para garantizar los derechos de las personas privadas de libertad\u009d, manifest\u00f3 la Canciller que record\u00f3 que durante este a\u00f1o 750 ecuatorianos fueron deportados por Estados Unidos, 400 sin cargos criminales y 65 por condici\u00f3n migratoria irregular.<\/p>\n<p><strong>Su Gobierno est\u00e1 garantizando sus derechos y en este caso un retorno en las condiciones m\u00e1s ordenadas y seguras\u009d<\/strong>, a\u00f1adi\u00f3 Espinosa seg\u00fan el comunicado de su Oficina.<\/p>\n<p>El convenio suscrito facilitar\u00e1 el transporte de los convictos de acuerdo a los m\u00e1s altos est\u00e1ndares de seguridad\u00a0<strong>y en el marco de la protecci\u00f3n de derechos humanos\u009d<\/strong>. (I)<\/p>\n<p>&nbsp;<\/p>\n<p>&nbsp;<\/p>\n<p><strong>Fuente: <\/strong><a href=\"http:\/\/www.larepublica.ec\/blog\/portada\/2017\/10\/17\/ecuador-firma-convenio-para-que-36-presos-en-ee-uu-cumplan-penas-en-el-pais\/\" target=\"_blank\" rel=\"noopener noreferrer\">http:\/\/www.larepublica.ec\/blog\/portada\/2017\/10\/17\/ecuador-firma-convenio-para-que-36-presos-en-ee-uu-cumplan-penas-en-el-pais\/<\/a><\/p>\n","protected":false},"excerpt":{"rendered":"<p>&nbsp; La Canciller\u00eda ecuatoriana suscribi\u00f3 un convenio de cooperaci\u00f3n con otros tres ministerios para que 36 nacionales encarcelados en prisiones de Estados Unidos terminen de cumplir sus penas en\u00a0Ecuador. Se trata de la\u00a0mayor repatriaci\u00f3n realizada hasta la presente fecha\u009d, de acuerdo a un comunicado del Ministerio de Relaciones Exteriores y Movilidad Humana. En total, la Canciller\u00eda ecuatoriana tiene conocimiento de 661 casos de ecuatorianos privados de libertad en Estados Unidos, de los que el 76 por ciento son por delitos relacionados con el narcotr\u00e1fico y 15 son mujeres. Los reos son mayoritariamente originarios de Manab\u00ed y Esmeraldas, provincias de las que proceden numerosos pescadores detenidos en aguas internacionales por tr\u00e1fico de estupefacientes en los \u00faltimos meses. En la suscripci\u00f3n del documento participaron la titular de Exteriores, Mar\u00eda Fernanda Espinosa, la de Justicia, Derechos Humanos y Cultos, Rosana Alvarado y los ministros de Defensa Nacional, Patricio Zambrano y del Interior, C\u00e9sar Navas. Es un paso muy importante para garantizar los derechos de las personas privadas de libertad\u009d, manifest\u00f3 la Canciller que record\u00f3 que durante este a\u00f1o 750 ecuatorianos fueron deportados por Estados Unidos, 400 sin cargos criminales y 65 por condici\u00f3n migratoria irregular. Su Gobierno est\u00e1 garantizando sus derechos y en este caso un retorno en las condiciones m\u00e1s ordenadas y seguras\u009d, a\u00f1adi\u00f3 Espinosa seg\u00fan el comunicado de su Oficina. El convenio suscrito facilitar\u00e1 el transporte de los convictos de acuerdo a los m\u00e1s altos est\u00e1ndares de seguridad\u00a0y en el marco de la protecci\u00f3n de derechos humanos\u009d. (I) &nbsp; &nbsp; Fuente: http:\/\/www.larepublica.ec\/blog\/portada\/2017\/10\/17\/ecuador-firma-convenio-para-que-36-presos-en-ee-uu-cumplan-penas-en-el-pais\/<\/p>\n","protected":false},"author":1,"featured_media":246124,"comment_status":"open","ping_status":"open","sticky":false,"template":"","format":"standard","meta":[],"categories":[54,32,51,35],"tags":[],"_links":{"self":[{"href":"https:\/\/www.ecuadortimes.net\/es\/wp-json\/wp\/v2\/posts\/246123"}],"collection":[{"href":"https:\/\/www.ecuadortimes.net\/es\/wp-json\/wp\/v2\/posts"}],"about":[{"href":"https:\/\/www.ecuadortimes.net\/es\/wp-json\/wp\/v2\/types\/post"}],"author":[{"embeddable":true,"href":"https:\/\/www.ecuadortimes.net\/es\/wp-json\/wp\/v2\/users\/1"}],"replies":[{"embeddable":true,"href":"https:\/\/www.ecuadortimes.net\/es\/wp-json\/wp\/v2\/comments?post=246123"}],"version-history":[{"count":0,"href":"https:\/\/www.ecuadortimes.net\/es\/wp-json\/wp\/v2\/posts\/246123\/revisions"}],"wp:featuredmedia":[{"embeddable":true,"href":"https:\/\/www.ecuadortimes.net\/es\/wp-json\/wp\/v2\/media\/246124"}],"wp:attachment":[{"href":"https:\/\/www.ecuadortimes.net\/es\/wp-json\/wp\/v2\/media?parent=246123"}],"wp:term":[{"taxonomy":"category","embeddable":true,"href":"https:\/\/www.ecuadortimes.net\/es\/wp-json\/wp\/v2\/categories?post=246123"},{"taxonomy":"post_tag","embeddable":true,"href":"https:\/\/www.ecuadortimes.net\/es\/wp-json\/wp\/v2\/tags?post=246123"}],"curies":[{"name":"wp","href":"https:\/\/api.w.org\/{rel}","templated":true}]}}