{"id":246127,"date":"2017-10-17T00:00:00","date_gmt":"2017-10-17T00:00:00","guid":{"rendered":"https:\/\/www.ecuadortimes.net\/es\/bananeros-prestos-a-dialogo-con-empleados\/"},"modified":"2017-10-17T00:00:00","modified_gmt":"2017-10-17T00:00:00","slug":"bananeros-prestos-a-dialogo-con-empleados","status":"publish","type":"post","link":"https:\/\/www.ecuadortimes.net\/es\/bananeros-prestos-a-dialogo-con-empleados\/","title":{"rendered":"Bananeros, prestos a di\u00e1logo con empleados"},"content":{"rendered":"<p><img loading=\"lazy\" class=\"size-full wp-image-190598 aligncenter\" src=\"https:\/\/www.ecuadortimes.net\/es\/wp-content\/uploads\/2017\/10\/BANANEROS_PRESTOS_DIALOGO_CON_EMPLEADOS_ECUADORTIMES_ECUADORNEWS.jpg\" alt=\"\" width=\"1170\" height=\"552\" \/><\/p>\n<p>&nbsp;<\/p>\n<p>Luego de las denuncias realizadas en el Primer Encuentro Internacional de Trabajadores Bananeros, organizado por\u00a0 la <strong>Asociaci\u00f3n de Trabajadores Agr\u00edcolas y Campesinos (Astac)<\/strong> en Guayaquil, varios gremios de productores agr\u00edcolas rechazaron las afirmaciones realizadas y mostraron su apertura al di\u00e1logo para escuchar las quejas de los trabajadores.<\/p>\n<p>Jorge Acosta, coordinador general de la Astac, se\u00f1al\u00f3: <em><strong>Queremos que siga existiendo la producci\u00f3n de banano, pero en condiciones justas de respeto a la vida<\/strong><\/em>\u009d. Entre los casos que se expusieron se encuentra el de Efr\u00e9n V\u00e9lez, quien cont\u00f3 que durante 30 a\u00f1os fue v\u00edctima de la tercerizaci\u00f3n. El campesino de Quevedo afirm\u00f3 que no ganaba horas extras ni estaba afiliado al Seguro Social.<\/p>\n<p>Posteriormente se le present\u00f3 cirrosis hep\u00e1tica, lo que caus\u00f3 el despido de su empresa en 2003, que argument\u00f3 que se inventaba la enfermedad\u009d. Para luchar en contra de este tipo de casos, la Astac discuti\u00f3 la posibilidad de crear un sindicato regional andino entre Colombia, Per\u00fa y Ecuador.<\/p>\n<p>En el encuentro tambi\u00e9n se presentaron estudios que indicaban que en fincas ecuatorianas se realizan fumigaciones sin cumplir los par\u00e1metros de seguridad. Sin embargo, los nombres de dichas fincas no fueron revelados.<\/p>\n<p>Ante esta situaci\u00f3n, el presidente de la Corporaci\u00f3n Regional de Bananeros Ecuatorianos (Agroban), Gustavo Mar\u00fan, neg\u00f3 este tipo de afirmaciones que, a su criterio, son un intento de hacer da\u00f1o al pa\u00eds\u009d. Podemos asegurar que el 100% de las fincas asociadas a nuestra entidad cumple con las leyes laborales, sociales y ambientales, es totalmente falso que fumigamos sobre los trabajadores\u009d.<\/p>\n<p>Despu\u00e9s del evento de la Astac, el sector bananero mantuvo una reuni\u00f3n con Ria Stout, delegada de Rainforest, y llegaron a la conclusi\u00f3n de que falta comunicaci\u00f3n entre la Astac, las ONG y las organizaciones gremiales. Una ausencia total de di\u00e1logo y un importante desconocimiento de la realidad\u009d. Adem\u00e1s, a trav\u00e9s de esta certificadora se ha invitado a estos grupos\u00a0\u00a0 a visitar sus haciendas y conocer los procesos aplicados. No nos oponemos a dialogar, sino a encontrar caminos para mejorar en conjunto\u009d, expres\u00f3 Mar\u00fan. Agreg\u00f3 que como gremio buscan una producci\u00f3n sustentable y basada en el respeto al medio ambiente y a los derechos de los trabajadores.<\/p>\n<p>Por su parte, Kl\u00e9ber Sig\u00fcenza, presidente de la C\u00e1mara de Agricultura de la II Zona, afirm\u00f3: Nuestros productos tienen mucha tecnolog\u00eda, son muy costosos y cada vez son menos nocivos\u009d. Sobre la afiliaci\u00f3n a la Seguridad Social de los trabajadores, Richard Salazar, administrador de la Asociaci\u00f3n de Comercializaci\u00f3n y Exportaci\u00f3n de Banano, afirm\u00f3 que las empresas cumplen con la normativa\u00a0 ambiental y laboral, una de las m\u00e1s exigentes de Am\u00e9rica Latina; y que los controles son constantes.<\/p>\n<p>Seg\u00fan la C\u00e1mara de Agricultura, Ecuador recibe $ 2.800 millones de ingreso de divisas y representan el 25% de las exportaciones no petroleras del pa\u00eds. El sector genera 200.000 empleos directos. (I)<\/p>\n<p>&nbsp;<\/p>\n<p>&nbsp;<\/p>\n<p><strong>Fuente: <\/strong><a href=\"http:\/\/www.eltelegrafo.com.ec\/noticias\/economia\/8\/bananeros-prestos-a-dialogo-con-empleados\" target=\"_blank\" rel=\"noopener noreferrer\">http:\/\/www.eltelegrafo.com.ec\/noticias\/economia\/8\/bananeros-prestos-a-dialogo-con-empleados<\/a><\/p>\n","protected":false},"excerpt":{"rendered":"<p>&nbsp; Luego de las denuncias realizadas en el Primer Encuentro Internacional de Trabajadores Bananeros, organizado por\u00a0 la Asociaci\u00f3n de Trabajadores Agr\u00edcolas y Campesinos (Astac) en Guayaquil, varios gremios de productores agr\u00edcolas rechazaron las afirmaciones realizadas y mostraron su apertura al di\u00e1logo para escuchar las quejas de los trabajadores. Jorge Acosta, coordinador general de la Astac, se\u00f1al\u00f3: Queremos que siga existiendo la producci\u00f3n de banano, pero en condiciones justas de respeto a la vida\u009d. Entre los casos que se expusieron se encuentra el de Efr\u00e9n V\u00e9lez, quien cont\u00f3 que durante 30 a\u00f1os fue v\u00edctima de la tercerizaci\u00f3n. El campesino de Quevedo afirm\u00f3 que no ganaba horas extras ni estaba afiliado al Seguro Social. Posteriormente se le present\u00f3 cirrosis hep\u00e1tica, lo que caus\u00f3 el despido de su empresa en 2003, que argument\u00f3 que se inventaba la enfermedad\u009d. Para luchar en contra de este tipo de casos, la Astac discuti\u00f3 la posibilidad de crear un sindicato regional andino entre Colombia, Per\u00fa y Ecuador. En el encuentro tambi\u00e9n se presentaron estudios que indicaban que en fincas ecuatorianas se realizan fumigaciones sin cumplir los par\u00e1metros de seguridad. Sin embargo, los nombres de dichas fincas no fueron revelados. Ante esta situaci\u00f3n, el presidente de la Corporaci\u00f3n Regional de Bananeros Ecuatorianos (Agroban), Gustavo Mar\u00fan, neg\u00f3 este tipo de afirmaciones que, a su criterio, son un intento de hacer da\u00f1o al pa\u00eds\u009d. Podemos asegurar que el 100% de las fincas asociadas a nuestra entidad cumple con las leyes laborales, sociales y ambientales, es totalmente falso que fumigamos sobre los trabajadores\u009d. Despu\u00e9s del evento de la Astac, el sector bananero mantuvo una reuni\u00f3n con Ria Stout, delegada de Rainforest, y llegaron a la conclusi\u00f3n de que falta comunicaci\u00f3n entre la Astac, las ONG y las organizaciones gremiales. Una ausencia total de di\u00e1logo y un importante desconocimiento de la realidad\u009d. Adem\u00e1s, a trav\u00e9s de esta certificadora se ha invitado a estos grupos\u00a0\u00a0 a visitar sus haciendas y conocer los procesos aplicados. No nos oponemos a dialogar, sino a encontrar caminos para mejorar en conjunto\u009d, expres\u00f3 Mar\u00fan. Agreg\u00f3 que como gremio buscan una producci\u00f3n sustentable y basada en el respeto al medio ambiente y a los derechos de los trabajadores. Por su parte, Kl\u00e9ber Sig\u00fcenza, presidente de la C\u00e1mara de Agricultura de la II Zona, afirm\u00f3: Nuestros productos tienen mucha tecnolog\u00eda, son muy costosos y cada vez son menos nocivos\u009d. Sobre la afiliaci\u00f3n a la Seguridad Social de los trabajadores, Richard Salazar, administrador de la Asociaci\u00f3n de Comercializaci\u00f3n y Exportaci\u00f3n de Banano, afirm\u00f3 que las empresas cumplen con la normativa\u00a0 ambiental y laboral, una de las m\u00e1s exigentes de Am\u00e9rica Latina; y que los controles son constantes. Seg\u00fan la C\u00e1mara de Agricultura, Ecuador recibe $ 2.800 millones de ingreso de divisas y representan el 25% de las exportaciones no petroleras del pa\u00eds. El sector genera 200.000 empleos directos. (I) &nbsp; &nbsp; Fuente: http:\/\/www.eltelegrafo.com.ec\/noticias\/economia\/8\/bananeros-prestos-a-dialogo-con-empleados<\/p>\n","protected":false},"author":1,"featured_media":246128,"comment_status":"open","ping_status":"open","sticky":false,"template":"","format":"standard","meta":[],"categories":[54,32,43,35],"tags":[],"_links":{"self":[{"href":"https:\/\/www.ecuadortimes.net\/es\/wp-json\/wp\/v2\/posts\/246127"}],"collection":[{"href":"https:\/\/www.ecuadortimes.net\/es\/wp-json\/wp\/v2\/posts"}],"about":[{"href":"https:\/\/www.ecuadortimes.net\/es\/wp-json\/wp\/v2\/types\/post"}],"author":[{"embeddable":true,"href":"https:\/\/www.ecuadortimes.net\/es\/wp-json\/wp\/v2\/users\/1"}],"replies":[{"embeddable":true,"href":"https:\/\/www.ecuadortimes.net\/es\/wp-json\/wp\/v2\/comments?post=246127"}],"version-history":[{"count":0,"href":"https:\/\/www.ecuadortimes.net\/es\/wp-json\/wp\/v2\/posts\/246127\/revisions"}],"wp:featuredmedia":[{"embeddable":true,"href":"https:\/\/www.ecuadortimes.net\/es\/wp-json\/wp\/v2\/media\/246128"}],"wp:attachment":[{"href":"https:\/\/www.ecuadortimes.net\/es\/wp-json\/wp\/v2\/media?parent=246127"}],"wp:term":[{"taxonomy":"category","embeddable":true,"href":"https:\/\/www.ecuadortimes.net\/es\/wp-json\/wp\/v2\/categories?post=246127"},{"taxonomy":"post_tag","embeddable":true,"href":"https:\/\/www.ecuadortimes.net\/es\/wp-json\/wp\/v2\/tags?post=246127"}],"curies":[{"name":"wp","href":"https:\/\/api.w.org\/{rel}","templated":true}]}}