{"id":246131,"date":"2017-10-18T00:00:00","date_gmt":"2017-10-18T00:00:00","guid":{"rendered":"https:\/\/www.ecuadortimes.net\/es\/frente-de-lucha-contra-la-corrupcion-se-disuelve-y-pide-cambios-en-areas-penales\/"},"modified":"2017-10-18T00:00:00","modified_gmt":"2017-10-18T00:00:00","slug":"frente-de-lucha-contra-la-corrupcion-se-disuelve-y-pide-cambios-en-areas-penales","status":"publish","type":"post","link":"https:\/\/www.ecuadortimes.net\/es\/frente-de-lucha-contra-la-corrupcion-se-disuelve-y-pide-cambios-en-areas-penales\/","title":{"rendered":"Frente de Lucha contra la Corrupci\u00f3n se disuelve y pide cambios en \u00e1reas penales"},"content":{"rendered":"<p><img loading=\"lazy\" class=\"size-full wp-image-190641 aligncenter\" src=\"https:\/\/www.ecuadortimes.net\/es\/wp-content\/uploads\/2017\/10\/FRENTE_LUCHA_ANTICORRUPCION_ECUADORTIMES_ECUADORNEWS.jpg\" alt=\"\" width=\"795\" height=\"450\" \/><\/p>\n<p>&nbsp;<\/p>\n<div class=\"location-event\"><strong>Quito &#8211;<\/strong> M\u00e1s de una docena de propuestas para modificar normas penales y de contrataci\u00f3n p\u00fablica para luchar contra la corrupci\u00f3n present\u00f3 el\u00a0<strong>Frente de Lucha contra la Corrupci\u00f3n del Ejecutivo<\/strong>, que concluy\u00f3 ayer sus funciones y estar\u00eda pr\u00e1cticamente disuelta\u009d.<\/div>\n<p>Tras cinco meses de trabajo, la instancia de nueve miembros, entreg\u00f3 su informe en una reuni\u00f3n que mantuvo con el presidente Len\u00edn Moreno en el Palacio de Gobierno.<\/p>\n<p>Sus recomendaciones de reforma se dirigen a normas como el <strong>C\u00f3digo Org\u00e1nico Integral Penal (COIP),<\/strong> <strong>la Corte Nacional de Justicia, el Consejo de Participaci\u00f3n Ciudadana y Control Social (CPC)<\/strong>, la Superintendencia de Compa\u00f1\u00edas, la Fiscal\u00eda del Estado, y arrancar una campa\u00f1a de educaci\u00f3n en valores en centros educativos.<\/p>\n<p>El informe no es p\u00fablico, y su coordinador Xavier Zavala Egas relat\u00f3 que el jefe de Estado les agradeci\u00f3 por su trabajo, y as\u00ed ellos llegan hasta aqu\u00ed\u009d.<\/p>\n<p>Adelant\u00f3 que plantearon reformas al COIP para que los fiscales puedan solicitar medidas cautelares en contra de los procesados cuando el proceso de investigaci\u00f3n est\u00e9 en indagaci\u00f3n previa. As\u00ed como que la Fiscal\u00eda sea el \u00f3rgano rector de la Polic\u00eda Judicial.<\/p>\n<p>Piden que se cree una nueva modalidad de peculado que ser\u00eda la de omisi\u00f3n impropia, o comisi\u00f3n por omisi\u00f3n, es decir, cuando el servidor p\u00fablico abusa o distrae fondos p\u00fablicos de manera directa\u009d, dijo Zavala.<\/p>\n<p>Carlos Rabascall, otro integrante, explic\u00f3 que solicitaron que la Contralor\u00eda del Estado pueda emitir un informe previo que controle los procesos de contrataci\u00f3n p\u00fablica equivalentes a dos cuant\u00edas menores\u009d, es decir, a valores que est\u00e1n por encima de los $ 100.000.<\/p>\n<p>Recomendaron un sistema de registro y calificaci\u00f3n de proveedores entre la Contralor\u00eda y el Servicio de Contrataci\u00f3n P\u00fablica (Sercop) para evitar la creaci\u00f3n de empresas de papel\u009d y la homologaci\u00f3n de pliegos\u009d de contrataci\u00f3n. El objetivo es neutralizar los espacios de corrupci\u00f3n\u009d, agreg\u00f3.<\/p>\n<p>Proponen que se definan elementos\u009d para sancionar a los jueces por el error inexcusable y evitar la discrecionalidad\u009d.<\/p>\n<p>Sobre el CPC piden que se concentren\u009d sus funciones en temas relacionados con la participaci\u00f3n, depurando las que est\u00e9n duplicadas\u009d.<\/p>\n<p>Pablo Vanegas, tambi\u00e9n del Frente, indic\u00f3 que propusieron que temas de valores y \u00e9tica sean transversales\u009d en la educaci\u00f3n, y creen que debe implementarse el programa Red Universitaria \u00c3\u0089tica del Ecuador, y la c\u00e1tedra Unesco para la formaci\u00f3n de maestros. (I)<\/p>\n<blockquote><p>Las autoridades se enamoran del poder y no quieren abandonarlo. Yo no estoy de acuerdo con la reelecci\u00f3n indefinida. Es una ofensa a la juventud. A m\u00ed me parece una aberraci\u00f3n\u009d.<br \/>\n<strong>Len\u00edn Moreno,jefe de Estado<\/strong><\/p><\/blockquote>\n<p>&nbsp;<\/p>\n<p>&nbsp;<\/p>\n<p><strong>Fuente: <\/strong><a href=\"http:\/\/www.eluniverso.com\/noticias\/2017\/10\/18\/nota\/6436258\/frente-se-disuelve-pide-cambios-areas-penales\" target=\"_blank\" rel=\"noopener noreferrer\">http:\/\/www.eluniverso.com\/noticias\/2017\/10\/18\/nota\/6436258\/frente-se-disuelve-pide-cambios-areas-penales<\/a><\/p>\n","protected":false},"excerpt":{"rendered":"<p>&nbsp; Quito &#8211; M\u00e1s de una docena de propuestas para modificar normas penales y de contrataci\u00f3n p\u00fablica para luchar contra la corrupci\u00f3n present\u00f3 el\u00a0Frente de Lucha contra la Corrupci\u00f3n del Ejecutivo, que concluy\u00f3 ayer sus funciones y estar\u00eda pr\u00e1cticamente disuelta\u009d. Tras cinco meses de trabajo, la instancia de nueve miembros, entreg\u00f3 su informe en una reuni\u00f3n que mantuvo con el presidente Len\u00edn Moreno en el Palacio de Gobierno. Sus recomendaciones de reforma se dirigen a normas como el C\u00f3digo Org\u00e1nico Integral Penal (COIP), la Corte Nacional de Justicia, el Consejo de Participaci\u00f3n Ciudadana y Control Social (CPC), la Superintendencia de Compa\u00f1\u00edas, la Fiscal\u00eda del Estado, y arrancar una campa\u00f1a de educaci\u00f3n en valores en centros educativos. El informe no es p\u00fablico, y su coordinador Xavier Zavala Egas relat\u00f3 que el jefe de Estado les agradeci\u00f3 por su trabajo, y as\u00ed ellos llegan hasta aqu\u00ed\u009d. Adelant\u00f3 que plantearon reformas al COIP para que los fiscales puedan solicitar medidas cautelares en contra de los procesados cuando el proceso de investigaci\u00f3n est\u00e9 en indagaci\u00f3n previa. As\u00ed como que la Fiscal\u00eda sea el \u00f3rgano rector de la Polic\u00eda Judicial. Piden que se cree una nueva modalidad de peculado que ser\u00eda la de omisi\u00f3n impropia, o comisi\u00f3n por omisi\u00f3n, es decir, cuando el servidor p\u00fablico abusa o distrae fondos p\u00fablicos de manera directa\u009d, dijo Zavala. Carlos Rabascall, otro integrante, explic\u00f3 que solicitaron que la Contralor\u00eda del Estado pueda emitir un informe previo que controle los procesos de contrataci\u00f3n p\u00fablica equivalentes a dos cuant\u00edas menores\u009d, es decir, a valores que est\u00e1n por encima de los $ 100.000. Recomendaron un sistema de registro y calificaci\u00f3n de proveedores entre la Contralor\u00eda y el Servicio de Contrataci\u00f3n P\u00fablica (Sercop) para evitar la creaci\u00f3n de empresas de papel\u009d y la homologaci\u00f3n de pliegos\u009d de contrataci\u00f3n. El objetivo es neutralizar los espacios de corrupci\u00f3n\u009d, agreg\u00f3. Proponen que se definan elementos\u009d para sancionar a los jueces por el error inexcusable y evitar la discrecionalidad\u009d. Sobre el CPC piden que se concentren\u009d sus funciones en temas relacionados con la participaci\u00f3n, depurando las que est\u00e9n duplicadas\u009d. Pablo Vanegas, tambi\u00e9n del Frente, indic\u00f3 que propusieron que temas de valores y \u00e9tica sean transversales\u009d en la educaci\u00f3n, y creen que debe implementarse el programa Red Universitaria \u00c3\u0089tica del Ecuador, y la c\u00e1tedra Unesco para la formaci\u00f3n de maestros. (I) Las autoridades se enamoran del poder y no quieren abandonarlo. Yo no estoy de acuerdo con la reelecci\u00f3n indefinida. Es una ofensa a la juventud. A m\u00ed me parece una aberraci\u00f3n\u009d. Len\u00edn Moreno,jefe de Estado &nbsp; &nbsp; Fuente: http:\/\/www.eluniverso.com\/noticias\/2017\/10\/18\/nota\/6436258\/frente-se-disuelve-pide-cambios-areas-penales<\/p>\n","protected":false},"author":1,"featured_media":246132,"comment_status":"open","ping_status":"open","sticky":false,"template":"","format":"standard","meta":[],"categories":[54,32,40,35],"tags":[],"_links":{"self":[{"href":"https:\/\/www.ecuadortimes.net\/es\/wp-json\/wp\/v2\/posts\/246131"}],"collection":[{"href":"https:\/\/www.ecuadortimes.net\/es\/wp-json\/wp\/v2\/posts"}],"about":[{"href":"https:\/\/www.ecuadortimes.net\/es\/wp-json\/wp\/v2\/types\/post"}],"author":[{"embeddable":true,"href":"https:\/\/www.ecuadortimes.net\/es\/wp-json\/wp\/v2\/users\/1"}],"replies":[{"embeddable":true,"href":"https:\/\/www.ecuadortimes.net\/es\/wp-json\/wp\/v2\/comments?post=246131"}],"version-history":[{"count":0,"href":"https:\/\/www.ecuadortimes.net\/es\/wp-json\/wp\/v2\/posts\/246131\/revisions"}],"wp:featuredmedia":[{"embeddable":true,"href":"https:\/\/www.ecuadortimes.net\/es\/wp-json\/wp\/v2\/media\/246132"}],"wp:attachment":[{"href":"https:\/\/www.ecuadortimes.net\/es\/wp-json\/wp\/v2\/media?parent=246131"}],"wp:term":[{"taxonomy":"category","embeddable":true,"href":"https:\/\/www.ecuadortimes.net\/es\/wp-json\/wp\/v2\/categories?post=246131"},{"taxonomy":"post_tag","embeddable":true,"href":"https:\/\/www.ecuadortimes.net\/es\/wp-json\/wp\/v2\/tags?post=246131"}],"curies":[{"name":"wp","href":"https:\/\/api.w.org\/{rel}","templated":true}]}}