{"id":247147,"date":"2018-01-09T00:00:00","date_gmt":"2018-01-09T00:00:00","guid":{"rendered":"https:\/\/www.ecuadortimes.net\/es\/maria-alejandra-vicuna-seguiria-en-plan-de-casas-y-consulta-popular\/"},"modified":"2018-01-09T00:00:00","modified_gmt":"2018-01-09T00:00:00","slug":"maria-alejandra-vicuna-seguiria-en-plan-de-casas-y-consulta-popular","status":"publish","type":"post","link":"https:\/\/www.ecuadortimes.net\/es\/maria-alejandra-vicuna-seguiria-en-plan-de-casas-y-consulta-popular\/","title":{"rendered":"Mar\u00eda Alejandra Vicu\u00f1a seguir\u00eda en plan de casas y consulta popular"},"content":{"rendered":"<p><img loading=\"lazy\" class=\"size-full wp-image-192481 aligncenter\" src=\"https:\/\/www.ecuadortimes.net\/es\/wp-content\/uploads\/2018\/01\/MARIA_ALEJANDRA_VICUN\u00cc\u0083A_SEGUIRA_PLAN_DE_CASAS_CONSULTA_POPULAR_ECUADORTIMES_ECUADORNEWS.jpg\" alt=\"\" width=\"743\" height=\"450\" \/><\/p>\n<p>&nbsp;<\/p>\n<div class=\"location-event\"><strong>Quito &#8211;<\/strong><\/div>\n<p>La vicepresidenta de la Rep\u00fablica,\u00a0<strong><a href=\"https:\/\/www.eluniverso.com\/tema\/maria-alejandra-vicuna\" target=\"_self\" rel=\"noopener noreferrer\">Mar\u00eda Alejandra Vicu\u00f1a<\/a>,<\/strong> seguir\u00eda al frente del proceso de la consulta popular de iniciativa del presidente Len\u00edn Moreno y del plan Casa para Todos en el \u00e1rea social, seg\u00fan declar\u00f3 el secretario de la Pol\u00edtica, Miguel Carvajal.<\/p>\n<p>Ayer, en la tarde, estaba prevista una reuni\u00f3n de ministros en la que se podr\u00edan hacer algunas sugerencias respecto de las funciones de Vicu\u00f1a.<\/p>\n<p>En tanto, en el espacio del Gobierno Informa, el presidente Moreno agradeci\u00f3 a los asamble\u00edstas que independientemente de sus posiciones pol\u00edticas dieron su voto de acuerdo con sus convicciones y conciencia\u009d.<\/p>\n<p>Calific\u00f3 a Vicu\u00f1a como una mujer honesta, capaz y de pensamiento progresista y agreg\u00f3 que con esta designaci\u00f3n, y basados en la institucionalidad democr\u00e1tica, hemos cerrado un momento dif\u00edcil y penoso para el pa\u00eds\u009d.<\/p>\n<p>Vicu\u00f1a asisti\u00f3 ayer al cambio de guardia que se desarrolla en el balc\u00f3n del Palacio de Carondelet y no ofreci\u00f3 declaraciones a la prensa.<\/p>\n<p>Moreno aprovech\u00f3 el espacio de rendici\u00f3n de cuentas para informar que sigui\u00f3 despachando, pese al percance en el lado derecho de su cuerpo que sufri\u00f3 la semana pasada al quemarse con agua caliente.<\/p>\n<p>El mandatario enfatiz\u00f3 en que las medidas econ\u00f3micas y laborales no responden ni a flexibilizaci\u00f3n ni precarizaci\u00f3n laboral. Se trata de entender y reconocer que sectores como el tur\u00edstico, agr\u00edcola, acu\u00edcola, floricultor, ganadero, art\u00edstico y de la construcci\u00f3n requieren de empleos estacionales&#8230; en determinadas \u00e9pocas\u009d, agreg\u00f3.<\/p>\n<p>Moreno inform\u00f3 que el Banco Central del Ecuador present\u00f3 las cifras para el tercer trimestre de 2017. La econom\u00eda creci\u00f3 en 3,8 %, con relaci\u00f3n al tercer trimestre de 2016.<\/p>\n<p>La econom\u00eda est\u00e1 mejorando. Se vuelve a poner en movimiento\u009d, se\u00f1al\u00f3, al asegurar que la generaci\u00f3n de empleo con trabajo digno es la prioridad del Gobierno.\u00a0(I)<\/p>\n<p>&nbsp;<\/p>\n<p>&nbsp;<\/p>\n<p><strong>Fuente: <\/strong><a href=\"https:\/\/www.eluniverso.com\/noticias\/2018\/01\/09\/nota\/6558105\/vicuna-seguiria-plan-casas-consulta\" target=\"_blank\" rel=\"noopener noreferrer\">https:\/\/www.eluniverso.com\/noticias\/2018\/01\/09\/nota\/6558105\/vicuna-seguiria-plan-casas-consulta<\/a><\/p>\n","protected":false},"excerpt":{"rendered":"<p>&nbsp; Quito &#8211; La vicepresidenta de la Rep\u00fablica,\u00a0Mar\u00eda Alejandra Vicu\u00f1a, seguir\u00eda al frente del proceso de la consulta popular de iniciativa del presidente Len\u00edn Moreno y del plan Casa para Todos en el \u00e1rea social, seg\u00fan declar\u00f3 el secretario de la Pol\u00edtica, Miguel Carvajal. Ayer, en la tarde, estaba prevista una reuni\u00f3n de ministros en la que se podr\u00edan hacer algunas sugerencias respecto de las funciones de Vicu\u00f1a. En tanto, en el espacio del Gobierno Informa, el presidente Moreno agradeci\u00f3 a los asamble\u00edstas que independientemente de sus posiciones pol\u00edticas dieron su voto de acuerdo con sus convicciones y conciencia\u009d. Calific\u00f3 a Vicu\u00f1a como una mujer honesta, capaz y de pensamiento progresista y agreg\u00f3 que con esta designaci\u00f3n, y basados en la institucionalidad democr\u00e1tica, hemos cerrado un momento dif\u00edcil y penoso para el pa\u00eds\u009d. Vicu\u00f1a asisti\u00f3 ayer al cambio de guardia que se desarrolla en el balc\u00f3n del Palacio de Carondelet y no ofreci\u00f3 declaraciones a la prensa. Moreno aprovech\u00f3 el espacio de rendici\u00f3n de cuentas para informar que sigui\u00f3 despachando, pese al percance en el lado derecho de su cuerpo que sufri\u00f3 la semana pasada al quemarse con agua caliente. El mandatario enfatiz\u00f3 en que las medidas econ\u00f3micas y laborales no responden ni a flexibilizaci\u00f3n ni precarizaci\u00f3n laboral. Se trata de entender y reconocer que sectores como el tur\u00edstico, agr\u00edcola, acu\u00edcola, floricultor, ganadero, art\u00edstico y de la construcci\u00f3n requieren de empleos estacionales&#8230; en determinadas \u00e9pocas\u009d, agreg\u00f3. Moreno inform\u00f3 que el Banco Central del Ecuador present\u00f3 las cifras para el tercer trimestre de 2017. La econom\u00eda creci\u00f3 en 3,8 %, con relaci\u00f3n al tercer trimestre de 2016. La econom\u00eda est\u00e1 mejorando. Se vuelve a poner en movimiento\u009d, se\u00f1al\u00f3, al asegurar que la generaci\u00f3n de empleo con trabajo digno es la prioridad del Gobierno.\u00a0(I) &nbsp; &nbsp; Fuente: https:\/\/www.eluniverso.com\/noticias\/2018\/01\/09\/nota\/6558105\/vicuna-seguiria-plan-casas-consulta<\/p>\n","protected":false},"author":1,"featured_media":247148,"comment_status":"open","ping_status":"open","sticky":false,"template":"","format":"standard","meta":[],"categories":[54,32,40,46],"tags":[],"_links":{"self":[{"href":"https:\/\/www.ecuadortimes.net\/es\/wp-json\/wp\/v2\/posts\/247147"}],"collection":[{"href":"https:\/\/www.ecuadortimes.net\/es\/wp-json\/wp\/v2\/posts"}],"about":[{"href":"https:\/\/www.ecuadortimes.net\/es\/wp-json\/wp\/v2\/types\/post"}],"author":[{"embeddable":true,"href":"https:\/\/www.ecuadortimes.net\/es\/wp-json\/wp\/v2\/users\/1"}],"replies":[{"embeddable":true,"href":"https:\/\/www.ecuadortimes.net\/es\/wp-json\/wp\/v2\/comments?post=247147"}],"version-history":[{"count":0,"href":"https:\/\/www.ecuadortimes.net\/es\/wp-json\/wp\/v2\/posts\/247147\/revisions"}],"wp:featuredmedia":[{"embeddable":true,"href":"https:\/\/www.ecuadortimes.net\/es\/wp-json\/wp\/v2\/media\/247148"}],"wp:attachment":[{"href":"https:\/\/www.ecuadortimes.net\/es\/wp-json\/wp\/v2\/media?parent=247147"}],"wp:term":[{"taxonomy":"category","embeddable":true,"href":"https:\/\/www.ecuadortimes.net\/es\/wp-json\/wp\/v2\/categories?post=247147"},{"taxonomy":"post_tag","embeddable":true,"href":"https:\/\/www.ecuadortimes.net\/es\/wp-json\/wp\/v2\/tags?post=247147"}],"curies":[{"name":"wp","href":"https:\/\/api.w.org\/{rel}","templated":true}]}}