{"id":247151,"date":"2018-01-09T00:00:00","date_gmt":"2018-01-09T00:00:00","guid":{"rendered":"https:\/\/www.ecuadortimes.net\/es\/contraloria-notifica-a-correa-por-examen-a-deuda-publica\/"},"modified":"2018-01-09T00:00:00","modified_gmt":"2018-01-09T00:00:00","slug":"contraloria-notifica-a-correa-por-examen-a-deuda-publica","status":"publish","type":"post","link":"https:\/\/www.ecuadortimes.net\/es\/contraloria-notifica-a-correa-por-examen-a-deuda-publica\/","title":{"rendered":"Contralor\u00eda notifica a Correa por examen a deuda p\u00fablica"},"content":{"rendered":"<p><img loading=\"lazy\" class=\"size-full wp-image-192472 aligncenter\" src=\"https:\/\/www.ecuadortimes.net\/es\/wp-content\/uploads\/2018\/01\/CONTRALORIA_NOTIFICA_CORREA_EXAMEN_DEUDA_PUBLICA_ECUADORTIMES_ECUADORNEWS.jpg\" alt=\"\" width=\"620\" height=\"264\" \/><\/p>\n<p>&nbsp;<\/p>\n<p>El Contralor\u00a0<strong>Pablo Celi<\/strong>, mencion\u00f3 hoy lunes que ya se notific\u00f3 a las exautoridades del <strong>Ministerio de Finanzas y al expresidente del Ecuador, Rafael Correa<\/strong>, sobre un examen especial a la legalidad, fuentes y usos de la deuda p\u00fablica interna y externa, entre enero del 2012 y mayo del 2017.\u00a0Esta decisi\u00f3n se tom\u00f3 luego de cuatro meses de trabajo.<\/p>\n<p><strong>Celi<\/strong>\u00a0indic\u00f3 que este proceso de auditor\u00eda se realizar\u00e1 a partir de este 8 de enero del 2018, y para el mes de abril del 2018 se esperan los resultados de la evaluaci\u00f3n.<\/p>\n<p>En la auditor\u00eda participar\u00e1n 11 veedores relacionados con el campo financiero, el \u00e1mbito jur\u00eddico y acad\u00e9mico inform\u00f3 Celi. Ellos son: Patricio Alarc\u00f3n, Marcelo Merlo, Ana Abril, Ramiro Crespo, Eduardo Valencia, Pablo D\u00e1valos, Alfredo Corral, Roberto Aspiazu, Magdalena Barreiro, Le\u00f3n Roldos y Mariana Y\u00e9pez.<\/p>\n<p>Los veedores han sido llamados para que vigilen la transparencia de los ex\u00e1menes especiales que abri\u00f3 la Contralor\u00eda General del Estado a la deuda p\u00fablica interna y externa contra\u00edda en el mandato de Correa en el periodo 2012 a 2017.<\/p>\n<p>El contralor resalt\u00f3 que\u00a0el control p\u00fablico debe realizarse con participaci\u00f3n ciudadana. <strong>Este es un principio fundamental de una democracia de representaci\u00f3n<\/strong>.<\/p>\n<p><strong>El control p\u00fablico con la participaci\u00f3n ciudadana coadyuva a la necesaria transparencia y confianza en la acci\u00f3n p\u00fablica<\/strong>,<strong>\u00a0fundamental para la legitimidad de la acci\u00f3n estatal<\/strong>, agreg\u00f3 Celi. (I)<\/p>\n<p>&nbsp;<\/p>\n<p>&nbsp;<\/p>\n<p><strong>Fuente: <\/strong><a href=\"http:\/\/www.larepublica.ec\/blog\/politica\/2018\/01\/08\/contraloria-notifica-a-correa-por-examen-a-deuda-publica\/\" target=\"_blank\" rel=\"noopener noreferrer\">http:\/\/www.larepublica.ec\/blog\/politica\/2018\/01\/08\/contraloria-notifica-a-correa-por-examen-a-deuda-publica\/<\/a><\/p>\n","protected":false},"excerpt":{"rendered":"<p>&nbsp; El Contralor\u00a0Pablo Celi, mencion\u00f3 hoy lunes que ya se notific\u00f3 a las exautoridades del Ministerio de Finanzas y al expresidente del Ecuador, Rafael Correa, sobre un examen especial a la legalidad, fuentes y usos de la deuda p\u00fablica interna y externa, entre enero del 2012 y mayo del 2017.\u00a0Esta decisi\u00f3n se tom\u00f3 luego de cuatro meses de trabajo. Celi\u00a0indic\u00f3 que este proceso de auditor\u00eda se realizar\u00e1 a partir de este 8 de enero del 2018, y para el mes de abril del 2018 se esperan los resultados de la evaluaci\u00f3n. En la auditor\u00eda participar\u00e1n 11 veedores relacionados con el campo financiero, el \u00e1mbito jur\u00eddico y acad\u00e9mico inform\u00f3 Celi. Ellos son: Patricio Alarc\u00f3n, Marcelo Merlo, Ana Abril, Ramiro Crespo, Eduardo Valencia, Pablo D\u00e1valos, Alfredo Corral, Roberto Aspiazu, Magdalena Barreiro, Le\u00f3n Roldos y Mariana Y\u00e9pez. Los veedores han sido llamados para que vigilen la transparencia de los ex\u00e1menes especiales que abri\u00f3 la Contralor\u00eda General del Estado a la deuda p\u00fablica interna y externa contra\u00edda en el mandato de Correa en el periodo 2012 a 2017. El contralor resalt\u00f3 que\u00a0el control p\u00fablico debe realizarse con participaci\u00f3n ciudadana. Este es un principio fundamental de una democracia de representaci\u00f3n. El control p\u00fablico con la participaci\u00f3n ciudadana coadyuva a la necesaria transparencia y confianza en la acci\u00f3n p\u00fablica,\u00a0fundamental para la legitimidad de la acci\u00f3n estatal, agreg\u00f3 Celi. (I) &nbsp; &nbsp; Fuente: http:\/\/www.larepublica.ec\/blog\/politica\/2018\/01\/08\/contraloria-notifica-a-correa-por-examen-a-deuda-publica\/<\/p>\n","protected":false},"author":1,"featured_media":247152,"comment_status":"open","ping_status":"open","sticky":false,"template":"","format":"standard","meta":[],"categories":[54,32,40,46],"tags":[],"_links":{"self":[{"href":"https:\/\/www.ecuadortimes.net\/es\/wp-json\/wp\/v2\/posts\/247151"}],"collection":[{"href":"https:\/\/www.ecuadortimes.net\/es\/wp-json\/wp\/v2\/posts"}],"about":[{"href":"https:\/\/www.ecuadortimes.net\/es\/wp-json\/wp\/v2\/types\/post"}],"author":[{"embeddable":true,"href":"https:\/\/www.ecuadortimes.net\/es\/wp-json\/wp\/v2\/users\/1"}],"replies":[{"embeddable":true,"href":"https:\/\/www.ecuadortimes.net\/es\/wp-json\/wp\/v2\/comments?post=247151"}],"version-history":[{"count":0,"href":"https:\/\/www.ecuadortimes.net\/es\/wp-json\/wp\/v2\/posts\/247151\/revisions"}],"wp:featuredmedia":[{"embeddable":true,"href":"https:\/\/www.ecuadortimes.net\/es\/wp-json\/wp\/v2\/media\/247152"}],"wp:attachment":[{"href":"https:\/\/www.ecuadortimes.net\/es\/wp-json\/wp\/v2\/media?parent=247151"}],"wp:term":[{"taxonomy":"category","embeddable":true,"href":"https:\/\/www.ecuadortimes.net\/es\/wp-json\/wp\/v2\/categories?post=247151"},{"taxonomy":"post_tag","embeddable":true,"href":"https:\/\/www.ecuadortimes.net\/es\/wp-json\/wp\/v2\/tags?post=247151"}],"curies":[{"name":"wp","href":"https:\/\/api.w.org\/{rel}","templated":true}]}}