{"id":247153,"date":"2018-01-09T00:00:00","date_gmt":"2018-01-09T00:00:00","guid":{"rendered":"https:\/\/www.ecuadortimes.net\/es\/20-economistas-piden-un-cambio-de-modelo\/"},"modified":"2018-01-09T00:00:00","modified_gmt":"2018-01-09T00:00:00","slug":"20-economistas-piden-un-cambio-de-modelo","status":"publish","type":"post","link":"https:\/\/www.ecuadortimes.net\/es\/20-economistas-piden-un-cambio-de-modelo\/","title":{"rendered":"20 economistas piden un cambio de modelo"},"content":{"rendered":"<p><img loading=\"lazy\" class=\"size-full wp-image-192470 aligncenter\" src=\"https:\/\/www.ecuadortimes.net\/es\/wp-content\/uploads\/2018\/01\/20_ECONOMISTAS_PIDEN_UN_CAMBIO_DE_MODELO_ECUADORTIMES_ECUADORNEWS.jpg\" alt=\"\" width=\"762\" height=\"428\" \/><\/p>\n<p>&nbsp;<\/p>\n<p>Algunos tienen diferencias ideol\u00f3gicas pero coinciden en algo: que el modelo econ\u00f3mico de la d\u00e9cada en la que gobern\u00f3\u00a0<b>Rafael<\/b>\u00a0<b>Correa<\/b>\u00a0debe cambiar.<\/p>\n<p>20 economistas que estuvieron al frente del\u00a0<b>Ministerio de Finanzas, del Banco Central del Ecuador<\/b>\u00a0<b>(BCE)<\/b>, acad\u00e9micos y analistas conforman el\u00a0<b>Foro de Econom\u00eda y Finanzas P\u00fablicas<\/b>, que ser\u00e1 presentado oficialmente ma\u00f1ana, en Quito.<\/p>\n<p>El foro est\u00e1 conformado por Mauricio Pozo, Francisco Swett, Carlos Julio Emanuel, Bernardo Acosta, Jaime Carrera, Mauricio D\u00e1valos, Rodrigo Espinosa, Jorge Gallardo, Pablo Lucio-Paredes, Abelardo Pachano, C\u00e9sar Robalino, Vicente Albornoz, Alberto Dahik, Marco Flores, Rosa Matilde Guerrero, Marcos L\u00f3pez, Walter Spurrier, Eduardo Valencia, Jos\u00e9 Hidalgo y Augusto de la Torre.<\/p>\n<p>El grupo expondr\u00e1 ma\u00f1ana sus propuestas que ser\u00e1n entregadas al presidente de la Rep\u00fablica, Len\u00edn Moreno, que contiene 11 planteamientos.<\/p>\n<p>El documento se\u00f1ala que no desean prolongarse en diagn\u00f3sticos, ni convertirse en profetas de ning\u00fan\u00a0<b>desastre<\/b>\u00a0<b>econ\u00f3mico<\/b>.<\/p>\n<p>Antes que los\u00a0<b>problemas<\/b>\u00a0salgan de control es urgente reconstruir la competitividad productiva y el retorno a la\u00a0<b>responsabilidad<\/b>\u00a0y\u00a0<b>sostenibilidad<\/b><b>fiscales<\/b>, porque sin ellos no habr\u00e1 inversi\u00f3n suficiente, ni crecimiento econ\u00f3mico, ni el empleo\u009d, dice el documento.<\/p>\n<p>En la carta de cinco p\u00e1ginas dirigida al presidente Moreno los economistas hacen un diagn\u00f3stico de la situaci\u00f3n actual y sostienen que pol\u00edticas como una mayor carga tributaria o la falta de acuerdos comerciales han perjudicado la productividad del pa\u00eds y, por ende, en una menor calidad del empleo.<\/p>\n<p>Entre otros temas, los economistas critican el crecimiento del tama\u00f1o del\u00a0<b>Estado<\/b>respecto a la econom\u00eda: pas\u00f3 del 23 % entre 2001 y 2006 al 40 % entre 2007- 2016.<\/p>\n<p>La deuda p\u00fablica tambi\u00e9n es otro de los puntos cr\u00edticos. Entre los a\u00f1os 2022 y 2027, el pa\u00eds debe destinar $ 11.750 millones, exclusivamente por pago de capital por bonos soberanos, cuya deuda fue acumulada en tan solo cuatro a\u00f1os.<\/p>\n<p>Sostienen que Grecia sufri\u00f3 terribles consecuencias a partir del d\u00eda en que no pudo obtener m\u00e1s financiamiento y cay\u00f3 en estrepitoso\u00a0<b>default<\/b>\u00a0o no pago de sus obligaciones.<\/p>\n<p>Pozo cont\u00f3 a\u00a0<b>EXPRESO<\/b>\u00a0que \u00e9l fue uno de los precursores de la\u00a0<b>iniciativa<\/b>. El economista asegur\u00f3 que buscaba a otros economistas para firmar un documento en materia econ\u00f3mica que hab\u00eda bosquejado.<\/p>\n<p>Mientras que Marco Flores, tambi\u00e9n exministro de\u00a0<b>Finanzas<\/b>, buscaba crear un foro de economistas y as\u00ed surgi\u00f3 la idea de generar un espacio de debate en esta materia.<\/p>\n<p>Buscaron a otros economistas que se sumen a la propuesta y as\u00ed, hace un par de meses, naci\u00f3 el Foro de Econom\u00eda y Finanzas P\u00fablicas. Por ahora, aclara Pozo, son 20 pero se pueden ir sumando otros especialistas en este tema.<\/p>\n<p>La idea es generar un debate econ\u00f3mico y proponer medidas\u009d, asegura Pozo, quien aclar\u00f3 que no es un grupo pol\u00edtico.<\/p>\n<p>Una de las razones para el lanzamiento de este foro en el actual momento pol\u00edtico que atraviesa el pa\u00eds, a decir de Pozo, es que luego de siete meses de gesti\u00f3n de Moreno todav\u00eda no se ven los cambios econ\u00f3micos suficientes y que luego de la consulta popular el mandatario pueda tomar mejores decisiones en este \u00e1mbito.<\/p>\n<p>Rosa Matilde Guerrero, exfuncionaria del Banco Interamericano de Desarrollo\u00a0<b>(BID)<\/b>, confirm\u00f3 que el<b>\u00a0sitio web\u00a0<\/b>del foro donde se publicar\u00e1n los an\u00e1lisis se llamar\u00e1 lamesanoservida.com.<\/p>\n<p>Otro de los puntos que se\u00f1alan es la sostenibilidad de la seguridad social y asegura que esta no puede ser administrada en la forma\u00a0<b>antit\u00e9cnica<\/b>\u00a0que ha caracterizado al manejo de las cuentas fiscales del pa\u00eds los \u00faltimos 10 a\u00f1os.<\/p>\n<p>El actual ministro de\u00a0<b>Finanzas<\/b>, Carlos de la Torre, ha manifestado que no habr\u00e1 cambios en el manejo econ\u00f3mico y que su plan se basa en la ley para la reactivaci\u00f3n que entr\u00f3 en vigencia desde el 1 de enero. Adem\u00e1s, ha dicho que el riesgo pa\u00eds ha disminuido.<\/p>\n<p><b>Algunos miembros del foro:<\/b><\/p>\n<p>&nbsp;<\/p>\n<p><img loading=\"lazy\" class=\"size-full wp-image-192497 aligncenter\" src=\"https:\/\/www.ecuadortimes.net\/es\/wp-content\/uploads\/2018\/01\/MAURICIO_POZO_ECUADORTIMES_ECUADORNEWS.jpg\" alt=\"\" width=\"732\" height=\"412\" \/><\/p>\n<p><strong>Mauricio Pozo exministro de finanzas<\/strong><\/p>\n<p>Fue ministro de Finanzas del gobierno de Lucio Guti\u00e9rrez. Tambi\u00e9n ha sido catedr\u00e1tico de la Pontificia Universidad Cat\u00f3lica del Ecuador. Tiene un m\u00e1ster en Econom\u00eda por la Universidad de Notre Dame.<\/p>\n<p>&nbsp;<\/p>\n<p><img loading=\"lazy\" class=\"size-full wp-image-192493 aligncenter\" src=\"https:\/\/www.ecuadortimes.net\/es\/wp-content\/uploads\/2018\/01\/FRANCISCO_SWEETT_ECUADORTIMES_ECUADORNEWS.jpg\" alt=\"\" width=\"732\" height=\"412\" \/><\/p>\n<p><strong>Francisco Swett exministro de Finanzas<\/strong><\/p>\n<p>Fue ministro de Finanzas del gobierno de Le\u00f3n Febres-Cordero. Es colaborador del departamento de investigaci\u00f3n de la Universidad Esp\u00edritu Santo de Guayaquil. Autor de libros en materia econ\u00f3mica.<\/p>\n<p>&nbsp;<\/p>\n<p><img loading=\"lazy\" class=\"size-full wp-image-192492 aligncenter\" src=\"https:\/\/www.ecuadortimes.net\/es\/wp-content\/uploads\/2018\/01\/CARLOS_J._EMANUEL_ECUADORTIMES_ECUADORNEWS.jpg\" alt=\"\" width=\"732\" height=\"412\" \/><\/p>\n<p><strong>Carlos J. Emanuel exministro de Finanzas<\/strong><\/p>\n<p>Ministro de Econom\u00eda en el gobierno de Gustavo Noboa y exgerente del Banco Central del Ecuador en el de Le\u00f3n Febres- Cordero. Consultor econ\u00f3mico y financiero para organismos multilaterales.<\/p>\n<p>&nbsp;<\/p>\n<p><img loading=\"lazy\" class=\"size-full wp-image-192491 aligncenter\" src=\"https:\/\/www.ecuadortimes.net\/es\/wp-content\/uploads\/2018\/01\/BERNARDO_ACOSTA_ECUADORTIMES_ECUADORNEWS.jpg\" alt=\"\" width=\"732\" height=\"412\" \/><\/p>\n<p><strong>Bernardo Acosta docente USFQ<\/strong><\/p>\n<p>Fue vicepresidente ejecutivo de la C\u00e1mara de Industrias y Producci\u00f3n (CIP). Actualmente es catedr\u00e1tico de la Universidad San Francisco de Quito (USFQ). Columnista de opini\u00f3n, escritor y analista econ\u00f3mico.<\/p>\n<p>&nbsp;<\/p>\n<p><img loading=\"lazy\" class=\"size-full wp-image-192494 aligncenter\" src=\"https:\/\/www.ecuadortimes.net\/es\/wp-content\/uploads\/2018\/01\/JAIME_CARRERA_ECUADORTIMES_ECUADORNEWS.jpg\" alt=\"\" width=\"732\" height=\"412\" \/><\/p>\n<p><strong>Jaime Carrera Director del OPF<\/strong><\/p>\n<p>Actualmente desempe\u00f1a el cargo de director del Observatorio de la Pol\u00edtica Fiscal. Tambi\u00e9n ocup\u00f3 el cargo de subsecretario de Presupuesto del gobierno de Jamil Mahuad, a finales de la d\u00e9cada del 90.<\/p>\n<p>&nbsp;<\/p>\n<p><img loading=\"lazy\" class=\"size-full wp-image-192496 aligncenter\" src=\"https:\/\/www.ecuadortimes.net\/es\/wp-content\/uploads\/2018\/01\/MAURICIO_DAVALOS_ECUADORTIMES_ECUADORNEWS.jpg\" alt=\"\" width=\"732\" height=\"412\" \/><\/p>\n<p><strong>Maurico D\u00e1valos exgerente del BCE<\/strong><\/p>\n<p>Fue gerente del Banco Central entre 1979 y 1981; presidente de la Asociaci\u00f3n de Productores y Exportadores de Flores del Ecuador, entre 1990 y 1994; representante de Pichincha a la Asamblea Nacional.<\/p>\n<p>&nbsp;<\/p>\n<p><img loading=\"lazy\" class=\"size-full wp-image-192495 aligncenter\" src=\"https:\/\/www.ecuadortimes.net\/es\/wp-content\/uploads\/2018\/01\/JOSE_HIDALGO_ECUADORTIMES_ECUADORNEWS.jpg\" alt=\"\" width=\"732\" height=\"412\" \/><\/p>\n<p><strong>Jos\u00e9 Hidalgo director de Cordes<\/strong><\/p>\n<p>Es director de Cordes (Corporaci\u00f3n de Estudios para el Desarrollo). Es economista por la Pontificia Universidad Cat\u00f3lica del Ecuador. Ha escrito sobre econom\u00eda en el diario argentino La Naci\u00f3n.<\/p>\n<p>&nbsp;<\/p>\n<p><img loading=\"lazy\" class=\"size-full wp-image-192490 aligncenter\" src=\"https:\/\/www.ecuadortimes.net\/es\/wp-content\/uploads\/2018\/01\/ALBERTO_DAHIK_ECUADORTIMES_ECUADORNEWS.jpg\" alt=\"\" width=\"732\" height=\"412\" \/><\/p>\n<p><strong>Alberto Dahik exvicepresidente<\/strong><\/p>\n<p>Vicepresidente de Sixto Dur\u00e1n Ball\u00e9n. Actualmente se desempe\u00f1a como director del Centro de Estudios Econ\u00f3micos y Sociales para el Desarrollo (Cesde), de la Universidad Esp\u00edritu Santo.<\/p>\n<p>&nbsp;<\/p>\n<p>&nbsp;<\/p>\n<p>&nbsp;<\/p>\n<p>&nbsp;<\/p>\n<p><strong>Fuente:<\/strong> <a href=\"http:\/\/www.expreso.ec\/economia\/economia-expertos-cambio-modelo-economico-CN1953235\" target=\"_blank\" rel=\"noopener noreferrer\">http:\/\/www.expreso.ec\/economia\/economia-expertos-cambio-modelo-economico-CN1953235<\/a><\/p>\n","protected":false},"excerpt":{"rendered":"<p>&nbsp; Algunos tienen diferencias ideol\u00f3gicas pero coinciden en algo: que el modelo econ\u00f3mico de la d\u00e9cada en la que gobern\u00f3\u00a0Rafael\u00a0Correa\u00a0debe cambiar. 20 economistas que estuvieron al frente del\u00a0Ministerio de Finanzas, del Banco Central del Ecuador\u00a0(BCE), acad\u00e9micos y analistas conforman el\u00a0Foro de Econom\u00eda y Finanzas P\u00fablicas, que ser\u00e1 presentado oficialmente ma\u00f1ana, en Quito. El foro est\u00e1 conformado por Mauricio Pozo, Francisco Swett, Carlos Julio Emanuel, Bernardo Acosta, Jaime Carrera, Mauricio D\u00e1valos, Rodrigo Espinosa, Jorge Gallardo, Pablo Lucio-Paredes, Abelardo Pachano, C\u00e9sar Robalino, Vicente Albornoz, Alberto Dahik, Marco Flores, Rosa Matilde Guerrero, Marcos L\u00f3pez, Walter Spurrier, Eduardo Valencia, Jos\u00e9 Hidalgo y Augusto de la Torre. El grupo expondr\u00e1 ma\u00f1ana sus propuestas que ser\u00e1n entregadas al presidente de la Rep\u00fablica, Len\u00edn Moreno, que contiene 11 planteamientos. El documento se\u00f1ala que no desean prolongarse en diagn\u00f3sticos, ni convertirse en profetas de ning\u00fan\u00a0desastre\u00a0econ\u00f3mico. Antes que los\u00a0problemas\u00a0salgan de control es urgente reconstruir la competitividad productiva y el retorno a la\u00a0responsabilidad\u00a0y\u00a0sostenibilidadfiscales, porque sin ellos no habr\u00e1 inversi\u00f3n suficiente, ni crecimiento econ\u00f3mico, ni el empleo\u009d, dice el documento. En la carta de cinco p\u00e1ginas dirigida al presidente Moreno los economistas hacen un diagn\u00f3stico de la situaci\u00f3n actual y sostienen que pol\u00edticas como una mayor carga tributaria o la falta de acuerdos comerciales han perjudicado la productividad del pa\u00eds y, por ende, en una menor calidad del empleo. Entre otros temas, los economistas critican el crecimiento del tama\u00f1o del\u00a0Estadorespecto a la econom\u00eda: pas\u00f3 del 23 % entre 2001 y 2006 al 40 % entre 2007- 2016. La deuda p\u00fablica tambi\u00e9n es otro de los puntos cr\u00edticos. Entre los a\u00f1os 2022 y 2027, el pa\u00eds debe destinar $ 11.750 millones, exclusivamente por pago de capital por bonos soberanos, cuya deuda fue acumulada en tan solo cuatro a\u00f1os. Sostienen que Grecia sufri\u00f3 terribles consecuencias a partir del d\u00eda en que no pudo obtener m\u00e1s financiamiento y cay\u00f3 en estrepitoso\u00a0default\u00a0o no pago de sus obligaciones. Pozo cont\u00f3 a\u00a0EXPRESO\u00a0que \u00e9l fue uno de los precursores de la\u00a0iniciativa. El economista asegur\u00f3 que buscaba a otros economistas para firmar un documento en materia econ\u00f3mica que hab\u00eda bosquejado. Mientras que Marco Flores, tambi\u00e9n exministro de\u00a0Finanzas, buscaba crear un foro de economistas y as\u00ed surgi\u00f3 la idea de generar un espacio de debate en esta materia. Buscaron a otros economistas que se sumen a la propuesta y as\u00ed, hace un par de meses, naci\u00f3 el Foro de Econom\u00eda y Finanzas P\u00fablicas. Por ahora, aclara Pozo, son 20 pero se pueden ir sumando otros especialistas en este tema. La idea es generar un debate econ\u00f3mico y proponer medidas\u009d, asegura Pozo, quien aclar\u00f3 que no es un grupo pol\u00edtico. Una de las razones para el lanzamiento de este foro en el actual momento pol\u00edtico que atraviesa el pa\u00eds, a decir de Pozo, es que luego de siete meses de gesti\u00f3n de Moreno todav\u00eda no se ven los cambios econ\u00f3micos suficientes y que luego de la consulta popular el mandatario pueda tomar mejores decisiones en este \u00e1mbito. Rosa Matilde Guerrero, exfuncionaria del Banco Interamericano de Desarrollo\u00a0(BID), confirm\u00f3 que el\u00a0sitio web\u00a0del foro donde se publicar\u00e1n los an\u00e1lisis se llamar\u00e1 lamesanoservida.com. Otro de los puntos que se\u00f1alan es la sostenibilidad de la seguridad social y asegura que esta no puede ser administrada en la forma\u00a0antit\u00e9cnica\u00a0que ha caracterizado al manejo de las cuentas fiscales del pa\u00eds los \u00faltimos 10 a\u00f1os. El actual ministro de\u00a0Finanzas, Carlos de la Torre, ha manifestado que no habr\u00e1 cambios en el manejo econ\u00f3mico y que su plan se basa en la ley para la reactivaci\u00f3n que entr\u00f3 en vigencia desde el 1 de enero. Adem\u00e1s, ha dicho que el riesgo pa\u00eds ha disminuido. Algunos miembros del foro: &nbsp; Mauricio Pozo exministro de finanzas Fue ministro de Finanzas del gobierno de Lucio Guti\u00e9rrez. Tambi\u00e9n ha sido catedr\u00e1tico de la Pontificia Universidad Cat\u00f3lica del Ecuador. Tiene un m\u00e1ster en Econom\u00eda por la Universidad de Notre Dame. &nbsp; Francisco Swett exministro de Finanzas Fue ministro de Finanzas del gobierno de Le\u00f3n Febres-Cordero. Es colaborador del departamento de investigaci\u00f3n de la Universidad Esp\u00edritu Santo de Guayaquil. Autor de libros en materia econ\u00f3mica. &nbsp; Carlos J. Emanuel exministro de Finanzas Ministro de Econom\u00eda en el gobierno de Gustavo Noboa y exgerente del Banco Central del Ecuador en el de Le\u00f3n Febres- Cordero. Consultor econ\u00f3mico y financiero para organismos multilaterales. &nbsp; Bernardo Acosta docente USFQ Fue vicepresidente ejecutivo de la C\u00e1mara de Industrias y Producci\u00f3n (CIP). Actualmente es catedr\u00e1tico de la Universidad San Francisco de Quito (USFQ). Columnista de opini\u00f3n, escritor y analista econ\u00f3mico. &nbsp; Jaime Carrera Director del OPF Actualmente desempe\u00f1a el cargo de director del Observatorio de la Pol\u00edtica Fiscal. Tambi\u00e9n ocup\u00f3 el cargo de subsecretario de Presupuesto del gobierno de Jamil Mahuad, a finales de la d\u00e9cada del 90. &nbsp; Maurico D\u00e1valos exgerente del BCE Fue gerente del Banco Central entre 1979 y 1981; presidente de la Asociaci\u00f3n de Productores y Exportadores de Flores del Ecuador, entre 1990 y 1994; representante de Pichincha a la Asamblea Nacional. &nbsp; Jos\u00e9 Hidalgo director de Cordes Es director de Cordes (Corporaci\u00f3n de Estudios para el Desarrollo). Es economista por la Pontificia Universidad Cat\u00f3lica del Ecuador. Ha escrito sobre econom\u00eda en el diario argentino La Naci\u00f3n. &nbsp; Alberto Dahik exvicepresidente Vicepresidente de Sixto Dur\u00e1n Ball\u00e9n. Actualmente se desempe\u00f1a como director del Centro de Estudios Econ\u00f3micos y Sociales para el Desarrollo (Cesde), de la Universidad Esp\u00edritu Santo. &nbsp; &nbsp; &nbsp; &nbsp; Fuente: http:\/\/www.expreso.ec\/economia\/economia-expertos-cambio-modelo-economico-CN1953235<\/p>\n","protected":false},"author":1,"featured_media":247154,"comment_status":"open","ping_status":"open","sticky":false,"template":"","format":"standard","meta":[],"categories":[54,32,43,40,35],"tags":[],"_links":{"self":[{"href":"https:\/\/www.ecuadortimes.net\/es\/wp-json\/wp\/v2\/posts\/247153"}],"collection":[{"href":"https:\/\/www.ecuadortimes.net\/es\/wp-json\/wp\/v2\/posts"}],"about":[{"href":"https:\/\/www.ecuadortimes.net\/es\/wp-json\/wp\/v2\/types\/post"}],"author":[{"embeddable":true,"href":"https:\/\/www.ecuadortimes.net\/es\/wp-json\/wp\/v2\/users\/1"}],"replies":[{"embeddable":true,"href":"https:\/\/www.ecuadortimes.net\/es\/wp-json\/wp\/v2\/comments?post=247153"}],"version-history":[{"count":0,"href":"https:\/\/www.ecuadortimes.net\/es\/wp-json\/wp\/v2\/posts\/247153\/revisions"}],"wp:featuredmedia":[{"embeddable":true,"href":"https:\/\/www.ecuadortimes.net\/es\/wp-json\/wp\/v2\/media\/247154"}],"wp:attachment":[{"href":"https:\/\/www.ecuadortimes.net\/es\/wp-json\/wp\/v2\/media?parent=247153"}],"wp:term":[{"taxonomy":"category","embeddable":true,"href":"https:\/\/www.ecuadortimes.net\/es\/wp-json\/wp\/v2\/categories?post=247153"},{"taxonomy":"post_tag","embeddable":true,"href":"https:\/\/www.ecuadortimes.net\/es\/wp-json\/wp\/v2\/tags?post=247153"}],"curies":[{"name":"wp","href":"https:\/\/api.w.org\/{rel}","templated":true}]}}