{"id":247157,"date":"2018-01-09T00:00:00","date_gmt":"2018-01-09T00:00:00","guid":{"rendered":"https:\/\/www.ecuadortimes.net\/es\/el-gobierno-anuncia-respaldo-a-creacion-de-fondo-nacional-del-agua\/"},"modified":"2018-01-09T00:00:00","modified_gmt":"2018-01-09T00:00:00","slug":"el-gobierno-anuncia-respaldo-a-creacion-de-fondo-nacional-del-agua","status":"publish","type":"post","link":"https:\/\/www.ecuadortimes.net\/es\/el-gobierno-anuncia-respaldo-a-creacion-de-fondo-nacional-del-agua\/","title":{"rendered":"El Gobierno anuncia respaldo a creaci\u00f3n de Fondo Nacional del Agua"},"content":{"rendered":"<p><img loading=\"lazy\" class=\"size-full wp-image-192477 aligncenter\" src=\"https:\/\/www.ecuadortimes.net\/es\/wp-content\/uploads\/2018\/01\/GOBIERNO_ANUNCIA_RESPALDO_CREACION_FONDO_NACIONAL_DE_AGUA_ECUADORTIMES_ECUADORNEWS.jpg\" alt=\"\" width=\"1200\" height=\"566\" \/><\/p>\n<p>&nbsp;<\/p>\n<p><strong>Seg\u00fan cifras del titular de la Senagua, el Ecuador tiene 3\u0099000.000 de hect\u00e1reas de potencial de \u00e1rea productiva. El Mandatario dijo que en los \u00faltimos a\u00f1os hubo una deuda en el campo en salud y educaci\u00f3n. El presidente de la Rep\u00fablica Len\u00edn Moreno respald\u00f3 la idea de que se constituya un Fondo Nacional del Agua de la mano de los integrantes de la Junta de Regantes del pa\u00eds.<\/strong><\/p>\n<p>El anuncio lo efectu\u00f3 luego de que los regantes de Tungurahua, Cotopaxi, Chimborazo, Bol\u00edvar y Pastaza presentaran en la Asamblea Nacional el proyecto de reforma a la ley de Recursos H\u00eddricos. En la propuesta plantean la necesidad de crear dicho fondo, que servir\u00e1 para la construcci\u00f3n\u00a0 de empresas para el mantenimiento de\u00a0 los canales de riego y de los p\u00e1ramos andinos.<\/p>\n<p>Durante la reuni\u00f3n con ese sector de la Sierra centro, entre ellos regantes y agricultores, el Mandatario dijo que aprueba la necesidad de ese fondo, pero advirti\u00f3 que\u00a0 debe efectu\u00e1rselo con responsabilidad, mediante una mesa de trabajo entre el Gobierno Nacional y las comunidades del pa\u00eds. Aclar\u00f3 que ese proyecto de ley va de la mano con la Minga Agropecuaria Nacional, que impulsa el Gobierno Nacional. En cambio, David Paucar, presidente de la Federaci\u00f3n Nacional de Juntas de Agua de Riego, afirm\u00f3 que el fondo tendr\u00e1 el apoyo de los gobiernos aut\u00f3nomos descentralizados (GAD). Ponder\u00f3 que son necesarias las reformas a la ley, debido a que es evidente la vulneraci\u00f3n de ciertos derechos que afectan a las juntas de agua de riego.<\/p>\n<p>La idea de fondo es garantizar la soberan\u00eda alimentaria. Al respecto, el Ministerio de Ambiente continuar\u00e1 con el di\u00e1logo para analizar las soluciones relacionadas con dichas necesidades. Adem\u00e1s, el gremio aprovech\u00f3 la oportunidad para proponer a Moreno alternativas para el desarrollo del agro, como la militarizaci\u00f3n de las fronteras, a fin de combatir el contrabando desde Per\u00fa y Colombia. Tambi\u00e9n plantearon que se nombre a la agricultura como sector estrat\u00e9gico para que sus recursos vayan al riego, a la producci\u00f3n, al cultivo y a la exportaci\u00f3n.<\/p>\n<p>Humberto Cholango, secretario nacional del Agua (Senagua), record\u00f3 que en el acuerdo ministerial 010 se emiti\u00f3 un plan de revisi\u00f3n de tarifas de agua cruda y all\u00ed se dispuso, entre otras cosas, que ese Fondo Nacional sea trabajado partiendo de un modelo de gesti\u00f3n, ponderando la protecci\u00f3n de fuentes de agua en p\u00e1ramos y la conservaci\u00f3n de la infraestructura hidr\u00e1ulica. Aclar\u00f3 que la propuesta de reforma de ley revive los dict\u00e1menes del Consejo de Competencia sobre la clasificaci\u00f3n de los canales de riego; el fortalecimiento de las alianzas p\u00fablico-comunitarias; la consolidaci\u00f3n de la soberan\u00eda alimentaria y la protecci\u00f3n de los p\u00e1ramos andinos.<\/p>\n<p>Detall\u00f3 que actualmente el Ecuador tiene un potencial de \u00e1rea productiva de 3 millones de\u00a0 hect\u00e1reas, de ellas 1,5 millones presenta infraestructura con falencias, las cuales se mantienen con mingas y trabajo. Adem\u00e1s, agreg\u00f3 que 980 mil hect\u00e1reas tienen riego. Moreno, en cambio, lament\u00f3 que los agricultores y regantes hayan sido maltratados\u009d en los \u00faltimos a\u00f1os y aclar\u00f3 que estos -en su gesti\u00f3n- son parte central de las pol\u00edticas p\u00fablicas. (I)<\/p>\n<p>&nbsp;<\/p>\n<p><strong>Mandatario resalt\u00f3 el perfil de la Vicepresidenta<\/strong><\/p>\n<p>Como una mujer honesta, capaz y de pensamiento progresista, calific\u00f3 ayer el presidente Len\u00edn Moreno a la vicepresidenta de la Rep\u00fablica, Mar\u00eda Alejandra Vicu\u00f1a, quien fue posesionada el s\u00e1bado en ese cargo por la Asamblea Nacional. En el espacio \u0098El Gobierno Informa\u0099 de los lunes, el Jefe de Estado sostuvo que Vicu\u00f1a cumplir\u00e1 con eficiencia las funciones que yo le encomiende\u009d. Con esta designaci\u00f3n y basados en la institucionalidad democr\u00e1tica, hemos cerrado un momento dif\u00edcil y penoso para el pa\u00eds.<\/p>\n<p>Con prudencia y paciencia hemos superado una compleja herencia, afianzados en el irrestricto respeto a las instituciones, con la verdad por delante y con una profunda vocaci\u00f3n democr\u00e1tica\u009d, agreg\u00f3. En la ma\u00f1ana Miguel Carvajal, secretario nacional de Gesti\u00f3n de la Pol\u00edtica, indic\u00f3 que a\u00fan no est\u00e1n definidas las funciones de la vicepresidenta Mar\u00eda Alejandra Vicu\u00f1a, quien fue posesionada el pasado s\u00e1bado en la Asamblea Nacional. Carvajal adelant\u00f3 que Vicu\u00f1a, por lo pronto, seguir\u00e1 liderando la coordinaci\u00f3n del Plan Casa para Todos.<\/p>\n<p>Espero que en el transcurso de esta semana se pueda definir\u009d, sostuvo el funcionario. Adem\u00e1s, consider\u00f3 necesario que Vicu\u00f1a debe seguir liderando el tema de la consulta popular y de la vivienda. El pasado 4 de octubre, cuando el presidente Len\u00edn Moreno encarg\u00f3 la Vicepresidencia a Vicu\u00f1a, le otorg\u00f3 las funciones de realizar el seguimiento al proceso de la consulta popular y referendo. Carvajal resalt\u00f3 que el \u00fanico que puede otorgar las delegaciones ser\u00e1 el Presidente.<\/p>\n<p>A\u00fan no se sabe cu\u00e1ndo se emitir\u00e1 el respectivo decreto ejecutivo. Adem\u00e1s, aparte de ello, debe analizarse qui\u00e9n ser\u00e1 su reemplazo en el Ministerio de Desarrollo Urbano y Vivienda (Miduvi), que al momento tambi\u00e9n lo lidera. Ayer, la primera actividad que cumpli\u00f3 Vicu\u00f1a como vicepresidenta fue la de acompa\u00f1ar al primer mandatario, Len\u00edn Moreno, en la ceremonia de cambio de guardia. (I)<\/p>\n<p>&nbsp;<\/p>\n<p><strong>Atenci\u00f3n social <\/strong><\/p>\n<p><strong>Deuda en el campo<\/strong><\/p>\n<p>\u0086\u0092El Presidente indic\u00f3 que no se ha prestado la debida atenci\u00f3n en los \u00e1mbitos\u00a0 de salud, educaci\u00f3n y servicios b\u00e1sicos en el campo. El compromiso de nuestro Gobierno es que sea un lujo vivir en el campo\u009d, aclar\u00f3.<\/p>\n<p>1,5 millones de hect\u00e1reas del pa\u00eds tiene infraestructura de riego con problemas.<\/p>\n<p><strong>A favor de la consulta\u00a0<\/strong><\/p>\n<p>\u0086\u0092Las juntas de agua a nivel nacional trabajar\u00e1n en territorio para hacer campa\u00f1a por el S\u00ed en la consulta.<\/p>\n<p>&nbsp;<\/p>\n<p>&nbsp;<\/p>\n<p><strong>Fuente: <\/strong><a href=\"http:\/\/www.eltelegrafo.com.ec\/noticias\/politica\/1\/el-gobierno-anuncia-respaldo-a-creacion-de-fondo-nacional-del-agua\" target=\"_blank\" rel=\"noopener noreferrer\">http:\/\/www.eltelegrafo.com.ec\/noticias\/politica\/1\/el-gobierno-anuncia-respaldo-a-creacion-de-fondo-nacional-del-agua<\/a><\/p>\n","protected":false},"excerpt":{"rendered":"<p>&nbsp; Seg\u00fan cifras del titular de la Senagua, el Ecuador tiene 3\u0099000.000 de hect\u00e1reas de potencial de \u00e1rea productiva. El Mandatario dijo que en los \u00faltimos a\u00f1os hubo una deuda en el campo en salud y educaci\u00f3n. El presidente de la Rep\u00fablica Len\u00edn Moreno respald\u00f3 la idea de que se constituya un Fondo Nacional del Agua de la mano de los integrantes de la Junta de Regantes del pa\u00eds. El anuncio lo efectu\u00f3 luego de que los regantes de Tungurahua, Cotopaxi, Chimborazo, Bol\u00edvar y Pastaza presentaran en la Asamblea Nacional el proyecto de reforma a la ley de Recursos H\u00eddricos. En la propuesta plantean la necesidad de crear dicho fondo, que servir\u00e1 para la construcci\u00f3n\u00a0 de empresas para el mantenimiento de\u00a0 los canales de riego y de los p\u00e1ramos andinos. Durante la reuni\u00f3n con ese sector de la Sierra centro, entre ellos regantes y agricultores, el Mandatario dijo que aprueba la necesidad de ese fondo, pero advirti\u00f3 que\u00a0 debe efectu\u00e1rselo con responsabilidad, mediante una mesa de trabajo entre el Gobierno Nacional y las comunidades del pa\u00eds. Aclar\u00f3 que ese proyecto de ley va de la mano con la Minga Agropecuaria Nacional, que impulsa el Gobierno Nacional. En cambio, David Paucar, presidente de la Federaci\u00f3n Nacional de Juntas de Agua de Riego, afirm\u00f3 que el fondo tendr\u00e1 el apoyo de los gobiernos aut\u00f3nomos descentralizados (GAD). Ponder\u00f3 que son necesarias las reformas a la ley, debido a que es evidente la vulneraci\u00f3n de ciertos derechos que afectan a las juntas de agua de riego. La idea de fondo es garantizar la soberan\u00eda alimentaria. Al respecto, el Ministerio de Ambiente continuar\u00e1 con el di\u00e1logo para analizar las soluciones relacionadas con dichas necesidades. Adem\u00e1s, el gremio aprovech\u00f3 la oportunidad para proponer a Moreno alternativas para el desarrollo del agro, como la militarizaci\u00f3n de las fronteras, a fin de combatir el contrabando desde Per\u00fa y Colombia. Tambi\u00e9n plantearon que se nombre a la agricultura como sector estrat\u00e9gico para que sus recursos vayan al riego, a la producci\u00f3n, al cultivo y a la exportaci\u00f3n. Humberto Cholango, secretario nacional del Agua (Senagua), record\u00f3 que en el acuerdo ministerial 010 se emiti\u00f3 un plan de revisi\u00f3n de tarifas de agua cruda y all\u00ed se dispuso, entre otras cosas, que ese Fondo Nacional sea trabajado partiendo de un modelo de gesti\u00f3n, ponderando la protecci\u00f3n de fuentes de agua en p\u00e1ramos y la conservaci\u00f3n de la infraestructura hidr\u00e1ulica. Aclar\u00f3 que la propuesta de reforma de ley revive los dict\u00e1menes del Consejo de Competencia sobre la clasificaci\u00f3n de los canales de riego; el fortalecimiento de las alianzas p\u00fablico-comunitarias; la consolidaci\u00f3n de la soberan\u00eda alimentaria y la protecci\u00f3n de los p\u00e1ramos andinos. Detall\u00f3 que actualmente el Ecuador tiene un potencial de \u00e1rea productiva de 3 millones de\u00a0 hect\u00e1reas, de ellas 1,5 millones presenta infraestructura con falencias, las cuales se mantienen con mingas y trabajo. Adem\u00e1s, agreg\u00f3 que 980 mil hect\u00e1reas tienen riego. Moreno, en cambio, lament\u00f3 que los agricultores y regantes hayan sido maltratados\u009d en los \u00faltimos a\u00f1os y aclar\u00f3 que estos -en su gesti\u00f3n- son parte central de las pol\u00edticas p\u00fablicas. (I) &nbsp; Mandatario resalt\u00f3 el perfil de la Vicepresidenta Como una mujer honesta, capaz y de pensamiento progresista, calific\u00f3 ayer el presidente Len\u00edn Moreno a la vicepresidenta de la Rep\u00fablica, Mar\u00eda Alejandra Vicu\u00f1a, quien fue posesionada el s\u00e1bado en ese cargo por la Asamblea Nacional. En el espacio \u0098El Gobierno Informa\u0099 de los lunes, el Jefe de Estado sostuvo que Vicu\u00f1a cumplir\u00e1 con eficiencia las funciones que yo le encomiende\u009d. Con esta designaci\u00f3n y basados en la institucionalidad democr\u00e1tica, hemos cerrado un momento dif\u00edcil y penoso para el pa\u00eds. Con prudencia y paciencia hemos superado una compleja herencia, afianzados en el irrestricto respeto a las instituciones, con la verdad por delante y con una profunda vocaci\u00f3n democr\u00e1tica\u009d, agreg\u00f3. En la ma\u00f1ana Miguel Carvajal, secretario nacional de Gesti\u00f3n de la Pol\u00edtica, indic\u00f3 que a\u00fan no est\u00e1n definidas las funciones de la vicepresidenta Mar\u00eda Alejandra Vicu\u00f1a, quien fue posesionada el pasado s\u00e1bado en la Asamblea Nacional. Carvajal adelant\u00f3 que Vicu\u00f1a, por lo pronto, seguir\u00e1 liderando la coordinaci\u00f3n del Plan Casa para Todos. Espero que en el transcurso de esta semana se pueda definir\u009d, sostuvo el funcionario. Adem\u00e1s, consider\u00f3 necesario que Vicu\u00f1a debe seguir liderando el tema de la consulta popular y de la vivienda. El pasado 4 de octubre, cuando el presidente Len\u00edn Moreno encarg\u00f3 la Vicepresidencia a Vicu\u00f1a, le otorg\u00f3 las funciones de realizar el seguimiento al proceso de la consulta popular y referendo. Carvajal resalt\u00f3 que el \u00fanico que puede otorgar las delegaciones ser\u00e1 el Presidente. A\u00fan no se sabe cu\u00e1ndo se emitir\u00e1 el respectivo decreto ejecutivo. Adem\u00e1s, aparte de ello, debe analizarse qui\u00e9n ser\u00e1 su reemplazo en el Ministerio de Desarrollo Urbano y Vivienda (Miduvi), que al momento tambi\u00e9n lo lidera. Ayer, la primera actividad que cumpli\u00f3 Vicu\u00f1a como vicepresidenta fue la de acompa\u00f1ar al primer mandatario, Len\u00edn Moreno, en la ceremonia de cambio de guardia. (I) &nbsp; Atenci\u00f3n social Deuda en el campo \u0086\u0092El Presidente indic\u00f3 que no se ha prestado la debida atenci\u00f3n en los \u00e1mbitos\u00a0 de salud, educaci\u00f3n y servicios b\u00e1sicos en el campo. El compromiso de nuestro Gobierno es que sea un lujo vivir en el campo\u009d, aclar\u00f3. 1,5 millones de hect\u00e1reas del pa\u00eds tiene infraestructura de riego con problemas. A favor de la consulta\u00a0 \u0086\u0092Las juntas de agua a nivel nacional trabajar\u00e1n en territorio para hacer campa\u00f1a por el S\u00ed en la consulta. &nbsp; &nbsp; Fuente: http:\/\/www.eltelegrafo.com.ec\/noticias\/politica\/1\/el-gobierno-anuncia-respaldo-a-creacion-de-fondo-nacional-del-agua<\/p>\n","protected":false},"author":1,"featured_media":247158,"comment_status":"open","ping_status":"open","sticky":false,"template":"","format":"standard","meta":[],"categories":[54,32,40,35],"tags":[],"_links":{"self":[{"href":"https:\/\/www.ecuadortimes.net\/es\/wp-json\/wp\/v2\/posts\/247157"}],"collection":[{"href":"https:\/\/www.ecuadortimes.net\/es\/wp-json\/wp\/v2\/posts"}],"about":[{"href":"https:\/\/www.ecuadortimes.net\/es\/wp-json\/wp\/v2\/types\/post"}],"author":[{"embeddable":true,"href":"https:\/\/www.ecuadortimes.net\/es\/wp-json\/wp\/v2\/users\/1"}],"replies":[{"embeddable":true,"href":"https:\/\/www.ecuadortimes.net\/es\/wp-json\/wp\/v2\/comments?post=247157"}],"version-history":[{"count":0,"href":"https:\/\/www.ecuadortimes.net\/es\/wp-json\/wp\/v2\/posts\/247157\/revisions"}],"wp:featuredmedia":[{"embeddable":true,"href":"https:\/\/www.ecuadortimes.net\/es\/wp-json\/wp\/v2\/media\/247158"}],"wp:attachment":[{"href":"https:\/\/www.ecuadortimes.net\/es\/wp-json\/wp\/v2\/media?parent=247157"}],"wp:term":[{"taxonomy":"category","embeddable":true,"href":"https:\/\/www.ecuadortimes.net\/es\/wp-json\/wp\/v2\/categories?post=247157"},{"taxonomy":"post_tag","embeddable":true,"href":"https:\/\/www.ecuadortimes.net\/es\/wp-json\/wp\/v2\/tags?post=247157"}],"curies":[{"name":"wp","href":"https:\/\/api.w.org\/{rel}","templated":true}]}}