{"id":247159,"date":"2018-01-09T00:00:00","date_gmt":"2018-01-09T00:00:00","guid":{"rendered":"https:\/\/www.ecuadortimes.net\/es\/contraloria-reporta-cinco-hallazgos-sobre-la-deuda-adquirida-por-rafael-correa\/"},"modified":"2018-01-09T00:00:00","modified_gmt":"2018-01-09T00:00:00","slug":"contraloria-reporta-cinco-hallazgos-sobre-la-deuda-adquirida-por-rafael-correa","status":"publish","type":"post","link":"https:\/\/www.ecuadortimes.net\/es\/contraloria-reporta-cinco-hallazgos-sobre-la-deuda-adquirida-por-rafael-correa\/","title":{"rendered":"Contralor\u00eda reporta cinco hallazgos sobre la deuda adquirida por Rafael Correa"},"content":{"rendered":"<p><img loading=\"lazy\" class=\"size-full wp-image-192473 aligncenter\" src=\"https:\/\/www.ecuadortimes.net\/es\/wp-content\/uploads\/2018\/01\/CONTRALORIA_REPORTA_CINCO_HALLAZGOS_SOBRE_DEUDA_ADQUIRIDA_RAFAEL_CORREA_ECUADORTIMES_ECUADORNEWS.jpg\" alt=\"\" width=\"800\" height=\"450\" \/><\/p>\n<p>&nbsp;<\/p>\n<p>El contralor <strong>Pablo Celi<\/strong> revel\u00f3 este lunes al menos cinco hallazgos preliminares obtenidos dentro de la <strong>auditor\u00eda de deuda (periodo enero 2012 &#8211; mayo 2017).<\/strong><\/p>\n<p>Entre ellos est\u00e1 la declaratoria de secreta y reservada de documentaci\u00f3n de deuda; las operaciones de venta anticipada de petr\u00f3leo que no fue considerada deuda. Adem\u00e1s se investiga el decreto ejecutivo 1218, en el cual se dispon\u00eda tomar la deuda consolidada como \u00edndice de la deuda y no la total.<\/p>\n<p>Se analiza el convenio interinstitucional firmado entre el <strong>Ministerio de Finanzas y EP Petroecuador<\/strong>, con el cual se le dio un rol de gestor de financiamiento a la empresa. Tambi\u00e9n hubo deficiencias en el archivo de la documentaci\u00f3n.<\/p>\n<p>&nbsp;<\/p>\n<p><a href=\"https:\/\/twitter.com\/PattySan2011\/status\/950410168222867456\" target=\"_blank\" rel=\"noopener noreferrer\"><img loading=\"lazy\" class=\"size-full wp-image-192488 aligncenter\" src=\"https:\/\/www.ecuadortimes.net\/es\/wp-content\/uploads\/2018\/01\/CONTRALORIA_REPORTA_CINCO_HALLAZGOS_SOBRE_DEUDA_ADQUIRIDA_RAFAEL_CORREA_1_ECUADORTIMES_ECUADORNEWS.png\" alt=\"\" width=\"455\" height=\"436\" \/><\/a><\/p>\n<p>&nbsp;<\/p>\n<p>&nbsp;<\/p>\n<p>Sobre estos temas, funcionarios p\u00fablicos deber\u00e1n informar sus puntos de vista y aportar con documentaci\u00f3n, dentro del proceso de auditor\u00eda global que realiza la Contralor\u00eda.<\/p>\n<p>Funcionarios y exfuncionarios fueron notificados al respecto; entre ellos, el expresidente Rafael Correa, como presidente del Comit\u00e9 de Deuda, y algunos exministros de Econom\u00eda y Finanzas.<\/p>\n<p>Personal de Contralor\u00eda lleg\u00f3 hasta las calles Esmeraldas y G\u00f3mez Rend\u00f3n, en el centro sur de Guayaquil, para entregarle la notificaci\u00f3n a Correa.<\/p>\n<p>All\u00ed el exmandatario mantuvo una reuni\u00f3n con asamble\u00edstas aliados, pero no recibi\u00f3 la notificaci\u00f3n personalmente; en su lugar lo hizo su abogado particular, Alexis Mera, exsecretario jur\u00eddico en la Presidencia.<\/p>\n<p>Correa asegur\u00f3 que todo se trata de una persecuci\u00f3n pol\u00edtica y que buscan distraerlo de la campa\u00f1a electoral.<\/p>\n<p>La auditor\u00eda fue difundida el lunes tras el anuncio de la conformaci\u00f3n de una veedur\u00eda ciudadana de expertos. All\u00ed constan los excontralores Marcelo Merlo y Alfredo Corral; los expertos econ\u00f3micos Ramiro Crespo y Le\u00f3n Rold\u00f3s; Eduardo Valencia, de la Comisi\u00f3n Investigadora de la Crisis Financiera; y la exfiscal Mariana Y\u00e9pez.<\/p>\n<p>Se suman a ellos Magdalena Barreiro y Pablo D\u00e1valos, exfuncionarios de Finanzas; as\u00ed como los representantes empresariales Patricio Alarc\u00f3n y Roberto Aspiazu; y la catedr\u00e1tica universitaria Ana Abril.<\/p>\n<p>El contralor Celi dijo que estos aportar\u00e1n con an\u00e1lisis cr\u00edtico del tema e incluso informaci\u00f3n complementaria.<\/p>\n<p>Eduardo Valencia consider\u00f3 que la preventa petrolera consta como deuda y lament\u00f3 que haya recursos petroleros comprometidos hasta el 2024.<\/p>\n<p>Y consider\u00f3 que se busc\u00f3 evadir el l\u00edmite constitucional de la misma, al tomar en cuenta solo la consolidada. Para el experto, se puso en riesgo el presente y el futuro del pa\u00eds.\u00a0(I)<\/p>\n<p>&nbsp;<\/p>\n<p>&nbsp;<\/p>\n<p><strong>Fuente: <\/strong><a href=\"https:\/\/www.eluniverso.com\/noticias\/2018\/01\/08\/nota\/6557346\/contraloria-notifica-rafael-correa-resultados-preliminares\" target=\"_blank\" rel=\"noopener noreferrer\">https:\/\/www.eluniverso.com\/noticias\/2018\/01\/08\/nota\/6557346\/contraloria-notifica-rafael-correa-resultados-preliminares<\/a><\/p>\n","protected":false},"excerpt":{"rendered":"<p>&nbsp; El contralor Pablo Celi revel\u00f3 este lunes al menos cinco hallazgos preliminares obtenidos dentro de la auditor\u00eda de deuda (periodo enero 2012 &#8211; mayo 2017). Entre ellos est\u00e1 la declaratoria de secreta y reservada de documentaci\u00f3n de deuda; las operaciones de venta anticipada de petr\u00f3leo que no fue considerada deuda. Adem\u00e1s se investiga el decreto ejecutivo 1218, en el cual se dispon\u00eda tomar la deuda consolidada como \u00edndice de la deuda y no la total. Se analiza el convenio interinstitucional firmado entre el Ministerio de Finanzas y EP Petroecuador, con el cual se le dio un rol de gestor de financiamiento a la empresa. Tambi\u00e9n hubo deficiencias en el archivo de la documentaci\u00f3n. &nbsp; &nbsp; &nbsp; Sobre estos temas, funcionarios p\u00fablicos deber\u00e1n informar sus puntos de vista y aportar con documentaci\u00f3n, dentro del proceso de auditor\u00eda global que realiza la Contralor\u00eda. Funcionarios y exfuncionarios fueron notificados al respecto; entre ellos, el expresidente Rafael Correa, como presidente del Comit\u00e9 de Deuda, y algunos exministros de Econom\u00eda y Finanzas. Personal de Contralor\u00eda lleg\u00f3 hasta las calles Esmeraldas y G\u00f3mez Rend\u00f3n, en el centro sur de Guayaquil, para entregarle la notificaci\u00f3n a Correa. All\u00ed el exmandatario mantuvo una reuni\u00f3n con asamble\u00edstas aliados, pero no recibi\u00f3 la notificaci\u00f3n personalmente; en su lugar lo hizo su abogado particular, Alexis Mera, exsecretario jur\u00eddico en la Presidencia. Correa asegur\u00f3 que todo se trata de una persecuci\u00f3n pol\u00edtica y que buscan distraerlo de la campa\u00f1a electoral. La auditor\u00eda fue difundida el lunes tras el anuncio de la conformaci\u00f3n de una veedur\u00eda ciudadana de expertos. All\u00ed constan los excontralores Marcelo Merlo y Alfredo Corral; los expertos econ\u00f3micos Ramiro Crespo y Le\u00f3n Rold\u00f3s; Eduardo Valencia, de la Comisi\u00f3n Investigadora de la Crisis Financiera; y la exfiscal Mariana Y\u00e9pez. Se suman a ellos Magdalena Barreiro y Pablo D\u00e1valos, exfuncionarios de Finanzas; as\u00ed como los representantes empresariales Patricio Alarc\u00f3n y Roberto Aspiazu; y la catedr\u00e1tica universitaria Ana Abril. El contralor Celi dijo que estos aportar\u00e1n con an\u00e1lisis cr\u00edtico del tema e incluso informaci\u00f3n complementaria. Eduardo Valencia consider\u00f3 que la preventa petrolera consta como deuda y lament\u00f3 que haya recursos petroleros comprometidos hasta el 2024. Y consider\u00f3 que se busc\u00f3 evadir el l\u00edmite constitucional de la misma, al tomar en cuenta solo la consolidada. Para el experto, se puso en riesgo el presente y el futuro del pa\u00eds.\u00a0(I) &nbsp; &nbsp; Fuente: https:\/\/www.eluniverso.com\/noticias\/2018\/01\/08\/nota\/6557346\/contraloria-notifica-rafael-correa-resultados-preliminares<\/p>\n","protected":false},"author":1,"featured_media":247160,"comment_status":"open","ping_status":"open","sticky":false,"template":"","format":"standard","meta":[],"categories":[54,32,40,46],"tags":[],"_links":{"self":[{"href":"https:\/\/www.ecuadortimes.net\/es\/wp-json\/wp\/v2\/posts\/247159"}],"collection":[{"href":"https:\/\/www.ecuadortimes.net\/es\/wp-json\/wp\/v2\/posts"}],"about":[{"href":"https:\/\/www.ecuadortimes.net\/es\/wp-json\/wp\/v2\/types\/post"}],"author":[{"embeddable":true,"href":"https:\/\/www.ecuadortimes.net\/es\/wp-json\/wp\/v2\/users\/1"}],"replies":[{"embeddable":true,"href":"https:\/\/www.ecuadortimes.net\/es\/wp-json\/wp\/v2\/comments?post=247159"}],"version-history":[{"count":0,"href":"https:\/\/www.ecuadortimes.net\/es\/wp-json\/wp\/v2\/posts\/247159\/revisions"}],"wp:featuredmedia":[{"embeddable":true,"href":"https:\/\/www.ecuadortimes.net\/es\/wp-json\/wp\/v2\/media\/247160"}],"wp:attachment":[{"href":"https:\/\/www.ecuadortimes.net\/es\/wp-json\/wp\/v2\/media?parent=247159"}],"wp:term":[{"taxonomy":"category","embeddable":true,"href":"https:\/\/www.ecuadortimes.net\/es\/wp-json\/wp\/v2\/categories?post=247159"},{"taxonomy":"post_tag","embeddable":true,"href":"https:\/\/www.ecuadortimes.net\/es\/wp-json\/wp\/v2\/tags?post=247159"}],"curies":[{"name":"wp","href":"https:\/\/api.w.org\/{rel}","templated":true}]}}