{"id":247163,"date":"2018-01-09T00:00:00","date_gmt":"2018-01-09T00:00:00","guid":{"rendered":"https:\/\/www.ecuadortimes.net\/es\/convocadas-11-personas-para-verificar-la-deuda-publica\/"},"modified":"2018-01-09T00:00:00","modified_gmt":"2018-01-09T00:00:00","slug":"convocadas-11-personas-para-verificar-la-deuda-publica","status":"publish","type":"post","link":"https:\/\/www.ecuadortimes.net\/es\/convocadas-11-personas-para-verificar-la-deuda-publica\/","title":{"rendered":"Convocadas 11 personas para verificar la deuda p\u00fablica"},"content":{"rendered":"<p><img loading=\"lazy\" class=\"size-full wp-image-192474 aligncenter\" src=\"https:\/\/www.ecuadortimes.net\/es\/wp-content\/uploads\/2018\/01\/CONVOCADAS_11_PERSONAS_PARA_VERIFICAR_LA_DEUDA_PUBLICA_ECUADORTIMES_ECUADORNEWS.jpg\" alt=\"\" width=\"762\" height=\"428\" \/><\/p>\n<p>&nbsp;<\/p>\n<p>El nombramiento de ellos estaba previsto desde julio del 2017. Arranc\u00f3 el 2018 y la lista de qui\u00e9nes son los veedores de un\u00a0<b>examen especial<\/b>\u00a0ordenado por la\u00a0<b>Contralor\u00eda General del Estado<\/b>, ya estaba completa. Son 11 los escogidos y el \u00e1mbito en el que se desempe\u00f1an es variado.<\/p>\n<p>La\u00a0<b>C\u00e1mara de Comercio de Quito<\/b>, por ejemplo, festej\u00f3 que su presidente Patricio Alarc\u00f3n, haya sido considerado.<\/p>\n<p>&nbsp;<\/p>\n<p><a href=\"https:\/\/twitter.com\/lacamaradequito\/status\/950409744631681024\" target=\"_blank\" rel=\"noopener noreferrer\"><img loading=\"lazy\" class=\"size-full wp-image-192504 aligncenter\" src=\"https:\/\/www.ecuadortimes.net\/es\/wp-content\/uploads\/2018\/01\/CONVOCADAS_11_PERSONAS_PARA_VERIFICAR_LA_DEUDA_PUBLICA_1_ECUADORTIMES_ECUADORNEWS.png\" alt=\"\" width=\"505\" height=\"474\" \/><\/a><\/p>\n<p>&nbsp;<\/p>\n<p>En medio de los integrantes tambi\u00e9n figura el hermano del expresidente Jaime Rold\u00f3s,\u00a0<b>Le\u00f3n Rold\u00f3s<\/b>; junto a Eduardo Valencia, Pablo D\u00e1valos, Ramiro Crespo, Roberto Aspiazu, entre otros.<\/p>\n<p><b>Pablo Celi<\/b>, contralor general, fue quien los convoc\u00f3. \u00bfPor qu\u00e9? debido a las trascendencias de las<b>\u00a0finanzas p\u00fablicas\u00a0<\/b>se invita a la conformaci\u00f3n de una veedur\u00eda ciudadana\u009d. En el documento donde se ordena este examen especial se limita que el per\u00edodo a ser analizado ser\u00e1 de enero del 2012 a mayo del 2017. Los perfiles, se aclara, son extrictamente econ\u00f3micos o jur\u00eddicos.<\/p>\n<p>Esta investigaci\u00f3n que se iniciar\u00e1 se da luego de que 11 ex\u00e1menes entre 2002 y 2015 presentaban inconsistencias, es decir, la deuda adquirida por Rafael Correa, tambi\u00e9n se incluye.<\/p>\n<p>Funcionarios de la Contralor\u00eda llegaron la tarde del 08 de enero a una de las centrales de PAIS para notificar al expresidente, sin embargo, los gritos de militantes corre\u00edstas ahuyentaron a los funcionarios.<\/p>\n<p>Ante esto, el exmandatario no tard\u00f3 en reaccionar en su cuenta de\u00a0<b>Twitter<\/b>. Reci\u00e9n me entero de un supuesto \u0098informe preliminar\u0099 sobre la auditor\u00eda de la deuda (que ya se hab\u00eda hecho) y de una \u0098comisi\u00f3n de notables\u0099, en la cual hay varios odiadores de la RC (Rafael Correa), para nuevamente \u0098auditarla\u0099. Ojal\u00e1 todos tengan claro lo que est\u00e1 pasando \u00a1Ya es descarado!\u009d, manifest\u00f3 el mandatario en su red social.<\/p>\n<p>&nbsp;<\/p>\n<p><a href=\"https:\/\/twitter.com\/MashiRafael\/status\/950469557315096576\" target=\"_blank\" rel=\"noopener noreferrer\"><img loading=\"lazy\" class=\"size-full wp-image-192505 aligncenter\" src=\"https:\/\/www.ecuadortimes.net\/es\/wp-content\/uploads\/2018\/01\/CONVOCADAS_11_PERSONAS_PARA_VERIFICAR_LA_DEUDA_PUBLICA_2_ECUADORTIMES_ECUADORNEWS.png\" alt=\"\" width=\"504\" height=\"826\" \/><\/a><\/p>\n<p>&nbsp;<\/p>\n<p>&nbsp;<\/p>\n<p><strong>Fuente: <\/strong><a href=\"http:\/\/www.expreso.ec\/actualidad\/contraloriageneraldelestado-pabloceli-veedores-deudapublica-ecuador-GL1951778\" target=\"_blank\" rel=\"noopener noreferrer\">http:\/\/www.expreso.ec\/actualidad\/contraloriageneraldelestado-pabloceli-veedores-deudapublica-ecuador-GL1951778<\/a><\/p>\n","protected":false},"excerpt":{"rendered":"<p>&nbsp; El nombramiento de ellos estaba previsto desde julio del 2017. Arranc\u00f3 el 2018 y la lista de qui\u00e9nes son los veedores de un\u00a0examen especial\u00a0ordenado por la\u00a0Contralor\u00eda General del Estado, ya estaba completa. Son 11 los escogidos y el \u00e1mbito en el que se desempe\u00f1an es variado. La\u00a0C\u00e1mara de Comercio de Quito, por ejemplo, festej\u00f3 que su presidente Patricio Alarc\u00f3n, haya sido considerado. &nbsp; &nbsp; En medio de los integrantes tambi\u00e9n figura el hermano del expresidente Jaime Rold\u00f3s,\u00a0Le\u00f3n Rold\u00f3s; junto a Eduardo Valencia, Pablo D\u00e1valos, Ramiro Crespo, Roberto Aspiazu, entre otros. Pablo Celi, contralor general, fue quien los convoc\u00f3. \u00bfPor qu\u00e9? debido a las trascendencias de las\u00a0finanzas p\u00fablicas\u00a0se invita a la conformaci\u00f3n de una veedur\u00eda ciudadana\u009d. En el documento donde se ordena este examen especial se limita que el per\u00edodo a ser analizado ser\u00e1 de enero del 2012 a mayo del 2017. Los perfiles, se aclara, son extrictamente econ\u00f3micos o jur\u00eddicos. Esta investigaci\u00f3n que se iniciar\u00e1 se da luego de que 11 ex\u00e1menes entre 2002 y 2015 presentaban inconsistencias, es decir, la deuda adquirida por Rafael Correa, tambi\u00e9n se incluye. Funcionarios de la Contralor\u00eda llegaron la tarde del 08 de enero a una de las centrales de PAIS para notificar al expresidente, sin embargo, los gritos de militantes corre\u00edstas ahuyentaron a los funcionarios. Ante esto, el exmandatario no tard\u00f3 en reaccionar en su cuenta de\u00a0Twitter. Reci\u00e9n me entero de un supuesto \u0098informe preliminar\u0099 sobre la auditor\u00eda de la deuda (que ya se hab\u00eda hecho) y de una \u0098comisi\u00f3n de notables\u0099, en la cual hay varios odiadores de la RC (Rafael Correa), para nuevamente \u0098auditarla\u0099. Ojal\u00e1 todos tengan claro lo que est\u00e1 pasando \u00a1Ya es descarado!\u009d, manifest\u00f3 el mandatario en su red social. &nbsp; &nbsp; &nbsp; Fuente: http:\/\/www.expreso.ec\/actualidad\/contraloriageneraldelestado-pabloceli-veedores-deudapublica-ecuador-GL1951778<\/p>\n","protected":false},"author":1,"featured_media":247164,"comment_status":"open","ping_status":"open","sticky":false,"template":"","format":"standard","meta":[],"categories":[54,32,43,40,35],"tags":[],"_links":{"self":[{"href":"https:\/\/www.ecuadortimes.net\/es\/wp-json\/wp\/v2\/posts\/247163"}],"collection":[{"href":"https:\/\/www.ecuadortimes.net\/es\/wp-json\/wp\/v2\/posts"}],"about":[{"href":"https:\/\/www.ecuadortimes.net\/es\/wp-json\/wp\/v2\/types\/post"}],"author":[{"embeddable":true,"href":"https:\/\/www.ecuadortimes.net\/es\/wp-json\/wp\/v2\/users\/1"}],"replies":[{"embeddable":true,"href":"https:\/\/www.ecuadortimes.net\/es\/wp-json\/wp\/v2\/comments?post=247163"}],"version-history":[{"count":0,"href":"https:\/\/www.ecuadortimes.net\/es\/wp-json\/wp\/v2\/posts\/247163\/revisions"}],"wp:featuredmedia":[{"embeddable":true,"href":"https:\/\/www.ecuadortimes.net\/es\/wp-json\/wp\/v2\/media\/247164"}],"wp:attachment":[{"href":"https:\/\/www.ecuadortimes.net\/es\/wp-json\/wp\/v2\/media?parent=247163"}],"wp:term":[{"taxonomy":"category","embeddable":true,"href":"https:\/\/www.ecuadortimes.net\/es\/wp-json\/wp\/v2\/categories?post=247163"},{"taxonomy":"post_tag","embeddable":true,"href":"https:\/\/www.ecuadortimes.net\/es\/wp-json\/wp\/v2\/tags?post=247163"}],"curies":[{"name":"wp","href":"https:\/\/api.w.org\/{rel}","templated":true}]}}