{"id":247165,"date":"2018-01-09T00:00:00","date_gmt":"2018-01-09T00:00:00","guid":{"rendered":"https:\/\/www.ecuadortimes.net\/es\/carlos-baca-cree-que-es-poco-regular-que-jorge-glas-de-entrevistas-en-carcel\/"},"modified":"2018-01-09T00:00:00","modified_gmt":"2018-01-09T00:00:00","slug":"carlos-baca-cree-que-es-poco-regular-que-jorge-glas-de-entrevistas-en-carcel","status":"publish","type":"post","link":"https:\/\/www.ecuadortimes.net\/es\/carlos-baca-cree-que-es-poco-regular-que-jorge-glas-de-entrevistas-en-carcel\/","title":{"rendered":"Carlos Baca cree que es poco regular que Jorge Glas d\u00e9 entrevistas en c\u00e1rcel"},"content":{"rendered":"<p><img loading=\"lazy\" class=\"size-full wp-image-192471 aligncenter\" src=\"https:\/\/www.ecuadortimes.net\/es\/wp-content\/uploads\/2018\/01\/CARLOS_BACA_POCO_REGULAR_JORGE_GLAS_DE_ENTREVISTA_CARCE_ECUADORTIMES_ECUADORNEWS.jpg\" alt=\"\" width=\"1960\" height=\"1307\" \/><\/p>\n<p>&nbsp;<\/p>\n<div class=\"location-event\"><strong>Quito &#8211;<\/strong><\/div>\n<p>Me sorprende que una persona procesada (<a href=\"https:\/\/www.eluniverso.com\/tema\/jorge-glas-espinel\" target=\"_self\" rel=\"noopener noreferrer\">Jorge Glas<\/a>) reciba medios de comunicaci\u00f3n, d\u00e9 ruedas de prensa. (&#8230;) Si no es un privilegio, por lo menos a m\u00ed me parece poco regular\u009d.<\/p>\n<p>As\u00ed refiri\u00f3 ayer el fiscal<a href=\"https:\/\/www.eluniverso.com\/tema\/carlos-baca-mancheno\" target=\"_self\" rel=\"noopener noreferrer\">\u00a0Carlos Baca<\/a>\u00a0al ser abordado en radio\u00a0<em>Visi\u00f3n<\/em>\u00a0sobre entrevistas que ha mantenido el exvicepresidente con prensa internacional y local desde el interior de la C\u00e1rcel 4, lugar en el que est\u00e1 detenido luego de ser procesado y sentenciado a seis a\u00f1os de c\u00e1rcel por el delito de asociaci\u00f3n il\u00edcita con Odebrecht.<\/p>\n<p>Baca cree que si se opt\u00f3 por dejar pasar a la prensa para que Glas hable, tambi\u00e9n podr\u00eda hacerse con otros detenidos que est\u00e1n en la misma situaci\u00f3n. Seg\u00fan \u00e9l, hay algunos que podr\u00edan tambi\u00e9n ser llamados a dar declaraciones p\u00fablicas y nombr\u00f3, como ejemplo, al exasamble\u00edsta\u00a0<a href=\"https:\/\/www.eluniverso.com\/tema\/galo-lara\" target=\"_self\" rel=\"noopener noreferrer\">Galo Lara<\/a>, sentenciado como c\u00f3mplice de un asesinato.<\/p>\n<p>La ministra de Justicia,\u00a0<a href=\"https:\/\/www.eluniverso.com\/tema\/rosana-alvarado\" target=\"_self\" rel=\"noopener noreferrer\">Rosana Alvarado<\/a>, explic\u00f3 que se consider\u00f3 importante que mientras Glas era vicepresidente autorizar la posibilidad de que medios lo entrevisten.<\/p>\n<p>No es este ni un privilegio, ni un derecho que puede llegar a tener cualquier persona privada de la libertad, pero en su cargo, que era vicepresidente, hasta la semana pasada, consider\u00e1bamos importante, si es que \u00e9l aceptaba las entrevistas, autorizar el ingreso de la prensa\u009d, indic\u00f3 Alvarado, apuntando varias ocasiones a que la situaci\u00f3n cambia una vez que la Asamblea design\u00f3 a\u00a0<a href=\"https:\/\/www.eluniverso.com\/tema\/maria-alejandra-vicuna\" target=\"_self\" rel=\"noopener noreferrer\">Mar\u00eda Alejandra Vicu\u00f1a<\/a>\u00a0nueva vicepresidenta.<\/p>\n<p>Alvarado manifest\u00f3 que existen solicitudes para entrevistas con otros presos.<\/p>\n<p>Con relaci\u00f3n a si Glas se mantendr\u00e1 en la C\u00e1rcel 4, la ministra expres\u00f3 que hay algunos recursos pendientes en este caso, pero que ese tema se decide con base en informes de seguridad penitenciario.\u00a0(I)<\/p>\n<p>&nbsp;<\/p>\n<p>&nbsp;<\/p>\n<p><strong>Fuente: <\/strong><a href=\"https:\/\/www.eluniverso.com\/noticias\/2018\/01\/09\/nota\/6558108\/fiscal-cree-que-es-poco-regular-que-glas-entrevistas-carcel\" target=\"_blank\" rel=\"noopener noreferrer\">https:\/\/www.eluniverso.com\/noticias\/2018\/01\/09\/nota\/6558108\/fiscal-cree-que-es-poco-regular-que-glas-entrevistas-carcel<\/a><\/p>\n","protected":false},"excerpt":{"rendered":"<p>&nbsp; Quito &#8211; Me sorprende que una persona procesada (Jorge Glas) reciba medios de comunicaci\u00f3n, d\u00e9 ruedas de prensa. (&#8230;) Si no es un privilegio, por lo menos a m\u00ed me parece poco regular\u009d. As\u00ed refiri\u00f3 ayer el fiscal\u00a0Carlos Baca\u00a0al ser abordado en radio\u00a0Visi\u00f3n\u00a0sobre entrevistas que ha mantenido el exvicepresidente con prensa internacional y local desde el interior de la C\u00e1rcel 4, lugar en el que est\u00e1 detenido luego de ser procesado y sentenciado a seis a\u00f1os de c\u00e1rcel por el delito de asociaci\u00f3n il\u00edcita con Odebrecht. Baca cree que si se opt\u00f3 por dejar pasar a la prensa para que Glas hable, tambi\u00e9n podr\u00eda hacerse con otros detenidos que est\u00e1n en la misma situaci\u00f3n. Seg\u00fan \u00e9l, hay algunos que podr\u00edan tambi\u00e9n ser llamados a dar declaraciones p\u00fablicas y nombr\u00f3, como ejemplo, al exasamble\u00edsta\u00a0Galo Lara, sentenciado como c\u00f3mplice de un asesinato. La ministra de Justicia,\u00a0Rosana Alvarado, explic\u00f3 que se consider\u00f3 importante que mientras Glas era vicepresidente autorizar la posibilidad de que medios lo entrevisten. No es este ni un privilegio, ni un derecho que puede llegar a tener cualquier persona privada de la libertad, pero en su cargo, que era vicepresidente, hasta la semana pasada, consider\u00e1bamos importante, si es que \u00e9l aceptaba las entrevistas, autorizar el ingreso de la prensa\u009d, indic\u00f3 Alvarado, apuntando varias ocasiones a que la situaci\u00f3n cambia una vez que la Asamblea design\u00f3 a\u00a0Mar\u00eda Alejandra Vicu\u00f1a\u00a0nueva vicepresidenta. Alvarado manifest\u00f3 que existen solicitudes para entrevistas con otros presos. Con relaci\u00f3n a si Glas se mantendr\u00e1 en la C\u00e1rcel 4, la ministra expres\u00f3 que hay algunos recursos pendientes en este caso, pero que ese tema se decide con base en informes de seguridad penitenciario.\u00a0(I) &nbsp; &nbsp; Fuente: https:\/\/www.eluniverso.com\/noticias\/2018\/01\/09\/nota\/6558108\/fiscal-cree-que-es-poco-regular-que-glas-entrevistas-carcel<\/p>\n","protected":false},"author":1,"featured_media":247166,"comment_status":"open","ping_status":"open","sticky":false,"template":"","format":"standard","meta":[],"categories":[54,32,40,46],"tags":[],"_links":{"self":[{"href":"https:\/\/www.ecuadortimes.net\/es\/wp-json\/wp\/v2\/posts\/247165"}],"collection":[{"href":"https:\/\/www.ecuadortimes.net\/es\/wp-json\/wp\/v2\/posts"}],"about":[{"href":"https:\/\/www.ecuadortimes.net\/es\/wp-json\/wp\/v2\/types\/post"}],"author":[{"embeddable":true,"href":"https:\/\/www.ecuadortimes.net\/es\/wp-json\/wp\/v2\/users\/1"}],"replies":[{"embeddable":true,"href":"https:\/\/www.ecuadortimes.net\/es\/wp-json\/wp\/v2\/comments?post=247165"}],"version-history":[{"count":0,"href":"https:\/\/www.ecuadortimes.net\/es\/wp-json\/wp\/v2\/posts\/247165\/revisions"}],"wp:featuredmedia":[{"embeddable":true,"href":"https:\/\/www.ecuadortimes.net\/es\/wp-json\/wp\/v2\/media\/247166"}],"wp:attachment":[{"href":"https:\/\/www.ecuadortimes.net\/es\/wp-json\/wp\/v2\/media?parent=247165"}],"wp:term":[{"taxonomy":"category","embeddable":true,"href":"https:\/\/www.ecuadortimes.net\/es\/wp-json\/wp\/v2\/categories?post=247165"},{"taxonomy":"post_tag","embeddable":true,"href":"https:\/\/www.ecuadortimes.net\/es\/wp-json\/wp\/v2\/tags?post=247165"}],"curies":[{"name":"wp","href":"https:\/\/api.w.org\/{rel}","templated":true}]}}