{"id":247169,"date":"2018-01-09T00:00:00","date_gmt":"2018-01-09T00:00:00","guid":{"rendered":"https:\/\/www.ecuadortimes.net\/es\/fondos-para-la-reconstruccion-estan-garantizados-dijo-bernal\/"},"modified":"2018-01-09T00:00:00","modified_gmt":"2018-01-09T00:00:00","slug":"fondos-para-la-reconstruccion-estan-garantizados-dijo-bernal","status":"publish","type":"post","link":"https:\/\/www.ecuadortimes.net\/es\/fondos-para-la-reconstruccion-estan-garantizados-dijo-bernal\/","title":{"rendered":"Fondos para la reconstrucci\u00f3n est\u00e1n garantizados, dijo Bernal"},"content":{"rendered":"<p><img loading=\"lazy\" class=\"size-full wp-image-192476 aligncenter\" src=\"https:\/\/www.ecuadortimes.net\/es\/wp-content\/uploads\/2018\/01\/FONDOS_PARA_LA_RECONSTRUCCION_ESTAN_GARANTIZADOS_DIJO_BERNAL_ECUADORTIMES_ECUADORNEWS.jpg\" alt=\"\" width=\"1200\" height=\"566\" \/><\/p>\n<p>&nbsp;<\/p>\n<p><strong>El Ministerio de Finanzas transfiri\u00f3 temporalmente $ 300 millones de la Ley de Solidaridad<\/strong>. El vicepresidente de la Asamblea solicit\u00f3 al ministro Carlos de la Torre que asista al Legislativo. El 29 de diciembre de 2017, el Ministerio de Finanzas transfiri\u00f3 $ 300 millones de los recursos obtenidos con la aplicaci\u00f3n de la Ley Org\u00e1nica de Solidaridad hacia la Cuenta \u00c3\u009anica del Tesoro para el cierre del a\u00f1o fiscal 2017, monto que, seg\u00fan el secretario t\u00e9cnico del Comit\u00e9 para la Reconstrucci\u00f3n y Renovaci\u00f3n Productiva, Carlos Bernal, no afecta la programaci\u00f3n presupuestaria.<\/p>\n<p>Con corte al 17 de septiembre de 2017, con lo recaudado por la Ley de Solidaridad ($ 1.501 millones) que entr\u00f3 en vigencia el 1 de junio de 2016 y sumado al aporte de organismos internacionales y del sector privado, el pa\u00eds ha captado $ 2.814 millones, de los cuales $ 821,43 millones ya fueron ejecutados, mientras que quedan 261 proyectos por aproximadamente $ 166 millones. Adem\u00e1s, se encuentran en planificaci\u00f3n 174 proyectos que suman $ 806 millones.<\/p>\n<p>Dentro de ese rubro de planificaci\u00f3n y los que est\u00e1n en ejecuci\u00f3n, est\u00e1n los $ 300 millones que el ministro de Finanzas (Carlos de la Torre), en funci\u00f3n de sus atribuciones y en cumplimiento de la ley debe reintegrar, conforme los fondos lo vayan demandando\u009d, explic\u00f3 el funcionario a este diario.<\/p>\n<p>&nbsp;<\/p>\n<p><img loading=\"lazy\" class=\"size-full wp-image-192519 aligncenter\" src=\"https:\/\/www.ecuadortimes.net\/es\/wp-content\/uploads\/2018\/01\/FONDOS_PARA_LA_RECONSTRUCCION_ESTAN_GARANTIZADOS_DIJO_BERNAL_1_ECUADORTIMES_ECUADORNEWS.jpg\" alt=\"\" width=\"880\" height=\"585\" \/><\/p>\n<p>&nbsp;<\/p>\n<p>Enfatiz\u00f3 que los recursos est\u00e1n garantizados en el desarrollo del plan de reconstrucci\u00f3n y se encuentran disponibles para la asignaci\u00f3n de los recursos. En una entrevista en el canal Manavisi\u00f3n, el ministro de Finanzas, Carlos de la Torre, explic\u00f3 que si bien los fondos de la reconstrucci\u00f3n de las zonas afectadas por el terremoto del 16 de abril de 2016 son del Estado y se hizo un traslado moment\u00e1neo a la Cuenta \u00c3\u009anica del Tesoro para el cierre del a\u00f1o fiscal, el dinero ser\u00e1 devuelto en las pr\u00f3ximas semanas para que se\u00a0\u00a0 utilice conforme se desarrollan las obras planificadas.<\/p>\n<p>Bernal resalt\u00f3 que esta transferencia realizada el\u00a0 29 de diciembre no debe causar preocupaci\u00f3n en la poblaci\u00f3n, pues el dinero recaudado es espec\u00edficamente para la reconstrucci\u00f3n de las zonas afectadas y que la inversi\u00f3n est\u00e1 garantizada para los rubros de vivienda, vialidad, salud, educaci\u00f3n, apoyo productivo, saneamiento, electrificaci\u00f3n, entre otros.<\/p>\n<p>A pesar de esto, el funcionario enviar\u00e1 al Ministro de Finanzas un documento solicit\u00e1ndole que indique la fecha de la disponibilidad de estos recursos.\u00a0 La asamble\u00edsta de la provincia de Manab\u00ed por el partido Creando Oportunidades (CREO), Tanlly Vera, indic\u00f3 que en el \u00e1mbito de su competencia, ayer solicit\u00f3, a trav\u00e9s de la secretaria de la Asamblea Nacional, un examen especial por parte de la Contralor\u00eda sobre esta transferencia realizada.<\/p>\n<p>Agreg\u00f3 que el mi\u00e9rcoles pedir\u00e1 en la sesi\u00f3n del pleno un cambio de orden del d\u00eda para solicitar que el ministro De\u00a0 la Torre comparezca en el Legislativo y explique por qu\u00e9 se tomaron los fondos. El vicepresidente de la Asamblea, Carlos Bergman, confirm\u00f3 a este diario que envi\u00f3 una solicitud a De la Torre para que asista al Legislativo para detallar sobre la transferencia.<\/p>\n<p>En Manab\u00ed, el vicepresidente del Comit\u00e9 Anticorrupci\u00f3n, Patricio Garc\u00eda, apunt\u00f3 que no se toma en cuenta que en la provincia a\u00fan hay obras inconclusas. Cit\u00f3, por ejemplo, que hay trabajos pendientes en hospitales de Bah\u00eda de Car\u00e1quez, Chone, Portoviejo y Manta. Tampoco se ha avanzado en la construcci\u00f3n de la nueva terminal en el aeropuerto Eloy Alfaro, se\u00f1al\u00f3. (I)<\/p>\n<p>&nbsp;<\/p>\n<p><strong>Planificaci\u00f3n <\/strong><\/p>\n<p><strong>Finanzas maneja la cuenta<\/strong><\/p>\n<p>\u0086\u0092La disposici\u00f3n general tercera de la Ley\u00a0 Org\u00e1nica de Solidaridad indica que los recursos netos obtenidos por las contribuciones solidarias deben ser manejados por el Ministerio de Finanzas en una cuenta \u00fanica.<\/p>\n<p>2 a\u00f1os y nueve meses pasaron desde el terremoto que afect\u00f3 a Manab\u00ed y Esmeraldas.<\/p>\n<p><strong>Planificaci\u00f3n hasta 2021<\/strong><\/p>\n<p>\u0086\u0092La Secretar\u00eda de Reconstrucci\u00f3n tiene realizada una planificaci\u00f3n para ejecutar obras en los pr\u00f3ximos cuatro a\u00f1os.<\/p>\n<p>&nbsp;<\/p>\n<p>&nbsp;<\/p>\n<p><strong>Fuente: <\/strong><a href=\"http:\/\/www.eltelegrafo.com.ec\/noticias\/economia\/1\/fondos-para-la-reconstruccion-estan-garantizados-dijo-bernal\">http:\/\/www.eltelegrafo.com.ec\/noticias\/economia\/1\/fondos-para-la-reconstruccion-estan-garantizados-dijo-bernal<\/a><\/p>\n","protected":false},"excerpt":{"rendered":"<p>&nbsp; El Ministerio de Finanzas transfiri\u00f3 temporalmente $ 300 millones de la Ley de Solidaridad. El vicepresidente de la Asamblea solicit\u00f3 al ministro Carlos de la Torre que asista al Legislativo. El 29 de diciembre de 2017, el Ministerio de Finanzas transfiri\u00f3 $ 300 millones de los recursos obtenidos con la aplicaci\u00f3n de la Ley Org\u00e1nica de Solidaridad hacia la Cuenta \u00c3\u009anica del Tesoro para el cierre del a\u00f1o fiscal 2017, monto que, seg\u00fan el secretario t\u00e9cnico del Comit\u00e9 para la Reconstrucci\u00f3n y Renovaci\u00f3n Productiva, Carlos Bernal, no afecta la programaci\u00f3n presupuestaria. Con corte al 17 de septiembre de 2017, con lo recaudado por la Ley de Solidaridad ($ 1.501 millones) que entr\u00f3 en vigencia el 1 de junio de 2016 y sumado al aporte de organismos internacionales y del sector privado, el pa\u00eds ha captado $ 2.814 millones, de los cuales $ 821,43 millones ya fueron ejecutados, mientras que quedan 261 proyectos por aproximadamente $ 166 millones. Adem\u00e1s, se encuentran en planificaci\u00f3n 174 proyectos que suman $ 806 millones. Dentro de ese rubro de planificaci\u00f3n y los que est\u00e1n en ejecuci\u00f3n, est\u00e1n los $ 300 millones que el ministro de Finanzas (Carlos de la Torre), en funci\u00f3n de sus atribuciones y en cumplimiento de la ley debe reintegrar, conforme los fondos lo vayan demandando\u009d, explic\u00f3 el funcionario a este diario. &nbsp; &nbsp; Enfatiz\u00f3 que los recursos est\u00e1n garantizados en el desarrollo del plan de reconstrucci\u00f3n y se encuentran disponibles para la asignaci\u00f3n de los recursos. En una entrevista en el canal Manavisi\u00f3n, el ministro de Finanzas, Carlos de la Torre, explic\u00f3 que si bien los fondos de la reconstrucci\u00f3n de las zonas afectadas por el terremoto del 16 de abril de 2016 son del Estado y se hizo un traslado moment\u00e1neo a la Cuenta \u00c3\u009anica del Tesoro para el cierre del a\u00f1o fiscal, el dinero ser\u00e1 devuelto en las pr\u00f3ximas semanas para que se\u00a0\u00a0 utilice conforme se desarrollan las obras planificadas. Bernal resalt\u00f3 que esta transferencia realizada el\u00a0 29 de diciembre no debe causar preocupaci\u00f3n en la poblaci\u00f3n, pues el dinero recaudado es espec\u00edficamente para la reconstrucci\u00f3n de las zonas afectadas y que la inversi\u00f3n est\u00e1 garantizada para los rubros de vivienda, vialidad, salud, educaci\u00f3n, apoyo productivo, saneamiento, electrificaci\u00f3n, entre otros. A pesar de esto, el funcionario enviar\u00e1 al Ministro de Finanzas un documento solicit\u00e1ndole que indique la fecha de la disponibilidad de estos recursos.\u00a0 La asamble\u00edsta de la provincia de Manab\u00ed por el partido Creando Oportunidades (CREO), Tanlly Vera, indic\u00f3 que en el \u00e1mbito de su competencia, ayer solicit\u00f3, a trav\u00e9s de la secretaria de la Asamblea Nacional, un examen especial por parte de la Contralor\u00eda sobre esta transferencia realizada. Agreg\u00f3 que el mi\u00e9rcoles pedir\u00e1 en la sesi\u00f3n del pleno un cambio de orden del d\u00eda para solicitar que el ministro De\u00a0 la Torre comparezca en el Legislativo y explique por qu\u00e9 se tomaron los fondos. El vicepresidente de la Asamblea, Carlos Bergman, confirm\u00f3 a este diario que envi\u00f3 una solicitud a De la Torre para que asista al Legislativo para detallar sobre la transferencia. En Manab\u00ed, el vicepresidente del Comit\u00e9 Anticorrupci\u00f3n, Patricio Garc\u00eda, apunt\u00f3 que no se toma en cuenta que en la provincia a\u00fan hay obras inconclusas. Cit\u00f3, por ejemplo, que hay trabajos pendientes en hospitales de Bah\u00eda de Car\u00e1quez, Chone, Portoviejo y Manta. Tampoco se ha avanzado en la construcci\u00f3n de la nueva terminal en el aeropuerto Eloy Alfaro, se\u00f1al\u00f3. (I) &nbsp; Planificaci\u00f3n Finanzas maneja la cuenta \u0086\u0092La disposici\u00f3n general tercera de la Ley\u00a0 Org\u00e1nica de Solidaridad indica que los recursos netos obtenidos por las contribuciones solidarias deben ser manejados por el Ministerio de Finanzas en una cuenta \u00fanica. 2 a\u00f1os y nueve meses pasaron desde el terremoto que afect\u00f3 a Manab\u00ed y Esmeraldas. Planificaci\u00f3n hasta 2021 \u0086\u0092La Secretar\u00eda de Reconstrucci\u00f3n tiene realizada una planificaci\u00f3n para ejecutar obras en los pr\u00f3ximos cuatro a\u00f1os. &nbsp; &nbsp; Fuente: http:\/\/www.eltelegrafo.com.ec\/noticias\/economia\/1\/fondos-para-la-reconstruccion-estan-garantizados-dijo-bernal<\/p>\n","protected":false},"author":1,"featured_media":247170,"comment_status":"open","ping_status":"open","sticky":false,"template":"","format":"standard","meta":[],"categories":[54,32,43,35],"tags":[],"_links":{"self":[{"href":"https:\/\/www.ecuadortimes.net\/es\/wp-json\/wp\/v2\/posts\/247169"}],"collection":[{"href":"https:\/\/www.ecuadortimes.net\/es\/wp-json\/wp\/v2\/posts"}],"about":[{"href":"https:\/\/www.ecuadortimes.net\/es\/wp-json\/wp\/v2\/types\/post"}],"author":[{"embeddable":true,"href":"https:\/\/www.ecuadortimes.net\/es\/wp-json\/wp\/v2\/users\/1"}],"replies":[{"embeddable":true,"href":"https:\/\/www.ecuadortimes.net\/es\/wp-json\/wp\/v2\/comments?post=247169"}],"version-history":[{"count":0,"href":"https:\/\/www.ecuadortimes.net\/es\/wp-json\/wp\/v2\/posts\/247169\/revisions"}],"wp:featuredmedia":[{"embeddable":true,"href":"https:\/\/www.ecuadortimes.net\/es\/wp-json\/wp\/v2\/media\/247170"}],"wp:attachment":[{"href":"https:\/\/www.ecuadortimes.net\/es\/wp-json\/wp\/v2\/media?parent=247169"}],"wp:term":[{"taxonomy":"category","embeddable":true,"href":"https:\/\/www.ecuadortimes.net\/es\/wp-json\/wp\/v2\/categories?post=247169"},{"taxonomy":"post_tag","embeddable":true,"href":"https:\/\/www.ecuadortimes.net\/es\/wp-json\/wp\/v2\/tags?post=247169"}],"curies":[{"name":"wp","href":"https:\/\/api.w.org\/{rel}","templated":true}]}}