{"id":247171,"date":"2018-01-09T00:00:00","date_gmt":"2018-01-09T00:00:00","guid":{"rendered":"https:\/\/www.ecuadortimes.net\/es\/lenin-moreno-maria-alejandra-vicuna-cumplira-con-eficiencia-las-funciones-que-yo-le-encomiende\/"},"modified":"2018-01-09T00:00:00","modified_gmt":"2018-01-09T00:00:00","slug":"lenin-moreno-maria-alejandra-vicuna-cumplira-con-eficiencia-las-funciones-que-yo-le-encomiende","status":"publish","type":"post","link":"https:\/\/www.ecuadortimes.net\/es\/lenin-moreno-maria-alejandra-vicuna-cumplira-con-eficiencia-las-funciones-que-yo-le-encomiende\/","title":{"rendered":"Len\u00edn Moreno: &#8216;Mar\u00eda Alejandra Vicu\u00f1a cumplir\u00e1 con eficiencia las funciones que yo le encomiende"},"content":{"rendered":"<p><img loading=\"lazy\" class=\"size-full wp-image-192479 aligncenter\" src=\"https:\/\/www.ecuadortimes.net\/es\/wp-content\/uploads\/2018\/01\/LENIN_MORENO_MARIA_ALEJANDRA_VICUN\u00cc\u0083A_CUMPLIRA_CON_EFICIENCIA_LAS_FUNCIONES_QUE_YO_LE_ENCOMENDE_ECUADORTIMES_ECUADORNEWS.jpeg\" alt=\"\" width=\"612\" height=\"340\" \/><\/p>\n<p>&nbsp;<\/p>\n<p>El presidente <strong>Len\u00edn Moreno<\/strong> se refiri\u00f3 la noche de este lunes 8 de enero del 2018 a la designaci\u00f3n de la vicepresidenta de la <strong>Rep\u00fablica, Mar\u00eda Alejandra Vicu\u00f1a<\/strong>, quien fue posesionada como <strong>Segunda Mandataria por la Asamblea Nacional<\/strong> el pasado s\u00e1bado 6 de enerp. Lo hizo en su espacio de rendici\u00f3n de cuentas El Gobierno Informa.<\/p>\n<p>El Primer Mandatario dijo: Tenemos nueva Vicepresidenta (&#8230;) Mujer guayaquile\u00f1a, joven, honesta, capaz, de pensamiento progresista, que cumplir\u00e1 con eficiencia las funciones que yo le encomiende\u009d. Moreno tambi\u00e9n mencion\u00f3 que envi\u00f3 la terna de tres nombres de mujeres &#8220;comprometidas con los cambios sociales y vocaci\u00f3n democr\u00e1tica que el pa\u00eds requiere&#8221;.<\/p>\n<p>All\u00ed agradeci\u00f3 a la Asamblea y a los legisladores por los votos para designar a Vicu\u00f1a como el reemplazo de Jorge Glas, a quien no mencion\u00f3, y dijo que lo hizo &#8220;porque se configur\u00f3 la ausencia definitiva del exvicepresidente por razones que son de dominio p\u00fablico&#8221;. El Jefe de Estado hizo un pedido a Vicu\u00f1a: Mantengamos el trabajo en equipo, con unidad, apertura, di\u00e1logo y respeto\u009d. En su informe, tambi\u00e9n abord\u00f3 el plan de generaci\u00f3n de empleo y la reactivaci\u00f3n econ\u00f3mica. &#8220;La econom\u00eda creci\u00f3 en 3,8%, con relaci\u00f3n al tercer trimestre del 2016.<\/p>\n<p>La econom\u00eda est\u00e1 mejorando&#8221;, afirm\u00f3. Al respecto detall\u00f3 las acciones del R\u00e9gimen para generar empleo, el cual tiene tres componentes: el programa Contrato juvenil enfocado a j\u00f3venes de 18 a 26 a\u00f1os de edad, en el cual financiar\u00e1 el 50% de su salario &#8220;cuando tengan contrato indefinido&#8221;. Con ese incentivo el Gobierno aspira a crear 30 000 nuevos empleos juveniles.<small><b><\/b><\/small><\/p>\n<p>El segundo punto es el programa Mi Primer empleo con el que se busca que 23 000 j\u00f3venes pasantes se incorporen a las empresas. Anunci\u00f3 que las firmas obtendr\u00e1n incentivos de la deducci\u00f3n del anticipo del Impuesto a la Renta, &#8220;equivalente al estipendio pagado durante el periodo de su pasant\u00eda&#8221;. Como \u00faltimo componente habl\u00f3 de las nuevas modalidades contractuales que, seg\u00fan Moreno, permitir\u00e1n a m\u00e1s de 236 000 trabajadores acceder a un contrato formal con todos los beneficios de ley.<\/p>\n<p>El Presidente dijo que el plan &#8220;no se trata de flexibilizaci\u00f3n ni de precarizaci\u00f3n&#8221; y asegur\u00f3 que las medidas buscan reconocer y &#8220;entender que sectores como el tur\u00edstico, agr\u00edcola, acu\u00edcola, floricultor, ganadero, art\u00edstico y de la construcci\u00f3n requieren de empleos estacionales en determinadas \u00e9pocas del a\u00f1o para cumplir con sus metas de producci\u00f3n&#8221;. Len\u00edn Moreno tambi\u00e9n coment\u00f3 sobre el incidente que sufriera el pasado mi\u00e9rcoles. Agradeci\u00f3 a la ciudadan\u00eda los deseos para que se recupere. &#8220;Tuve un percance con el lado derecho del cuerpo, al quemarme con gua caliente.<\/p>\n<p>A pesar de que segu\u00ed despachando, deb\u00ed suspender mi presencia en los eventos p\u00fablicos, porque me es inc\u00f3modo inclusive el roce de la ropa&#8221;. Ese percance le impidi\u00f3 asistir a la posesi\u00f3n de Vicu\u00f1a el s\u00e1bado pasado en la Asamblea Nacional. En un principio estaba previsto que el presidente Len\u00edn Moreno acudiera al acto solemne, pero de \u00faltimo momento tuvo que excusarse.<\/p>\n<p>Al final, Moreno habl\u00f3 de las acciones que emprender\u00e1 el Gobierno con la misi\u00f3n \u0098Menos Pobreza, m\u00e1s desarrollo\u0099 que forma parte del Plan \u0098Toda Una Vida\u0099 y que ser\u00e1 presentada el martes 9 de enero en Pelileo, Tungurahua. Sobre el Bono de Desarrollo Humano dijo que ser\u00e1n 50 000 las personas que recibir\u00e1n ese beneficio &#8220;con un valor de hasta USD 150.<\/p>\n<p>Para ello, se tomar\u00e1 en cuenta el n\u00famero de ni\u00f1os en el hogar y su condici\u00f3n socioecon\u00f3mica&#8221;, manifest\u00f3. Otro de los beneficios de su gesti\u00f3n que tambi\u00e9n mencion\u00f3 Moreno fueron los cr\u00e9ditos y t\u00edtulos de propiedad dentro de la Gran Minga Nacional Agropecuaria. Adem\u00e1s anunci\u00f3 que el pr\u00f3ximo jueves se realizar\u00e1 el lanzamiento de la misi\u00f3n Agua Segura y Saneamiento para Todos con 55 municipios del pa\u00eds.<small> (I)<\/small><\/p>\n<p>&nbsp;<\/p>\n<p>&nbsp;<\/p>\n<p><strong>Fuente: <\/strong><a href=\"http:\/\/www.elcomercio.com\/actualidad\/leninmoreno-mariaalejandravicuna-funciones-vicepresidencia-ecuador.html\" target=\"_blank\" rel=\"noopener noreferrer\">http:\/\/www.elcomercio.com\/actualidad\/leninmoreno-mariaalejandravicuna-funciones-vicepresidencia-ecuador.html<\/a><\/p>\n","protected":false},"excerpt":{"rendered":"<p>&nbsp; El presidente Len\u00edn Moreno se refiri\u00f3 la noche de este lunes 8 de enero del 2018 a la designaci\u00f3n de la vicepresidenta de la Rep\u00fablica, Mar\u00eda Alejandra Vicu\u00f1a, quien fue posesionada como Segunda Mandataria por la Asamblea Nacional el pasado s\u00e1bado 6 de enerp. Lo hizo en su espacio de rendici\u00f3n de cuentas El Gobierno Informa. El Primer Mandatario dijo: Tenemos nueva Vicepresidenta (&#8230;) Mujer guayaquile\u00f1a, joven, honesta, capaz, de pensamiento progresista, que cumplir\u00e1 con eficiencia las funciones que yo le encomiende\u009d. Moreno tambi\u00e9n mencion\u00f3 que envi\u00f3 la terna de tres nombres de mujeres &#8220;comprometidas con los cambios sociales y vocaci\u00f3n democr\u00e1tica que el pa\u00eds requiere&#8221;. All\u00ed agradeci\u00f3 a la Asamblea y a los legisladores por los votos para designar a Vicu\u00f1a como el reemplazo de Jorge Glas, a quien no mencion\u00f3, y dijo que lo hizo &#8220;porque se configur\u00f3 la ausencia definitiva del exvicepresidente por razones que son de dominio p\u00fablico&#8221;. El Jefe de Estado hizo un pedido a Vicu\u00f1a: Mantengamos el trabajo en equipo, con unidad, apertura, di\u00e1logo y respeto\u009d. En su informe, tambi\u00e9n abord\u00f3 el plan de generaci\u00f3n de empleo y la reactivaci\u00f3n econ\u00f3mica. &#8220;La econom\u00eda creci\u00f3 en 3,8%, con relaci\u00f3n al tercer trimestre del 2016. La econom\u00eda est\u00e1 mejorando&#8221;, afirm\u00f3. Al respecto detall\u00f3 las acciones del R\u00e9gimen para generar empleo, el cual tiene tres componentes: el programa Contrato juvenil enfocado a j\u00f3venes de 18 a 26 a\u00f1os de edad, en el cual financiar\u00e1 el 50% de su salario &#8220;cuando tengan contrato indefinido&#8221;. Con ese incentivo el Gobierno aspira a crear 30 000 nuevos empleos juveniles. El segundo punto es el programa Mi Primer empleo con el que se busca que 23 000 j\u00f3venes pasantes se incorporen a las empresas. Anunci\u00f3 que las firmas obtendr\u00e1n incentivos de la deducci\u00f3n del anticipo del Impuesto a la Renta, &#8220;equivalente al estipendio pagado durante el periodo de su pasant\u00eda&#8221;. Como \u00faltimo componente habl\u00f3 de las nuevas modalidades contractuales que, seg\u00fan Moreno, permitir\u00e1n a m\u00e1s de 236 000 trabajadores acceder a un contrato formal con todos los beneficios de ley. El Presidente dijo que el plan &#8220;no se trata de flexibilizaci\u00f3n ni de precarizaci\u00f3n&#8221; y asegur\u00f3 que las medidas buscan reconocer y &#8220;entender que sectores como el tur\u00edstico, agr\u00edcola, acu\u00edcola, floricultor, ganadero, art\u00edstico y de la construcci\u00f3n requieren de empleos estacionales en determinadas \u00e9pocas del a\u00f1o para cumplir con sus metas de producci\u00f3n&#8221;. Len\u00edn Moreno tambi\u00e9n coment\u00f3 sobre el incidente que sufriera el pasado mi\u00e9rcoles. Agradeci\u00f3 a la ciudadan\u00eda los deseos para que se recupere. &#8220;Tuve un percance con el lado derecho del cuerpo, al quemarme con gua caliente. A pesar de que segu\u00ed despachando, deb\u00ed suspender mi presencia en los eventos p\u00fablicos, porque me es inc\u00f3modo inclusive el roce de la ropa&#8221;. Ese percance le impidi\u00f3 asistir a la posesi\u00f3n de Vicu\u00f1a el s\u00e1bado pasado en la Asamblea Nacional. En un principio estaba previsto que el presidente Len\u00edn Moreno acudiera al acto solemne, pero de \u00faltimo momento tuvo que excusarse. Al final, Moreno habl\u00f3 de las acciones que emprender\u00e1 el Gobierno con la misi\u00f3n \u0098Menos Pobreza, m\u00e1s desarrollo\u0099 que forma parte del Plan \u0098Toda Una Vida\u0099 y que ser\u00e1 presentada el martes 9 de enero en Pelileo, Tungurahua. Sobre el Bono de Desarrollo Humano dijo que ser\u00e1n 50 000 las personas que recibir\u00e1n ese beneficio &#8220;con un valor de hasta USD 150. Para ello, se tomar\u00e1 en cuenta el n\u00famero de ni\u00f1os en el hogar y su condici\u00f3n socioecon\u00f3mica&#8221;, manifest\u00f3. Otro de los beneficios de su gesti\u00f3n que tambi\u00e9n mencion\u00f3 Moreno fueron los cr\u00e9ditos y t\u00edtulos de propiedad dentro de la Gran Minga Nacional Agropecuaria. Adem\u00e1s anunci\u00f3 que el pr\u00f3ximo jueves se realizar\u00e1 el lanzamiento de la misi\u00f3n Agua Segura y Saneamiento para Todos con 55 municipios del pa\u00eds. (I) &nbsp; &nbsp; Fuente: http:\/\/www.elcomercio.com\/actualidad\/leninmoreno-mariaalejandravicuna-funciones-vicepresidencia-ecuador.html<\/p>\n","protected":false},"author":1,"featured_media":247172,"comment_status":"open","ping_status":"open","sticky":false,"template":"","format":"standard","meta":[],"categories":[54,32,40,46],"tags":[],"_links":{"self":[{"href":"https:\/\/www.ecuadortimes.net\/es\/wp-json\/wp\/v2\/posts\/247171"}],"collection":[{"href":"https:\/\/www.ecuadortimes.net\/es\/wp-json\/wp\/v2\/posts"}],"about":[{"href":"https:\/\/www.ecuadortimes.net\/es\/wp-json\/wp\/v2\/types\/post"}],"author":[{"embeddable":true,"href":"https:\/\/www.ecuadortimes.net\/es\/wp-json\/wp\/v2\/users\/1"}],"replies":[{"embeddable":true,"href":"https:\/\/www.ecuadortimes.net\/es\/wp-json\/wp\/v2\/comments?post=247171"}],"version-history":[{"count":0,"href":"https:\/\/www.ecuadortimes.net\/es\/wp-json\/wp\/v2\/posts\/247171\/revisions"}],"wp:featuredmedia":[{"embeddable":true,"href":"https:\/\/www.ecuadortimes.net\/es\/wp-json\/wp\/v2\/media\/247172"}],"wp:attachment":[{"href":"https:\/\/www.ecuadortimes.net\/es\/wp-json\/wp\/v2\/media?parent=247171"}],"wp:term":[{"taxonomy":"category","embeddable":true,"href":"https:\/\/www.ecuadortimes.net\/es\/wp-json\/wp\/v2\/categories?post=247171"},{"taxonomy":"post_tag","embeddable":true,"href":"https:\/\/www.ecuadortimes.net\/es\/wp-json\/wp\/v2\/tags?post=247171"}],"curies":[{"name":"wp","href":"https:\/\/api.w.org\/{rel}","templated":true}]}}