{"id":247175,"date":"2018-01-09T00:00:00","date_gmt":"2018-01-09T00:00:00","guid":{"rendered":"https:\/\/www.ecuadortimes.net\/es\/para-futuros-juicios-a-jorge-glas-no-se-requiere-permiso-de-la-asamblea\/"},"modified":"2018-01-09T00:00:00","modified_gmt":"2018-01-09T00:00:00","slug":"para-futuros-juicios-a-jorge-glas-no-se-requiere-permiso-de-la-asamblea","status":"publish","type":"post","link":"https:\/\/www.ecuadortimes.net\/es\/para-futuros-juicios-a-jorge-glas-no-se-requiere-permiso-de-la-asamblea\/","title":{"rendered":"Para futuros juicios a Jorge Glas no se requiere permiso de la Asamblea"},"content":{"rendered":"<p><img loading=\"lazy\" class=\"size-full wp-image-192483 aligncenter\" src=\"https:\/\/www.ecuadortimes.net\/es\/wp-content\/uploads\/2018\/01\/PARA_FUTUROS_JUICIOS_A_JORGE_GLAS_NO_SE_REQUIERE_PERMISO_EN_LA_ASAMBLEA_ECUADORTIMES_ECUADORNEWS.jpeg\" alt=\"\" width=\"612\" height=\"340\" \/><\/p>\n<p>&nbsp;<\/p>\n<p>El cese del cargo de <strong>Jorge Glas de la Vicepresidencia de la Rep\u00fablica agilizar\u00e1<\/strong> su procesamiento penal en otros delitos anunciados por la Fiscal\u00eda General. Esto ocurre porque al no ejercer las funciones de vicepresidente no ser\u00e1 necesaria la autorizaci\u00f3n de la Asamblea Nacional para enjuiciarlo penalmente. As\u00ed lo establece el inciso 10 del art\u00edculo 120 de la Constituci\u00f3n vigente.<\/p>\n<p>En la normativa se indica que el legislativo debe aprobar el procesamiento penal solo del Presidente o del Vicepresidente. Pero Jorge Glas fue cesado de su cargo el pasado 3 de enero. Desde entonces, la Fiscal\u00eda tiene v\u00eda libre para formular cargos en contra de Glas. Eso no ocurri\u00f3 con su primer juicio por asociaci\u00f3n il\u00edcita.<\/p>\n<p>En ese entonces, la entidad tuvo que esperar que m\u00e1s de las dos terceras partes de los legisladores aprobaran el procesamiento penal del exvicepresidente. El actual miembro del<strong> Consejo de Administraci\u00f3n Legislativa (CAL)<\/strong>, Fernando Torres, analiz\u00f3 ayer el panorama del exsegundo Mandatario. Para el legislador, la Constituci\u00f3n es clara, pero explica que el fuero de Corte Nacional lo sigue manteniendo.<\/p>\n<p>Es decir, los procesos penales se manejar\u00e1n a trav\u00e9s de la m\u00e1xima autoridad de la Fiscal\u00eda General. Actualmente, la entidad indagasiete delitos en contra de ocho procesados en el caso de asociaci\u00f3n il\u00edcita. En esa lista est\u00e1n il\u00edcitos como cohecho, concusi\u00f3n, tr\u00e1fico de influencias, peculado, delincuencia organizada, testaferrismo y lavado de activos. Franco Loor, abogado del exvicepresidente no se pronunci\u00f3 ayer sobre este tema. El jurista dijo que hoy hablar\u00e1 en la Defensor\u00eda del Pueblo.<small> (I)<\/small><\/p>\n<p>&nbsp;<\/p>\n<p>&nbsp;<\/p>\n<p><strong>Fuente: <\/strong><a href=\"http:\/\/www.elcomercio.com\/actualidad\/juicios-jorgeglas-requiere-permiso-odebrecht.html\">http:\/\/www.elcomercio.com\/actualidad\/juicios-jorgeglas-requiere-permiso-odebrecht.html<\/a><\/p>\n","protected":false},"excerpt":{"rendered":"<p>&nbsp; El cese del cargo de Jorge Glas de la Vicepresidencia de la Rep\u00fablica agilizar\u00e1 su procesamiento penal en otros delitos anunciados por la Fiscal\u00eda General. Esto ocurre porque al no ejercer las funciones de vicepresidente no ser\u00e1 necesaria la autorizaci\u00f3n de la Asamblea Nacional para enjuiciarlo penalmente. As\u00ed lo establece el inciso 10 del art\u00edculo 120 de la Constituci\u00f3n vigente. En la normativa se indica que el legislativo debe aprobar el procesamiento penal solo del Presidente o del Vicepresidente. Pero Jorge Glas fue cesado de su cargo el pasado 3 de enero. Desde entonces, la Fiscal\u00eda tiene v\u00eda libre para formular cargos en contra de Glas. Eso no ocurri\u00f3 con su primer juicio por asociaci\u00f3n il\u00edcita. En ese entonces, la entidad tuvo que esperar que m\u00e1s de las dos terceras partes de los legisladores aprobaran el procesamiento penal del exvicepresidente. El actual miembro del Consejo de Administraci\u00f3n Legislativa (CAL), Fernando Torres, analiz\u00f3 ayer el panorama del exsegundo Mandatario. Para el legislador, la Constituci\u00f3n es clara, pero explica que el fuero de Corte Nacional lo sigue manteniendo. Es decir, los procesos penales se manejar\u00e1n a trav\u00e9s de la m\u00e1xima autoridad de la Fiscal\u00eda General. Actualmente, la entidad indagasiete delitos en contra de ocho procesados en el caso de asociaci\u00f3n il\u00edcita. En esa lista est\u00e1n il\u00edcitos como cohecho, concusi\u00f3n, tr\u00e1fico de influencias, peculado, delincuencia organizada, testaferrismo y lavado de activos. Franco Loor, abogado del exvicepresidente no se pronunci\u00f3 ayer sobre este tema. El jurista dijo que hoy hablar\u00e1 en la Defensor\u00eda del Pueblo. (I) &nbsp; &nbsp; Fuente: http:\/\/www.elcomercio.com\/actualidad\/juicios-jorgeglas-requiere-permiso-odebrecht.html<\/p>\n","protected":false},"author":1,"featured_media":247176,"comment_status":"open","ping_status":"open","sticky":false,"template":"","format":"standard","meta":[],"categories":[54,32,40,46],"tags":[],"_links":{"self":[{"href":"https:\/\/www.ecuadortimes.net\/es\/wp-json\/wp\/v2\/posts\/247175"}],"collection":[{"href":"https:\/\/www.ecuadortimes.net\/es\/wp-json\/wp\/v2\/posts"}],"about":[{"href":"https:\/\/www.ecuadortimes.net\/es\/wp-json\/wp\/v2\/types\/post"}],"author":[{"embeddable":true,"href":"https:\/\/www.ecuadortimes.net\/es\/wp-json\/wp\/v2\/users\/1"}],"replies":[{"embeddable":true,"href":"https:\/\/www.ecuadortimes.net\/es\/wp-json\/wp\/v2\/comments?post=247175"}],"version-history":[{"count":0,"href":"https:\/\/www.ecuadortimes.net\/es\/wp-json\/wp\/v2\/posts\/247175\/revisions"}],"wp:featuredmedia":[{"embeddable":true,"href":"https:\/\/www.ecuadortimes.net\/es\/wp-json\/wp\/v2\/media\/247176"}],"wp:attachment":[{"href":"https:\/\/www.ecuadortimes.net\/es\/wp-json\/wp\/v2\/media?parent=247175"}],"wp:term":[{"taxonomy":"category","embeddable":true,"href":"https:\/\/www.ecuadortimes.net\/es\/wp-json\/wp\/v2\/categories?post=247175"},{"taxonomy":"post_tag","embeddable":true,"href":"https:\/\/www.ecuadortimes.net\/es\/wp-json\/wp\/v2\/tags?post=247175"}],"curies":[{"name":"wp","href":"https:\/\/api.w.org\/{rel}","templated":true}]}}