{"id":247181,"date":"2018-01-10T00:00:00","date_gmt":"2018-01-10T00:00:00","guid":{"rendered":"https:\/\/www.ecuadortimes.net\/es\/periodista-le-dice-idiota-a-correa-al-aire\/"},"modified":"2018-01-10T00:00:00","modified_gmt":"2018-01-10T00:00:00","slug":"periodista-le-dice-idiota-a-correa-al-aire","status":"publish","type":"post","link":"https:\/\/www.ecuadortimes.net\/es\/periodista-le-dice-idiota-a-correa-al-aire\/","title":{"rendered":"Periodista le dice idiota a Correa al aire"},"content":{"rendered":"<p><img loading=\"lazy\" class=\"size-full wp-image-192547 aligncenter\" src=\"https:\/\/www.ecuadortimes.net\/es\/wp-content\/uploads\/2018\/01\/PERIODISTA_DICE_IDIOTA_A_CORREA_ECUADORTIMES_ECUADORNEWS.jpg\" alt=\"\" width=\"620\" height=\"264\" \/><\/p>\n<p>&nbsp;<\/p>\n<p>El expresidente del Ecuador,\u00a0<strong>Rafael Correa<\/strong>, brind\u00f3\u00a0una entrevista el pasado 6 de enero del 2018 para\u00a0<strong>Radio Capital<\/strong>, en\u00a0<strong>Portoviejo<\/strong>, promoviendo el \u0098NO\u0099 en la consulta popular, all\u00ed el periodista le dijo a\u00a0<strong>Correa<\/strong>\u00a0que antes que dejara la presidencia andaba con la cara de idiota\u009d.<\/p>\n<p>El radiodifusor Luis Andrade, le dijo a\u00a0<strong>Correa<\/strong>\u00a0por dos ocasiones durante la entrevista que ten\u00eda la cara de idiota.\u00a0<strong>Correa<\/strong>por su parte, entre risas,\u00a0 pidi\u00f3 m\u00e1s respeto\u009d.<\/p>\n<p>&nbsp;<\/p>\n<p>A continuaci\u00f3n parte de la entrevista:<\/p>\n<p><strong>Luis Andrade:<\/strong> A ver el \u00faltimo a\u00f1o andaba con una cara de idiota de esas\u00a6<\/p>\n<p><strong>Rafael Correa:<\/strong> \u00bfYo?<\/p>\n<p><strong>LA:<\/strong>\u00a0 Claro, O sea Wendy no se lo dec\u00eda pero\u00a6<\/p>\n<p><strong>RC:<\/strong> \u00bfCara de qu\u00e9 me dijo?<\/p>\n<p><strong>LA:<\/strong> De idiota, pero ahorita est\u00e1s alegre\u00a6<\/p>\n<p><strong>RC:<\/strong> M\u00e1s respeto por favor, no te puedo aceptar.<\/p>\n<p><strong>LA:<\/strong> Antes de dejar el poder estabas muy estresado\u00a6<\/p>\n<p>&nbsp;<\/p>\n<p><a href=\"https:\/\/twitter.com\/fmilhojas\/status\/950731022034984960\" target=\"_blank\" rel=\"noopener noreferrer\"><img loading=\"lazy\" class=\"size-full wp-image-192553 aligncenter\" src=\"https:\/\/www.ecuadortimes.net\/es\/wp-content\/uploads\/2018\/01\/PERIODISTA_DICE_IDIOTA_A_CORREA_1_ECUADORTIMES_ECUADORNEWS.png\" alt=\"\" width=\"504\" height=\"462\" \/><\/a><\/p>\n<p>&nbsp;<\/p>\n<p><strong>Fuente: <\/strong><a href=\"http:\/\/www.larepublica.ec\/blog\/politica\/2018\/01\/09\/periodista-le-dice-idiota-a-correa-al-aire\/\" target=\"_blank\" rel=\"noopener noreferrer\">http:\/\/www.larepublica.ec\/blog\/politica\/2018\/01\/09\/periodista-le-dice-idiota-a-correa-al-aire\/<\/a><\/p>\n","protected":false},"excerpt":{"rendered":"<p>&nbsp; El expresidente del Ecuador,\u00a0Rafael Correa, brind\u00f3\u00a0una entrevista el pasado 6 de enero del 2018 para\u00a0Radio Capital, en\u00a0Portoviejo, promoviendo el \u0098NO\u0099 en la consulta popular, all\u00ed el periodista le dijo a\u00a0Correa\u00a0que antes que dejara la presidencia andaba con la cara de idiota\u009d. El radiodifusor Luis Andrade, le dijo a\u00a0Correa\u00a0por dos ocasiones durante la entrevista que ten\u00eda la cara de idiota.\u00a0Correapor su parte, entre risas,\u00a0 pidi\u00f3 m\u00e1s respeto\u009d. &nbsp; A continuaci\u00f3n parte de la entrevista: Luis Andrade: A ver el \u00faltimo a\u00f1o andaba con una cara de idiota de esas\u00a6 Rafael Correa: \u00bfYo? LA:\u00a0 Claro, O sea Wendy no se lo dec\u00eda pero\u00a6 RC: \u00bfCara de qu\u00e9 me dijo? LA: De idiota, pero ahorita est\u00e1s alegre\u00a6 RC: M\u00e1s respeto por favor, no te puedo aceptar. LA: Antes de dejar el poder estabas muy estresado\u00a6 &nbsp; &nbsp; Fuente: http:\/\/www.larepublica.ec\/blog\/politica\/2018\/01\/09\/periodista-le-dice-idiota-a-correa-al-aire\/<\/p>\n","protected":false},"author":1,"featured_media":247182,"comment_status":"open","ping_status":"open","sticky":false,"template":"","format":"standard","meta":[],"categories":[54,40,35,46],"tags":[],"_links":{"self":[{"href":"https:\/\/www.ecuadortimes.net\/es\/wp-json\/wp\/v2\/posts\/247181"}],"collection":[{"href":"https:\/\/www.ecuadortimes.net\/es\/wp-json\/wp\/v2\/posts"}],"about":[{"href":"https:\/\/www.ecuadortimes.net\/es\/wp-json\/wp\/v2\/types\/post"}],"author":[{"embeddable":true,"href":"https:\/\/www.ecuadortimes.net\/es\/wp-json\/wp\/v2\/users\/1"}],"replies":[{"embeddable":true,"href":"https:\/\/www.ecuadortimes.net\/es\/wp-json\/wp\/v2\/comments?post=247181"}],"version-history":[{"count":0,"href":"https:\/\/www.ecuadortimes.net\/es\/wp-json\/wp\/v2\/posts\/247181\/revisions"}],"wp:featuredmedia":[{"embeddable":true,"href":"https:\/\/www.ecuadortimes.net\/es\/wp-json\/wp\/v2\/media\/247182"}],"wp:attachment":[{"href":"https:\/\/www.ecuadortimes.net\/es\/wp-json\/wp\/v2\/media?parent=247181"}],"wp:term":[{"taxonomy":"category","embeddable":true,"href":"https:\/\/www.ecuadortimes.net\/es\/wp-json\/wp\/v2\/categories?post=247181"},{"taxonomy":"post_tag","embeddable":true,"href":"https:\/\/www.ecuadortimes.net\/es\/wp-json\/wp\/v2\/tags?post=247181"}],"curies":[{"name":"wp","href":"https:\/\/api.w.org\/{rel}","templated":true}]}}