{"id":247209,"date":"2018-01-11T00:00:00","date_gmt":"2018-01-11T00:00:00","guid":{"rendered":"https:\/\/www.ecuadortimes.net\/es\/assange-figura-con-cedula-ecuatoriana-en-el-registro-civil\/"},"modified":"2018-01-11T00:00:00","modified_gmt":"2018-01-11T00:00:00","slug":"assange-figura-con-cedula-ecuatoriana-en-el-registro-civil","status":"publish","type":"post","link":"https:\/\/www.ecuadortimes.net\/es\/assange-figura-con-cedula-ecuatoriana-en-el-registro-civil\/","title":{"rendered":"Assange figura con c\u00e9dula ecuatoriana en el Registro Civil"},"content":{"rendered":"<p><img loading=\"lazy\" class=\"size-full wp-image-192584 aligncenter\" src=\"https:\/\/www.ecuadortimes.net\/es\/wp-content\/uploads\/2018\/01\/ASSANGE_FIGURA_CON_CEDULA_ECUATORIANA_REGISTRO_CIVIL_ECUADORTIMES_ECUADORNEWS.jpg\" alt=\"\" width=\"762\" height=\"428\" \/><\/p>\n<p>&nbsp;<\/p>\n<p>El australiano Julian Assange subi\u00f3 una foto a las redes sociales luciendo una camiseta de la Selecci\u00f3n ecuatoriana. Pero esa no es la \u00fanica novedad con el fundador de\u00a0<b>Wikileaks<\/b>.<\/p>\n<p>El extranjero, asilado en la embajada ecuatoriana en\u00a0<b>Londres<\/b>\u00a0(Inglaterra), tambi\u00e9n ha estrenado c\u00e9dula nueva. Tiene los d\u00edgitos de Pichincha y consta en el Registro Civil (RC) con el n\u00famero 1729926483.<\/p>\n<p>Eso significa tambi\u00e9n que \u00e9l es un ciudadano de nuestro pa\u00eds. Aunque dentro de la informaci\u00f3n del RC, se ratifica su condici\u00f3n de asilado.<\/p>\n<p>El Ministerio de Relaciones Exteriores emiti\u00f3 un comunicado, donde se detalla que el Gobierno nacional ha actuado con la prudencia que amerita este tipo de situaciones.<\/p>\n<p>Julian Assange, a petici\u00f3n del Gobierno de Ecuador, se comprometi\u00f3 a no intervenir en asuntos ajenos a su condici\u00f3n de asilo. Finalmente, el<b>\u00a0Ministerio de Relaciones Exteriores y Movilidad Humana<\/b>\u00a0del Ecuador reitera que no responder\u00e1 a rumores ni a informaci\u00f3n distorsionada o descontextualizada sobre este caso\u009d, precis\u00f3 la cartera.<\/p>\n<p>El hacker obtuvo asilo desde agosto del 2012, en una pol\u00e9mica decisi\u00f3n por la difusi\u00f3n de informaci\u00f3n delicada en cuanto a seguridad de los Estados Unidos y otros pa\u00edses. (I)<\/p>\n<p>&nbsp;<\/p>\n<p><a href=\"https:\/\/twitter.com\/JulianAssange\/status\/951152081670418432\" target=\"_blank\" rel=\"noopener noreferrer\"><img loading=\"lazy\" class=\"size-full wp-image-192598 aligncenter\" src=\"https:\/\/www.ecuadortimes.net\/es\/wp-content\/uploads\/2018\/01\/ASSANGE_FIGURA_CON_CEDULA_ECUATORIANA_REGISTRO_CIVIL_1_ECUADORTIMES_ECUADORNEWS.png\" alt=\"\" width=\"503\" height=\"613\" \/><\/a><\/p>\n<p><a href=\"http:\/\/www.cancilleria.gob.ec\/comunicado-oficial-20\/\" target=\"_blank\" rel=\"noopener noreferrer\"><img loading=\"lazy\" class=\"size-full wp-image-192599 aligncenter\" src=\"https:\/\/www.ecuadortimes.net\/es\/wp-content\/uploads\/2018\/01\/ASSANGE_FIGURA_CON_CEDULA_ECUATORIANA_REGISTRO_CIVIL_2_ECUADORTIMES_ECUADORNEWS.png\" alt=\"\" width=\"504\" height=\"382\" \/><\/a><\/p>\n<p>&nbsp;<\/p>\n<p>&nbsp;<\/p>\n<p><strong>Fuente: <\/strong><a href=\"http:\/\/www.expreso.ec\/actualidad\/assange-figura-con-cedula-ecuatoriana-en-el-registro-civil-LH1955805\" target=\"_blank\" rel=\"noopener noreferrer\">http:\/\/www.expreso.ec\/actualidad\/assange-figura-con-cedula-ecuatoriana-en-el-registro-civil-LH1955805<\/a><\/p>\n","protected":false},"excerpt":{"rendered":"<p>&nbsp; El australiano Julian Assange subi\u00f3 una foto a las redes sociales luciendo una camiseta de la Selecci\u00f3n ecuatoriana. Pero esa no es la \u00fanica novedad con el fundador de\u00a0Wikileaks. El extranjero, asilado en la embajada ecuatoriana en\u00a0Londres\u00a0(Inglaterra), tambi\u00e9n ha estrenado c\u00e9dula nueva. Tiene los d\u00edgitos de Pichincha y consta en el Registro Civil (RC) con el n\u00famero 1729926483. Eso significa tambi\u00e9n que \u00e9l es un ciudadano de nuestro pa\u00eds. Aunque dentro de la informaci\u00f3n del RC, se ratifica su condici\u00f3n de asilado. El Ministerio de Relaciones Exteriores emiti\u00f3 un comunicado, donde se detalla que el Gobierno nacional ha actuado con la prudencia que amerita este tipo de situaciones. Julian Assange, a petici\u00f3n del Gobierno de Ecuador, se comprometi\u00f3 a no intervenir en asuntos ajenos a su condici\u00f3n de asilo. Finalmente, el\u00a0Ministerio de Relaciones Exteriores y Movilidad Humana\u00a0del Ecuador reitera que no responder\u00e1 a rumores ni a informaci\u00f3n distorsionada o descontextualizada sobre este caso\u009d, precis\u00f3 la cartera. El hacker obtuvo asilo desde agosto del 2012, en una pol\u00e9mica decisi\u00f3n por la difusi\u00f3n de informaci\u00f3n delicada en cuanto a seguridad de los Estados Unidos y otros pa\u00edses. (I) &nbsp; &nbsp; &nbsp; Fuente: http:\/\/www.expreso.ec\/actualidad\/assange-figura-con-cedula-ecuatoriana-en-el-registro-civil-LH1955805<\/p>\n","protected":false},"author":1,"featured_media":247210,"comment_status":"open","ping_status":"open","sticky":false,"template":"","format":"standard","meta":[],"categories":[54,32,51,35,46],"tags":[],"_links":{"self":[{"href":"https:\/\/www.ecuadortimes.net\/es\/wp-json\/wp\/v2\/posts\/247209"}],"collection":[{"href":"https:\/\/www.ecuadortimes.net\/es\/wp-json\/wp\/v2\/posts"}],"about":[{"href":"https:\/\/www.ecuadortimes.net\/es\/wp-json\/wp\/v2\/types\/post"}],"author":[{"embeddable":true,"href":"https:\/\/www.ecuadortimes.net\/es\/wp-json\/wp\/v2\/users\/1"}],"replies":[{"embeddable":true,"href":"https:\/\/www.ecuadortimes.net\/es\/wp-json\/wp\/v2\/comments?post=247209"}],"version-history":[{"count":0,"href":"https:\/\/www.ecuadortimes.net\/es\/wp-json\/wp\/v2\/posts\/247209\/revisions"}],"wp:featuredmedia":[{"embeddable":true,"href":"https:\/\/www.ecuadortimes.net\/es\/wp-json\/wp\/v2\/media\/247210"}],"wp:attachment":[{"href":"https:\/\/www.ecuadortimes.net\/es\/wp-json\/wp\/v2\/media?parent=247209"}],"wp:term":[{"taxonomy":"category","embeddable":true,"href":"https:\/\/www.ecuadortimes.net\/es\/wp-json\/wp\/v2\/categories?post=247209"},{"taxonomy":"post_tag","embeddable":true,"href":"https:\/\/www.ecuadortimes.net\/es\/wp-json\/wp\/v2\/tags?post=247209"}],"curies":[{"name":"wp","href":"https:\/\/api.w.org\/{rel}","templated":true}]}}