{"id":247211,"date":"2018-01-11T00:00:00","date_gmt":"2018-01-11T00:00:00","guid":{"rendered":"https:\/\/www.ecuadortimes.net\/es\/moreno-deja-en-su-militancia-la-promocion-de-la-consulta\/"},"modified":"2018-01-11T00:00:00","modified_gmt":"2018-01-11T00:00:00","slug":"moreno-deja-en-su-militancia-la-promocion-de-la-consulta","status":"publish","type":"post","link":"https:\/\/www.ecuadortimes.net\/es\/moreno-deja-en-su-militancia-la-promocion-de-la-consulta\/","title":{"rendered":"Moreno deja en su militancia la promoci\u00f3n de la consulta"},"content":{"rendered":"<p>.<\/p>\n<p><img loading=\"lazy\" class=\"size-full wp-image-192594 aligncenter\" src=\"https:\/\/www.ecuadortimes.net\/es\/wp-content\/uploads\/2018\/01\/MORENO_DEJA_EN_SU_MILITANCIA_LA_PROMOCION_CONSULTA_ECUADORTIMES_ECUADORNEWS.jpg\" alt=\"\" width=\"762\" height=\"428\" \/><\/p>\n<p>&nbsp;<\/p>\n<p>Un perfil bajo en plena campa\u00f1a. El presidente\u00a0<b>Len\u00edn<\/b>\u00a0<b>Moreno<\/b>\u00a0ha hecho pocas apariciones p\u00fablicas, aunque la promoci\u00f3n de las siete preguntas de la\u00a0<b>consulta<\/b><b>popular<\/b>\u00a0empez\u00f3 hace ocho d\u00edas.<\/p>\n<p>De hecho, las actividades p\u00fablicas del mandatario fueron disminuyendo desde que retorn\u00f3 de una gira europea que le llev\u00f3 por el Vaticano y Espa\u00f1a, a finales de diciembre pasado. Las actividades de despacho\u009d han sido el denominador com\u00fan de las \u00faltimas semanas.<\/p>\n<p>La ausencia de los \u00faltimos d\u00edas tiene una explicaci\u00f3n: el propio\u00a0<b>Moreno<\/b>\u00a0cont\u00f3 que sufri\u00f3 un percance, el 3 de enero, cuando una bolsa con agua caliente se revent\u00f3 y afect\u00f3 parte de su cuerpo.<\/p>\n<p>Esto no le impidi\u00f3 participar en el<b>\u00a0Cambio de Guardia<\/b>\u00a0del lunes \u00faltimo, pero s\u00ed en las\u00a0<b>actividades<\/b>\u00a0que desarroll\u00f3 el\u00a0<b>Gobierno en Tungurahua<\/b>, al d\u00eda siguiente.<\/p>\n<p>Por ahora, la misi\u00f3n de promocionar la\u00a0<b>consulta popular\u00a0<\/b>est\u00e1 en manos de sus funcionarios. La vicepresidenta Mar\u00eda Alejandra Vicu\u00f1a ha estado a cargo de las reuniones y la recepci\u00f3n de apoyos de los grupos sociales que apoyan las siete preguntas propuestas por el presidente.<\/p>\n<p>Los ministerios tambi\u00e9n han intensificado sus\u00a0<b>actividades<\/b>, en las que se dan a conocer las acciones ejecutadas por el Ejecutivo en los primeros siete meses de gesti\u00f3n.<\/p>\n<p>El\u00a0<b>Ministerio de Electricidad<\/b>, por ejemplo, anunci\u00f3 el martes la reducci\u00f3n de las tarifas el\u00e9ctricas para el sector productivo y ayer, en Quinind\u00e9, inaugur\u00f3 varias obras de electrificaci\u00f3n. Los dos actos contaron con la presencia de la vicepresidenta Vicu\u00f1a.<\/p>\n<p>El presidente resalt\u00f3 ambas actividades desde sus\u00a0<b>cuentas<\/b>\u00a0<b>oficiales<\/b>\u00a0en\u00a0<b>redes<\/b><b>sociales<\/b>. Este espacio es, por ahora, el m\u00e1s usado por las organizaciones sociales y pol\u00edticas para promocionar al s\u00ed y al no de cara al proceso electoral del 4 de febrero.<\/p>\n<p>Este panorama podr\u00eda cambiar en los pr\u00f3ximos d\u00edas, con un presidente Moreno m\u00e1s activo a medida de que se acerque el final de la campa\u00f1a electoral, el 1 de febrero, seg\u00fan el cronograma del Consejo Nacional Electoral\u00a0<b>(CNE)<\/b>.<\/p>\n<p>Ricardo Zambrano, secretario ejecutivo de\u00a0<b>Alianza<\/b>\u00a0<b>PAIS<\/b>\u00a0encargado, dijo que la estrategia que usar\u00e1n, m\u00e1s que hacer grandes concentraciones para promocionar el s\u00ed, es que la militancia se movilice explicando el contenido y objetivo de las preguntas.<\/p>\n<p>Obviamente y de forma paralela el se\u00f1or presidente Moreno estar\u00e1 visitando casi todas las provincias\u009d, manifest\u00f3 Zambrano.<\/p>\n<p><b>El antecesor con af\u00e1n protagonista<\/b><\/p>\n<p>El expresidente Rafael Correa pidi\u00f3 en dos ocasiones licencia a la Asamblea Nacional para hacer campa\u00f1a pol\u00edtica.<\/p>\n<p>La primera, en 2013 cuando postul\u00f3 junto a Jorge Glas para la reelecci\u00f3n a la presidencia de la Rep\u00fablica.<\/p>\n<p>Un a\u00f1o despu\u00e9s volvi\u00f3 a usar esta figura para promocionar a los candidatos de Alianza PAIS en las elecciones seccionales, sin resultados positivos: no pudo ganar la alcald\u00eda de Guayaquil y perdi\u00f3 la de Quito.<\/p>\n<p><b>Para saber<\/b><\/p>\n<p><b>Apoyo<\/b><\/p>\n<p>El lunes, durante el Cambio de Guardia, el presidente recibi\u00f3 el apoyo de varias organizaciones de riego comunitario y se reuni\u00f3 con ellos.<\/p>\n<p><b>Movilizaci\u00f3n<\/b><\/p>\n<p>La vicepresidenta cumple hoy agenda en Quito. Entre martes y mi\u00e9rcoles lo hizo en Tungurahua y Esmeraldas, respectivamente.<\/p>\n<p><b>Ministerios<\/b><\/p>\n<p>Carteras de Estado como la de Educaci\u00f3n, Industrias, Transporte y Obras P\u00fablicas han intensificado sus actividades. (I)<\/p>\n<p>&nbsp;<\/p>\n<p>&nbsp;<\/p>\n<p><strong>Fuente: <\/strong><a href=\"http:\/\/www.expreso.ec\/actualidad\/leninmoreno-politica-nacional-promocion-consultapopular-YC1958155\" target=\"_blank\" rel=\"noopener noreferrer\">http:\/\/www.expreso.ec\/actualidad\/leninmoreno-politica-nacional-promocion-consultapopular-YC1958155<\/a><\/p>\n","protected":false},"excerpt":{"rendered":"<p>. &nbsp; Un perfil bajo en plena campa\u00f1a. El presidente\u00a0Len\u00edn\u00a0Moreno\u00a0ha hecho pocas apariciones p\u00fablicas, aunque la promoci\u00f3n de las siete preguntas de la\u00a0consultapopular\u00a0empez\u00f3 hace ocho d\u00edas. De hecho, las actividades p\u00fablicas del mandatario fueron disminuyendo desde que retorn\u00f3 de una gira europea que le llev\u00f3 por el Vaticano y Espa\u00f1a, a finales de diciembre pasado. Las actividades de despacho\u009d han sido el denominador com\u00fan de las \u00faltimas semanas. La ausencia de los \u00faltimos d\u00edas tiene una explicaci\u00f3n: el propio\u00a0Moreno\u00a0cont\u00f3 que sufri\u00f3 un percance, el 3 de enero, cuando una bolsa con agua caliente se revent\u00f3 y afect\u00f3 parte de su cuerpo. Esto no le impidi\u00f3 participar en el\u00a0Cambio de Guardia\u00a0del lunes \u00faltimo, pero s\u00ed en las\u00a0actividades\u00a0que desarroll\u00f3 el\u00a0Gobierno en Tungurahua, al d\u00eda siguiente. Por ahora, la misi\u00f3n de promocionar la\u00a0consulta popular\u00a0est\u00e1 en manos de sus funcionarios. La vicepresidenta Mar\u00eda Alejandra Vicu\u00f1a ha estado a cargo de las reuniones y la recepci\u00f3n de apoyos de los grupos sociales que apoyan las siete preguntas propuestas por el presidente. Los ministerios tambi\u00e9n han intensificado sus\u00a0actividades, en las que se dan a conocer las acciones ejecutadas por el Ejecutivo en los primeros siete meses de gesti\u00f3n. El\u00a0Ministerio de Electricidad, por ejemplo, anunci\u00f3 el martes la reducci\u00f3n de las tarifas el\u00e9ctricas para el sector productivo y ayer, en Quinind\u00e9, inaugur\u00f3 varias obras de electrificaci\u00f3n. Los dos actos contaron con la presencia de la vicepresidenta Vicu\u00f1a. El presidente resalt\u00f3 ambas actividades desde sus\u00a0cuentas\u00a0oficiales\u00a0en\u00a0redessociales. Este espacio es, por ahora, el m\u00e1s usado por las organizaciones sociales y pol\u00edticas para promocionar al s\u00ed y al no de cara al proceso electoral del 4 de febrero. Este panorama podr\u00eda cambiar en los pr\u00f3ximos d\u00edas, con un presidente Moreno m\u00e1s activo a medida de que se acerque el final de la campa\u00f1a electoral, el 1 de febrero, seg\u00fan el cronograma del Consejo Nacional Electoral\u00a0(CNE). Ricardo Zambrano, secretario ejecutivo de\u00a0Alianza\u00a0PAIS\u00a0encargado, dijo que la estrategia que usar\u00e1n, m\u00e1s que hacer grandes concentraciones para promocionar el s\u00ed, es que la militancia se movilice explicando el contenido y objetivo de las preguntas. Obviamente y de forma paralela el se\u00f1or presidente Moreno estar\u00e1 visitando casi todas las provincias\u009d, manifest\u00f3 Zambrano. El antecesor con af\u00e1n protagonista El expresidente Rafael Correa pidi\u00f3 en dos ocasiones licencia a la Asamblea Nacional para hacer campa\u00f1a pol\u00edtica. La primera, en 2013 cuando postul\u00f3 junto a Jorge Glas para la reelecci\u00f3n a la presidencia de la Rep\u00fablica. Un a\u00f1o despu\u00e9s volvi\u00f3 a usar esta figura para promocionar a los candidatos de Alianza PAIS en las elecciones seccionales, sin resultados positivos: no pudo ganar la alcald\u00eda de Guayaquil y perdi\u00f3 la de Quito. Para saber Apoyo El lunes, durante el Cambio de Guardia, el presidente recibi\u00f3 el apoyo de varias organizaciones de riego comunitario y se reuni\u00f3 con ellos. Movilizaci\u00f3n La vicepresidenta cumple hoy agenda en Quito. Entre martes y mi\u00e9rcoles lo hizo en Tungurahua y Esmeraldas, respectivamente. Ministerios Carteras de Estado como la de Educaci\u00f3n, Industrias, Transporte y Obras P\u00fablicas han intensificado sus actividades. (I) &nbsp; &nbsp; Fuente: http:\/\/www.expreso.ec\/actualidad\/leninmoreno-politica-nacional-promocion-consultapopular-YC1958155<\/p>\n","protected":false},"author":1,"featured_media":247212,"comment_status":"open","ping_status":"open","sticky":false,"template":"","format":"standard","meta":[],"categories":[54,32,40,35,46],"tags":[],"_links":{"self":[{"href":"https:\/\/www.ecuadortimes.net\/es\/wp-json\/wp\/v2\/posts\/247211"}],"collection":[{"href":"https:\/\/www.ecuadortimes.net\/es\/wp-json\/wp\/v2\/posts"}],"about":[{"href":"https:\/\/www.ecuadortimes.net\/es\/wp-json\/wp\/v2\/types\/post"}],"author":[{"embeddable":true,"href":"https:\/\/www.ecuadortimes.net\/es\/wp-json\/wp\/v2\/users\/1"}],"replies":[{"embeddable":true,"href":"https:\/\/www.ecuadortimes.net\/es\/wp-json\/wp\/v2\/comments?post=247211"}],"version-history":[{"count":0,"href":"https:\/\/www.ecuadortimes.net\/es\/wp-json\/wp\/v2\/posts\/247211\/revisions"}],"wp:featuredmedia":[{"embeddable":true,"href":"https:\/\/www.ecuadortimes.net\/es\/wp-json\/wp\/v2\/media\/247212"}],"wp:attachment":[{"href":"https:\/\/www.ecuadortimes.net\/es\/wp-json\/wp\/v2\/media?parent=247211"}],"wp:term":[{"taxonomy":"category","embeddable":true,"href":"https:\/\/www.ecuadortimes.net\/es\/wp-json\/wp\/v2\/categories?post=247211"},{"taxonomy":"post_tag","embeddable":true,"href":"https:\/\/www.ecuadortimes.net\/es\/wp-json\/wp\/v2\/tags?post=247211"}],"curies":[{"name":"wp","href":"https:\/\/api.w.org\/{rel}","templated":true}]}}