{"id":247215,"date":"2018-01-11T00:00:00","date_gmt":"2018-01-11T00:00:00","guid":{"rendered":"https:\/\/www.ecuadortimes.net\/es\/el-foro-economico-espera-que-se-honre-la-deuda-publica\/"},"modified":"2018-01-11T00:00:00","modified_gmt":"2018-01-11T00:00:00","slug":"el-foro-economico-espera-que-se-honre-la-deuda-publica","status":"publish","type":"post","link":"https:\/\/www.ecuadortimes.net\/es\/el-foro-economico-espera-que-se-honre-la-deuda-publica\/","title":{"rendered":"El foro econ\u00f3mico espera que se honre la deuda p\u00fablica"},"content":{"rendered":"<p><img loading=\"lazy\" class=\"size-full wp-image-192587 aligncenter\" src=\"https:\/\/www.ecuadortimes.net\/es\/wp-content\/uploads\/2018\/01\/EL_FORO_ECONOMICO_ESPERA_QUE_SE_HONRE_DEUDA_PUBLICA_ECUADORTIMES_ECUADORNEWS.jpg\" alt=\"\" width=\"762\" height=\"428\" \/><\/p>\n<p>&nbsp;<\/p>\n<p>Puede ser irregular, pero debe cumplirse. Ese es el criterio de los integrantes del nuevo<b>\u00a0Foro de Econom\u00eda y Finanzas P\u00fablicas<\/b>\u00a0sobre la deuda contra\u00edda durante el Gobierno del expresidente\u00a0<b>Rafael<\/b>\u00a0<b>Correa<\/b>. Los\u00a0<b>expertos<\/b>, entre los que se cuentan\u00a0<b>exministros<\/b>\u00a0y acad\u00e9micos, creen que ser\u00eda perjudicial pensar en otra alternativa.<\/p>\n<p>Ser\u00eda un error, por ejemplo, seguir el camino que aplic\u00f3 Correa entre 2008 y 2009. \u00c3\u0089l form\u00f3 una comisi\u00f3n que declar\u00f3 ileg\u00edtima a la deuda.<\/p>\n<p>Entre los efectos de la cuestionada decisi\u00f3n se cuentan el cierre de mercados, la desconfianza de los acreedores y la mala\u00a0<b>imagen<\/b>\u00a0<b>internacional<\/b>. Eso prepar\u00f3 el escenario para que\u00a0<b>Ecuador<\/b>\u00a0incremente los pr\u00e9stamos, con condiciones negativas, desde China.<\/p>\n<p>Mauricio Pozo, exministro de\u00a0<b>Econom\u00eda<\/b>\u00a0e integrante del\u00a0<b>Foro<\/b>, cree que declarar ilegal la deuda p\u00fablica, como hizo la autodenominada\u00a0<b>revoluci\u00f3n<\/b>\u00a0<b>ciudadana<\/b>, liquidar\u00eda las intenciones de mejorar la econom\u00eda nacional. No habr\u00eda prestamistas interesados en poner sus recursos en el pa\u00eds.<\/p>\n<p>Por eso, dijo a\u00a0<b>EXPRESO<\/b>, la deuda debe honrarse\u009d, aunque las condiciones de su obtenci\u00f3n no hayan sido las mejores.<\/p>\n<p>Para \u00e9l, los pendientes deben estudiarse desde dos \u00f3pticas. La primera, una legal que juzgar\u00e1 las condiciones y afectaciones que tuvo el Ecuador. Eso est\u00e1 en manos de la Contralor\u00eda que anunci\u00f3, esta semana, un examen a las operaciones de\u00a0<b>Correa<\/b>\u00a0y su equipo econ\u00f3mico.<\/p>\n<p>El otro eje de an\u00e1lisis, dijo Pozo, es el t\u00e9cnico. Los contratos fueron firmados y el pa\u00eds est\u00e1 en la obligaci\u00f3n de pagar.<\/p>\n<p>El analista y\u00a0<b>exasamble\u00edsta<\/b>\u00a0constituyente, Pablo Lucio Paredes, est\u00e1 de acuerdo. \u00c3\u0089l cree que las conclusiones de la\u00a0<b>Contralor\u00eda<\/b>\u00a0servir\u00e1n, desde el plano t\u00e9cnico, para categorizar la deuda. Es decir, definir el orden y prioridad de pago. Es urgente, explic\u00f3, pagar las cuentas que generan m\u00e1s inter\u00e9s y dejar para despu\u00e9s -sin caer en el descuido- las facturas menos perjudiciales.<\/p>\n<p>Otro punto a favor del examen, seg\u00fan la presidenta de la consultora\u00a0<b>Finanzas<\/b>\u00a0y\u00a0<b>Cooperativas<\/b>, Rosa Matilde Guerrero. Ella cree que el examen anunciado por Contralor\u00eda ser\u00e1 positivo para la imagen del pa\u00eds si compromete acciones del\u00a0<b>Gobierno<\/b>\u00a0central para garantizar transparencia y una pol\u00edtica p\u00fablica que asegure el pago. El inconveniente es que, a la fecha, los 20 integrantes del foro no encuentran dicha pol\u00edtica econ\u00f3mica en la administraci\u00f3n de\u00a0<b>Len\u00edn<\/b>\u00a0<b>Moreno<\/b>.<\/p>\n<p>Bernardo Acosta, exvicepresidente de la<b>\u00a0C\u00e1mara de Industrias y Productividad<\/b>, considera que el primer paso, luego de los resultados que arroje el examen de Contralor\u00eda, es renegociar la deuda cara. Para eso, sugiere, se debe establecer un acercamiento formal con organismos multilaterales que ofrezcan pr\u00e9stamos en mejores condiciones. Recomprar la deuda es una alternativa viable, a su criterio.<\/p>\n<p>El siguiente paso, coincide con sus colegas de la iniciativa ciudadana, es implementar un plan que evite que el endeudamiento estatal crezca cada a\u00f1o, como sucede hasta ahora. El foro se reunir\u00e1, la pr\u00f3xima semana, con el presidente Moreno para sugerir estrategias para alcanzar dicho plan.<\/p>\n<p><b>Las propuestas<\/b><\/p>\n<p><b>Tributos<\/b><\/p>\n<p>Para el foro, la salida que tom\u00f3 el anterior Gobierno no fue la adecuada. Las reformas tributarias para incrementar impuestos indirectos perjudicaron a los ecuatorianos. La idea, dicen, no es recurrir a impuestos y deuda p\u00fablica.<\/p>\n<p><b>Banca P\u00fablica<\/b><\/p>\n<p>El Banco Central y el resto de entidades financieras p\u00fablicas deben, a criterio de los expertos, mantener su autonom\u00eda para no comprometer sus finanzas e incluso la dolarizaci\u00f3n. El manejo independiente es una salida urgente.<\/p>\n<p><b>Competitividad<\/b><\/p>\n<p>La clave del desarrollo est\u00e1 en el impulso al sector productivo privado. Rosa Matilde Guerrero sugiere que se potencialice a la econom\u00eda popular y solidaria que solo tuvo protagonismo en el discurso del Gobierno anterior. (I)<\/p>\n<p>&nbsp;<\/p>\n<p>&nbsp;<\/p>\n<p><strong>Fuente: <\/strong><a href=\"http:\/\/www.expreso.ec\/actualidad\/foro-economico-deuda-publica-exfuncionarios-DC1958115\" target=\"_blank\" rel=\"noopener noreferrer\">http:\/\/www.expreso.ec\/actualidad\/foro-economico-deuda-publica-exfuncionarios-DC1958115<\/a><\/p>\n","protected":false},"excerpt":{"rendered":"<p>&nbsp; Puede ser irregular, pero debe cumplirse. Ese es el criterio de los integrantes del nuevo\u00a0Foro de Econom\u00eda y Finanzas P\u00fablicas\u00a0sobre la deuda contra\u00edda durante el Gobierno del expresidente\u00a0Rafael\u00a0Correa. Los\u00a0expertos, entre los que se cuentan\u00a0exministros\u00a0y acad\u00e9micos, creen que ser\u00eda perjudicial pensar en otra alternativa. Ser\u00eda un error, por ejemplo, seguir el camino que aplic\u00f3 Correa entre 2008 y 2009. \u00c3\u0089l form\u00f3 una comisi\u00f3n que declar\u00f3 ileg\u00edtima a la deuda. Entre los efectos de la cuestionada decisi\u00f3n se cuentan el cierre de mercados, la desconfianza de los acreedores y la mala\u00a0imagen\u00a0internacional. Eso prepar\u00f3 el escenario para que\u00a0Ecuador\u00a0incremente los pr\u00e9stamos, con condiciones negativas, desde China. Mauricio Pozo, exministro de\u00a0Econom\u00eda\u00a0e integrante del\u00a0Foro, cree que declarar ilegal la deuda p\u00fablica, como hizo la autodenominada\u00a0revoluci\u00f3n\u00a0ciudadana, liquidar\u00eda las intenciones de mejorar la econom\u00eda nacional. No habr\u00eda prestamistas interesados en poner sus recursos en el pa\u00eds. Por eso, dijo a\u00a0EXPRESO, la deuda debe honrarse\u009d, aunque las condiciones de su obtenci\u00f3n no hayan sido las mejores. Para \u00e9l, los pendientes deben estudiarse desde dos \u00f3pticas. La primera, una legal que juzgar\u00e1 las condiciones y afectaciones que tuvo el Ecuador. Eso est\u00e1 en manos de la Contralor\u00eda que anunci\u00f3, esta semana, un examen a las operaciones de\u00a0Correa\u00a0y su equipo econ\u00f3mico. El otro eje de an\u00e1lisis, dijo Pozo, es el t\u00e9cnico. Los contratos fueron firmados y el pa\u00eds est\u00e1 en la obligaci\u00f3n de pagar. El analista y\u00a0exasamble\u00edsta\u00a0constituyente, Pablo Lucio Paredes, est\u00e1 de acuerdo. \u00c3\u0089l cree que las conclusiones de la\u00a0Contralor\u00eda\u00a0servir\u00e1n, desde el plano t\u00e9cnico, para categorizar la deuda. Es decir, definir el orden y prioridad de pago. Es urgente, explic\u00f3, pagar las cuentas que generan m\u00e1s inter\u00e9s y dejar para despu\u00e9s -sin caer en el descuido- las facturas menos perjudiciales. Otro punto a favor del examen, seg\u00fan la presidenta de la consultora\u00a0Finanzas\u00a0y\u00a0Cooperativas, Rosa Matilde Guerrero. Ella cree que el examen anunciado por Contralor\u00eda ser\u00e1 positivo para la imagen del pa\u00eds si compromete acciones del\u00a0Gobierno\u00a0central para garantizar transparencia y una pol\u00edtica p\u00fablica que asegure el pago. El inconveniente es que, a la fecha, los 20 integrantes del foro no encuentran dicha pol\u00edtica econ\u00f3mica en la administraci\u00f3n de\u00a0Len\u00edn\u00a0Moreno. Bernardo Acosta, exvicepresidente de la\u00a0C\u00e1mara de Industrias y Productividad, considera que el primer paso, luego de los resultados que arroje el examen de Contralor\u00eda, es renegociar la deuda cara. Para eso, sugiere, se debe establecer un acercamiento formal con organismos multilaterales que ofrezcan pr\u00e9stamos en mejores condiciones. Recomprar la deuda es una alternativa viable, a su criterio. El siguiente paso, coincide con sus colegas de la iniciativa ciudadana, es implementar un plan que evite que el endeudamiento estatal crezca cada a\u00f1o, como sucede hasta ahora. El foro se reunir\u00e1, la pr\u00f3xima semana, con el presidente Moreno para sugerir estrategias para alcanzar dicho plan. Las propuestas Tributos Para el foro, la salida que tom\u00f3 el anterior Gobierno no fue la adecuada. Las reformas tributarias para incrementar impuestos indirectos perjudicaron a los ecuatorianos. La idea, dicen, no es recurrir a impuestos y deuda p\u00fablica. Banca P\u00fablica El Banco Central y el resto de entidades financieras p\u00fablicas deben, a criterio de los expertos, mantener su autonom\u00eda para no comprometer sus finanzas e incluso la dolarizaci\u00f3n. El manejo independiente es una salida urgente. Competitividad La clave del desarrollo est\u00e1 en el impulso al sector productivo privado. Rosa Matilde Guerrero sugiere que se potencialice a la econom\u00eda popular y solidaria que solo tuvo protagonismo en el discurso del Gobierno anterior. (I) &nbsp; &nbsp; Fuente: http:\/\/www.expreso.ec\/actualidad\/foro-economico-deuda-publica-exfuncionarios-DC1958115<\/p>\n","protected":false},"author":1,"featured_media":247216,"comment_status":"open","ping_status":"open","sticky":false,"template":"","format":"standard","meta":[],"categories":[54,32,43,40,46],"tags":[],"_links":{"self":[{"href":"https:\/\/www.ecuadortimes.net\/es\/wp-json\/wp\/v2\/posts\/247215"}],"collection":[{"href":"https:\/\/www.ecuadortimes.net\/es\/wp-json\/wp\/v2\/posts"}],"about":[{"href":"https:\/\/www.ecuadortimes.net\/es\/wp-json\/wp\/v2\/types\/post"}],"author":[{"embeddable":true,"href":"https:\/\/www.ecuadortimes.net\/es\/wp-json\/wp\/v2\/users\/1"}],"replies":[{"embeddable":true,"href":"https:\/\/www.ecuadortimes.net\/es\/wp-json\/wp\/v2\/comments?post=247215"}],"version-history":[{"count":0,"href":"https:\/\/www.ecuadortimes.net\/es\/wp-json\/wp\/v2\/posts\/247215\/revisions"}],"wp:featuredmedia":[{"embeddable":true,"href":"https:\/\/www.ecuadortimes.net\/es\/wp-json\/wp\/v2\/media\/247216"}],"wp:attachment":[{"href":"https:\/\/www.ecuadortimes.net\/es\/wp-json\/wp\/v2\/media?parent=247215"}],"wp:term":[{"taxonomy":"category","embeddable":true,"href":"https:\/\/www.ecuadortimes.net\/es\/wp-json\/wp\/v2\/categories?post=247215"},{"taxonomy":"post_tag","embeddable":true,"href":"https:\/\/www.ecuadortimes.net\/es\/wp-json\/wp\/v2\/tags?post=247215"}],"curies":[{"name":"wp","href":"https:\/\/api.w.org\/{rel}","templated":true}]}}