{"id":247223,"date":"2018-01-11T00:00:00","date_gmt":"2018-01-11T00:00:00","guid":{"rendered":"https:\/\/www.ecuadortimes.net\/es\/ministerio-informa-sobre-sumarios-administrativos-a-docentes-por-abuso-a-menores-entre-las-noticias-de-este-jueves\/"},"modified":"2018-01-11T00:00:00","modified_gmt":"2018-01-11T00:00:00","slug":"ministerio-informa-sobre-sumarios-administrativos-a-docentes-por-abuso-a-menores-entre-las-noticias-de-este-jueves","status":"publish","type":"post","link":"https:\/\/www.ecuadortimes.net\/es\/ministerio-informa-sobre-sumarios-administrativos-a-docentes-por-abuso-a-menores-entre-las-noticias-de-este-jueves\/","title":{"rendered":"Ministerio informa sobre sumarios administrativos a docentes por abuso a menores, entre las noticias de este jueves"},"content":{"rendered":"<p><img loading=\"lazy\" class=\"size-full wp-image-192592 aligncenter\" src=\"https:\/\/www.ecuadortimes.net\/es\/wp-content\/uploads\/2018\/01\/MINISTERIO_INFORMA_SOBRE_SUMARIOS_ADMINISTRATIVOS_DOCENTES_ABUSOS_A_MENORES_ECUADORTIMES_ECUADORNEWS.jpg\" alt=\"\" width=\"726\" height=\"450\" \/><\/p>\n<p>&nbsp;<\/p>\n<p>Estas son las principales novedades y proyecciones informativas para la jornada de este jueves 11 de enero de 2018:<\/p>\n<h2>Ministerio informa sobre revisi\u00f3n de sumarios administrativos a docentes por abuso a menores<\/h2>\n<p>El Ministerio de Educaci\u00f3n dar\u00e1 a conocer este jueves en Quito, sobre la revisi\u00f3n de sumarios administrativos a docentes acusados de presunto abuso sexual a menores de edad.<\/p>\n<p>Entre el 2014 y 2017, el\u00a0<a href=\"https:\/\/www.eluniverso.com\/noticias\/2017\/10\/13\/nota\/6428590\/882-casos-violencia-delitos-sexuales-registra-ministerio-educacion\" target=\"_self\" rel=\"noopener noreferrer\"><strong>Ministerio de Educaci\u00f3n ten\u00eda registrados m\u00e1s de 800 casos de violencia sexual<\/strong><\/a>, dentro y fuera del sistema educativo del pa\u00eds.<\/p>\n<p>Uno de estos casos fue el que ocurri\u00f3 en el colegio r\u00e9plica Aguirre Abad de Guayaquil, plantel que luego de conocerse el hecho fue intervenido de forma integral el a\u00f1o pasado.<\/p>\n<p>Hasta octubre pasado se conoci\u00f3 que hab\u00edan 463 sumarios administrativos.<\/p>\n<p>Asimismo m\u00e1s de 300 casos correspond\u00edan a situaciones dadas fuera del sistema educativo, en los que estaban involucrados parientes, amigos, conductores y otros.<\/p>\n<h2>CPC conforma veedur\u00edas para verificar cumplimientos del presidente Len\u00edn Moreno<\/h2>\n<p>El Consejo de Participaci\u00f3n Ciudadana y Control Social (CPC) sesiona hoy en Guayaquil, donde conformar\u00e1 veedur\u00edas para ver qu\u00e9 cumpli\u00f3 el presidente Len\u00edn Moreno sobre la Ley de Discapacidades y otra para el Plan Toda una Vida.<\/p>\n<p>Adem\u00e1s, se conocer\u00e1 el informe de los recursos que se destinaron a Manab\u00ed por el terremoto de 2016.<\/p>\n<p>Mientras tanto, este\u00a0<a href=\"https:\/\/www.eluniverso.com\/noticias\/2018\/01\/10\/nota\/6559920\/consejo-participacion-cuestiona-veeduria-contraloria-deuda\" target=\"_self\" rel=\"noopener noreferrer\"><strong>Consejo cuestion\u00f3 a la Contralor\u00eda del Estado<\/strong><\/a>\u00a0por integrar una veedur\u00eda ciudadana para que acompa\u00f1e la auditor\u00eda a la deuda interna y externa del pa\u00eds contra\u00edda en el gobierno anterior de Rafael Correa (de enero de 2012 a mayo de 2017).<\/p>\n<h2>Se espera informe de Comisi\u00f3n de Fiscalizaci\u00f3n respecto al juicio pol\u00edtico contra exvicepresidente Jorge Glas<\/h2>\n<p>Restan dos d\u00edas para que termine el plazo para que la Comisi\u00f3n de Fiscalizaci\u00f3n de la Asamblea Nacional entregue su informe recomendando archivar, suspender o censurar al exvicepresidente Jorge Glas.<\/p>\n<p><a href=\"https:\/\/www.eluniverso.com\/noticias\/2018\/01\/09\/nota\/6558114\/legisladores-piden-que-informe-juicio-politico-glas-pase-pleno\" target=\"_self\" rel=\"noopener noreferrer\"><strong>Los asamble\u00edstas de oposici\u00f3n y oficialistas reclaman que esa comisi\u00f3n elabore y apruebe el informe<\/strong><\/a>\u00a0sobre el juicio pol\u00edtico a Glas para que sea el Pleno quien defina su archivo, suspensi\u00f3n o censura.<\/p>\n<p>La mesa se reuni\u00f3 el pasado domingo, pero no aprob\u00f3 ninguna resoluci\u00f3n; \u00fanicamente su presidenta, la oficialista Mar\u00eda Jos\u00e9 Carri\u00f3n, anticip\u00f3 un criterio de que el proceso pol\u00edtico contra Glas termin\u00f3 y que ya no son competentes para continuar una vez que la Asamblea nombr\u00f3 a Mar\u00eda Alejandra Vicu\u00f1a vicepresidenta de la Rep\u00fablica, en reemplazo de Glas.<\/p>\n<h2>Presentaci\u00f3n oficial de nueve canchas de c\u00e9sped sint\u00e9tico del parque Samanes<\/h2>\n<p>Hoy a las 10:30 habr\u00e1 una rueda de prensa en la que se presentar\u00e1 oficialmente las nueve canchas de c\u00e9sped sint\u00e9tico del parque Samanes, en el norte de Guayaquil, casi tres meses despu\u00e9s de que entraran a mantenimiento, indic\u00f3 el Servicio de Gesti\u00f3n Inmobiliaria del Sector P\u00fablico (Inmobiliar).<\/p>\n<p>Las llamadas canchas de F\u00fatbol 7 est\u00e1n listas para volver a recibir a los usuarios.<\/p>\n<p>En el acto se dar\u00e1 tambi\u00e9n un partido con exglorias del f\u00fatbol. En octubre pasado se cerraron diez canchas para darles mantenimiento, tras las quejas de los ciudadanos por el desgaste que presentaban algunas de ellas. (I)<\/p>\n<p>&nbsp;<\/p>\n<p>&nbsp;<\/p>\n<p><strong>Fuente: <\/strong><a href=\"https:\/\/www.eluniverso.com\/noticias\/2018\/01\/11\/nota\/6560829\/ministerio-educacion-informa-sobre-revision-sumarios\" target=\"_blank\" rel=\"noopener noreferrer\">https:\/\/www.eluniverso.com\/noticias\/2018\/01\/11\/nota\/6560829\/ministerio-educacion-informa-sobre-revision-sumarios<\/a><\/p>\n","protected":false},"excerpt":{"rendered":"<p>&nbsp; Estas son las principales novedades y proyecciones informativas para la jornada de este jueves 11 de enero de 2018: Ministerio informa sobre revisi\u00f3n de sumarios administrativos a docentes por abuso a menores El Ministerio de Educaci\u00f3n dar\u00e1 a conocer este jueves en Quito, sobre la revisi\u00f3n de sumarios administrativos a docentes acusados de presunto abuso sexual a menores de edad. Entre el 2014 y 2017, el\u00a0Ministerio de Educaci\u00f3n ten\u00eda registrados m\u00e1s de 800 casos de violencia sexual, dentro y fuera del sistema educativo del pa\u00eds. Uno de estos casos fue el que ocurri\u00f3 en el colegio r\u00e9plica Aguirre Abad de Guayaquil, plantel que luego de conocerse el hecho fue intervenido de forma integral el a\u00f1o pasado. Hasta octubre pasado se conoci\u00f3 que hab\u00edan 463 sumarios administrativos. Asimismo m\u00e1s de 300 casos correspond\u00edan a situaciones dadas fuera del sistema educativo, en los que estaban involucrados parientes, amigos, conductores y otros. CPC conforma veedur\u00edas para verificar cumplimientos del presidente Len\u00edn Moreno El Consejo de Participaci\u00f3n Ciudadana y Control Social (CPC) sesiona hoy en Guayaquil, donde conformar\u00e1 veedur\u00edas para ver qu\u00e9 cumpli\u00f3 el presidente Len\u00edn Moreno sobre la Ley de Discapacidades y otra para el Plan Toda una Vida. Adem\u00e1s, se conocer\u00e1 el informe de los recursos que se destinaron a Manab\u00ed por el terremoto de 2016. Mientras tanto, este\u00a0Consejo cuestion\u00f3 a la Contralor\u00eda del Estado\u00a0por integrar una veedur\u00eda ciudadana para que acompa\u00f1e la auditor\u00eda a la deuda interna y externa del pa\u00eds contra\u00edda en el gobierno anterior de Rafael Correa (de enero de 2012 a mayo de 2017). Se espera informe de Comisi\u00f3n de Fiscalizaci\u00f3n respecto al juicio pol\u00edtico contra exvicepresidente Jorge Glas Restan dos d\u00edas para que termine el plazo para que la Comisi\u00f3n de Fiscalizaci\u00f3n de la Asamblea Nacional entregue su informe recomendando archivar, suspender o censurar al exvicepresidente Jorge Glas. Los asamble\u00edstas de oposici\u00f3n y oficialistas reclaman que esa comisi\u00f3n elabore y apruebe el informe\u00a0sobre el juicio pol\u00edtico a Glas para que sea el Pleno quien defina su archivo, suspensi\u00f3n o censura. La mesa se reuni\u00f3 el pasado domingo, pero no aprob\u00f3 ninguna resoluci\u00f3n; \u00fanicamente su presidenta, la oficialista Mar\u00eda Jos\u00e9 Carri\u00f3n, anticip\u00f3 un criterio de que el proceso pol\u00edtico contra Glas termin\u00f3 y que ya no son competentes para continuar una vez que la Asamblea nombr\u00f3 a Mar\u00eda Alejandra Vicu\u00f1a vicepresidenta de la Rep\u00fablica, en reemplazo de Glas. Presentaci\u00f3n oficial de nueve canchas de c\u00e9sped sint\u00e9tico del parque Samanes Hoy a las 10:30 habr\u00e1 una rueda de prensa en la que se presentar\u00e1 oficialmente las nueve canchas de c\u00e9sped sint\u00e9tico del parque Samanes, en el norte de Guayaquil, casi tres meses despu\u00e9s de que entraran a mantenimiento, indic\u00f3 el Servicio de Gesti\u00f3n Inmobiliaria del Sector P\u00fablico (Inmobiliar). Las llamadas canchas de F\u00fatbol 7 est\u00e1n listas para volver a recibir a los usuarios. En el acto se dar\u00e1 tambi\u00e9n un partido con exglorias del f\u00fatbol. En octubre pasado se cerraron diez canchas para darles mantenimiento, tras las quejas de los ciudadanos por el desgaste que presentaban algunas de ellas. (I) &nbsp; &nbsp; Fuente: https:\/\/www.eluniverso.com\/noticias\/2018\/01\/11\/nota\/6560829\/ministerio-educacion-informa-sobre-revision-sumarios<\/p>\n","protected":false},"author":1,"featured_media":247224,"comment_status":"open","ping_status":"open","sticky":false,"template":"","format":"standard","meta":[],"categories":[54,32,51,40,35],"tags":[],"_links":{"self":[{"href":"https:\/\/www.ecuadortimes.net\/es\/wp-json\/wp\/v2\/posts\/247223"}],"collection":[{"href":"https:\/\/www.ecuadortimes.net\/es\/wp-json\/wp\/v2\/posts"}],"about":[{"href":"https:\/\/www.ecuadortimes.net\/es\/wp-json\/wp\/v2\/types\/post"}],"author":[{"embeddable":true,"href":"https:\/\/www.ecuadortimes.net\/es\/wp-json\/wp\/v2\/users\/1"}],"replies":[{"embeddable":true,"href":"https:\/\/www.ecuadortimes.net\/es\/wp-json\/wp\/v2\/comments?post=247223"}],"version-history":[{"count":0,"href":"https:\/\/www.ecuadortimes.net\/es\/wp-json\/wp\/v2\/posts\/247223\/revisions"}],"wp:featuredmedia":[{"embeddable":true,"href":"https:\/\/www.ecuadortimes.net\/es\/wp-json\/wp\/v2\/media\/247224"}],"wp:attachment":[{"href":"https:\/\/www.ecuadortimes.net\/es\/wp-json\/wp\/v2\/media?parent=247223"}],"wp:term":[{"taxonomy":"category","embeddable":true,"href":"https:\/\/www.ecuadortimes.net\/es\/wp-json\/wp\/v2\/categories?post=247223"},{"taxonomy":"post_tag","embeddable":true,"href":"https:\/\/www.ecuadortimes.net\/es\/wp-json\/wp\/v2\/tags?post=247223"}],"curies":[{"name":"wp","href":"https:\/\/api.w.org\/{rel}","templated":true}]}}