{"id":248699,"date":"2018-04-17T00:00:00","date_gmt":"2018-04-17T00:00:00","guid":{"rendered":"https:\/\/www.ecuadortimes.net\/es\/alias-guacho-envia-nuevo-video-en-que-se-muestra-a-pareja-secuestrada\/"},"modified":"2018-04-17T00:00:00","modified_gmt":"2018-04-17T00:00:00","slug":"alias-guacho-envia-nuevo-video-en-que-se-muestra-a-pareja-secuestrada","status":"publish","type":"post","link":"https:\/\/www.ecuadortimes.net\/es\/alias-guacho-envia-nuevo-video-en-que-se-muestra-a-pareja-secuestrada\/","title":{"rendered":"Alias &#8220;Guacho&#8221; env\u00eda nuevo video en que se muestra a pareja secuestrada"},"content":{"rendered":"<p><img loading=\"lazy\" class=\"size-full wp-image-195232 aligncenter\" src=\"https:\/\/www.ecuadortimes.net\/es\/wp-content\/uploads\/2018\/04\/Alias-Guacho-envi\u00cc\u0081a-nuevo-video-en-que-se-muestra-a-pareja-secuestrada_ecuadortimes_ecuadornews_1.jpg\" alt=\"\" width=\"1200\" height=\"566\" \/><\/p>\n<p>&nbsp;<\/p>\n<p><strong>La ma\u00f1ana de este martes 17 de abril,\u00a0 desde el ECU-911 de Quito, el ministro del Interior de Ecuador, C\u00e9sar Navas,\u00a0brind\u00f3 una rueda de prensa para dar detalles de un nuevo video enviado por alias &#8220;Guacho&#8221;<\/strong>, en el que\u00a0se muestra a una pareja de ciudadanos -de la cual se desconoce su nacionalidad-\u00a0que han sido secuestrados.<\/p>\n<p>Navas se\u00f1al\u00f3 que es la primera vez que alias &#8220;Guacho&#8221;\u00a0env\u00eda una video de prueba de vida directamente a Ecuador por canal de comunicaci\u00f3n\u00a0instaurado desde el secuestro de un equipo period\u00edstico de El Comercio.\u00a0 En otras ocasiones envi\u00f3 estas piezas audiovisuales\u00a0a medios colombianos.<\/p>\n<p>&nbsp;<\/p>\n<p><a href=\"https:\/\/twitter.com\/el_telegrafo\/status\/986207909603311618\" target=\"_blank\" rel=\"noopener noreferrer\"><img loading=\"lazy\" class=\"size-full wp-image-195245 aligncenter\" src=\"https:\/\/www.ecuadortimes.net\/es\/wp-content\/uploads\/2018\/04\/Alias-Guacho-envi\u00cc\u0081a-nuevo-video-en-que-se-muestra-a-pareja-secuestrada_1_ecuadortimes_ecuadornews_1.png\" alt=\"\" width=\"504\" height=\"570\" \/><\/a><\/p>\n<p>&nbsp;<\/p>\n<p>El video fue mostrado en la sala de prensa del ECU-911. El hombre es \u00e9l \u00fanico que habla y dice lo siguiente: &#8221;Se\u00f1or Presidente, por favor, le pido nos ayude, que no suceda lo que le pas\u00f3 a los periodistas; nosotros no tenemos nada que ver en esta guerra.<\/p>\n<p>Por favor, se\u00f1or Presidente, solo queremos regresar a nuestra casa; por favor deles lo que ellos quieran para que no nos pase lo de los periodistas&#8221;. Con estas im\u00e1genes, el ministro del Interior pidi\u00f3 se ayude a identificar a estos ciudadanos.<\/p>\n<p>Navas indic\u00f3 que este video fue enviado el lunes 16 de abril\u00a0por la noche y el mismo busca robar la tranquilidad de Ecuador. &#8221;Quieren robarnos la paz que hemos logrado, pero no lo vamos a permitir. Somos 16 millones de ecuatorianos que vamos a derrotar a estos delincuentes&#8221;, asegur\u00f3 el l\u00edder de esta cartera de Estado.<\/p>\n<p>Navas\u00a0tambi\u00e9n pidi\u00f3 al gobierno colombiano que cumpla con los compromisos acordados &#8220;para juntos derrotar esta mafia&#8221;. &#8220;Que quede claro a las autoridades colombianas que sin su colaboraci\u00f3n estos delincuentes seguir\u00e1n atentando contra la paz de las dos naciones hermanas&#8221;, agreg\u00f3 el funcionario.<\/p>\n<p>Tambi\u00e9n\u00a0dijo que junto con\u00a0las Fuerzas Armadas (FF.AA.) y la Polic\u00eda Nacional se seguir\u00e1 trabajando incansablemente para dar con el paradero del l\u00edder del Frente Oliver Sinisterra. &#8221;Como lo dijo el presidente (Len\u00edn Moreno), la paz de Ecuador no se negocia con asesinos&#8221;, asever\u00f3.<\/p>\n<p>Navas se\u00f1al\u00f3 que por este \u00faltimo acontecimiento, el presidente de la Rep\u00fablica, Len\u00edn Moreno, ha convocado a las 10:30 de este martes 17 de abril, en el Palacio de Carondelet, a una reuni\u00f3n del Consejo Nacional de Seguridad P\u00fablica y del Estado (Cosepe). (I)<\/p>\n<p><iframe loading=\"lazy\" src=\"https:\/\/www.youtube.com\/embed\/nc0nW07HD-4\" width=\"560\" height=\"315\" frameborder=\"0\" allowfullscreen=\"allowfullscreen\"><\/iframe><br \/>\n<strong>Fuente: <\/strong><a href=\"https:\/\/www.eltelegrafo.com.ec\/noticias\/judicial\/12\/guacho-secuestro-pareja\" target=\"_blank\" rel=\"noopener noreferrer\">https:\/\/www.eltelegrafo.com.ec\/noticias\/judicial\/12\/guacho-secuestro-pareja<\/a><\/p>\n","protected":false},"excerpt":{"rendered":"<p>&nbsp; La ma\u00f1ana de este martes 17 de abril,\u00a0 desde el ECU-911 de Quito, el ministro del Interior de Ecuador, C\u00e9sar Navas,\u00a0brind\u00f3 una rueda de prensa para dar detalles de un nuevo video enviado por alias &#8220;Guacho&#8221;, en el que\u00a0se muestra a una pareja de ciudadanos -de la cual se desconoce su nacionalidad-\u00a0que han sido secuestrados. Navas se\u00f1al\u00f3 que es la primera vez que alias &#8220;Guacho&#8221;\u00a0env\u00eda una video de prueba de vida directamente a Ecuador por canal de comunicaci\u00f3n\u00a0instaurado desde el secuestro de un equipo period\u00edstico de El Comercio.\u00a0 En otras ocasiones envi\u00f3 estas piezas audiovisuales\u00a0a medios colombianos. &nbsp; &nbsp; El video fue mostrado en la sala de prensa del ECU-911. El hombre es \u00e9l \u00fanico que habla y dice lo siguiente: &#8221;Se\u00f1or Presidente, por favor, le pido nos ayude, que no suceda lo que le pas\u00f3 a los periodistas; nosotros no tenemos nada que ver en esta guerra. Por favor, se\u00f1or Presidente, solo queremos regresar a nuestra casa; por favor deles lo que ellos quieran para que no nos pase lo de los periodistas&#8221;. Con estas im\u00e1genes, el ministro del Interior pidi\u00f3 se ayude a identificar a estos ciudadanos. Navas indic\u00f3 que este video fue enviado el lunes 16 de abril\u00a0por la noche y el mismo busca robar la tranquilidad de Ecuador. &#8221;Quieren robarnos la paz que hemos logrado, pero no lo vamos a permitir. Somos 16 millones de ecuatorianos que vamos a derrotar a estos delincuentes&#8221;, asegur\u00f3 el l\u00edder de esta cartera de Estado. Navas\u00a0tambi\u00e9n pidi\u00f3 al gobierno colombiano que cumpla con los compromisos acordados &#8220;para juntos derrotar esta mafia&#8221;. &#8220;Que quede claro a las autoridades colombianas que sin su colaboraci\u00f3n estos delincuentes seguir\u00e1n atentando contra la paz de las dos naciones hermanas&#8221;, agreg\u00f3 el funcionario. Tambi\u00e9n\u00a0dijo que junto con\u00a0las Fuerzas Armadas (FF.AA.) y la Polic\u00eda Nacional se seguir\u00e1 trabajando incansablemente para dar con el paradero del l\u00edder del Frente Oliver Sinisterra. &#8221;Como lo dijo el presidente (Len\u00edn Moreno), la paz de Ecuador no se negocia con asesinos&#8221;, asever\u00f3. Navas se\u00f1al\u00f3 que por este \u00faltimo acontecimiento, el presidente de la Rep\u00fablica, Len\u00edn Moreno, ha convocado a las 10:30 de este martes 17 de abril, en el Palacio de Carondelet, a una reuni\u00f3n del Consejo Nacional de Seguridad P\u00fablica y del Estado (Cosepe). (I) Fuente: https:\/\/www.eltelegrafo.com.ec\/noticias\/judicial\/12\/guacho-secuestro-pareja<\/p>\n","protected":false},"author":1,"featured_media":248700,"comment_status":"open","ping_status":"open","sticky":false,"template":"","format":"standard","meta":[],"categories":[54,32,51,40,35,46],"tags":[],"_links":{"self":[{"href":"https:\/\/www.ecuadortimes.net\/es\/wp-json\/wp\/v2\/posts\/248699"}],"collection":[{"href":"https:\/\/www.ecuadortimes.net\/es\/wp-json\/wp\/v2\/posts"}],"about":[{"href":"https:\/\/www.ecuadortimes.net\/es\/wp-json\/wp\/v2\/types\/post"}],"author":[{"embeddable":true,"href":"https:\/\/www.ecuadortimes.net\/es\/wp-json\/wp\/v2\/users\/1"}],"replies":[{"embeddable":true,"href":"https:\/\/www.ecuadortimes.net\/es\/wp-json\/wp\/v2\/comments?post=248699"}],"version-history":[{"count":0,"href":"https:\/\/www.ecuadortimes.net\/es\/wp-json\/wp\/v2\/posts\/248699\/revisions"}],"wp:featuredmedia":[{"embeddable":true,"href":"https:\/\/www.ecuadortimes.net\/es\/wp-json\/wp\/v2\/media\/248700"}],"wp:attachment":[{"href":"https:\/\/www.ecuadortimes.net\/es\/wp-json\/wp\/v2\/media?parent=248699"}],"wp:term":[{"taxonomy":"category","embeddable":true,"href":"https:\/\/www.ecuadortimes.net\/es\/wp-json\/wp\/v2\/categories?post=248699"},{"taxonomy":"post_tag","embeddable":true,"href":"https:\/\/www.ecuadortimes.net\/es\/wp-json\/wp\/v2\/tags?post=248699"}],"curies":[{"name":"wp","href":"https:\/\/api.w.org\/{rel}","templated":true}]}}