{"id":248710,"date":"2018-04-17T00:00:00","date_gmt":"2018-04-17T00:00:00","guid":{"rendered":"https:\/\/www.ecuadortimes.net\/es\/el-pais-lleva-casi-un-mes-sin-cifra-oficial-de-deuda\/"},"modified":"2018-04-17T00:00:00","modified_gmt":"2018-04-17T00:00:00","slug":"el-pais-lleva-casi-un-mes-sin-cifra-oficial-de-deuda","status":"publish","type":"post","link":"https:\/\/www.ecuadortimes.net\/es\/el-pais-lleva-casi-un-mes-sin-cifra-oficial-de-deuda\/","title":{"rendered":"El pa\u00eds lleva casi un mes sin cifra oficial de deuda"},"content":{"rendered":"<p><img loading=\"lazy\" class=\"size-full wp-image-195236 aligncenter\" src=\"https:\/\/www.ecuadortimes.net\/es\/wp-content\/uploads\/2018\/04\/El-pai\u00cc\u0081s-lleva-casi-un-mes-sin-cifra-oficial-de-deuda_ecuadortimes_ecuadornews_7.jpg\" alt=\"\" width=\"762\" height=\"428\" \/><\/p>\n<p>&nbsp;<\/p>\n<p>En pausa. El<b>\u00a0Ministerio de Econom\u00eda y Finanzas (MEF)<\/b>\u00a0tiene 27 d\u00edas de retraso en la publicaci\u00f3n del reporte mensual de deuda p\u00fablica que lo presentaba a trav\u00e9s de su p\u00e1gina web.<\/p>\n<p>El 20 de cada mes la entidad publicaba la evoluci\u00f3n de la deuda interna, externa y la consolidada. Este \u00faltimo es el dato que las autoridades econ\u00f3micas toman en cuenta para medir su l\u00edmite de\u00a0<b>endeudamiento<\/b>: 40 % respecto al Producto Interno Bruto (PIB), como se establece en el C\u00f3digo de Planificaci\u00f3n y Finanzas P\u00fablicas, aprobado en 2010.<\/p>\n<p>La deuda consolidada no toma en cuenta los\u00a0<b>compromisos<\/b>\u00a0con otras entidades del Estado, como el Instituto Ecuatoriano de Seguridad Social\u00a0<b>(IESS)<\/b>\u00a0y su medici\u00f3n ha sido cuestionada por la Contralor\u00eda.<\/p>\n<p>El \u00faltimo dato de deuda p\u00fablica oficial disponible es el de enero de este a\u00f1o y asciende a $ 35.709 millones, que representa el 34,3 % del PIB.<\/p>\n<p>A esa cifra se le debe sumar unas cuentas por pagar de ejercicios anteriores que t\u00e9cnicamente son deuda\u009d. Es decir, actualmente estamos en un nivel de 37 % a 38 % de deuda consolidada respecto al PIB, dijo a EXPRESO el exministro de Econom\u00eda y Finanzas Carlos de la Torre, en semanas pasadas.<\/p>\n<p>El atraso de la publicaci\u00f3n ocurre luego de que la\u00a0<b>Contralor\u00eda<\/b>\u00a0efectuara el examen especial a la\u00a0<b>deuda p\u00fablica<\/b>, que incluye observaciones a la forma de calcular el monto.<\/p>\n<p>Pablo Celi, contralor general del Estado subrogante, expuso que al 31 de diciembre del 2016 la deuda consolidada alcanz\u00f3 el 68,4 % con relaci\u00f3n al PIB, superando el l\u00edmite legal de endeudamiento, que es del 40 %.<\/p>\n<p>El informe final de la auditor\u00eda presentado el 9 de abril se\u00f1al\u00f3 indicios de responsabilidad penal contra el expresidente Rafael Correa y otras autoridades por realizar\u00a0<b>operaciones financieras<\/b>\u00a0no sustentadas y cambios normativos entre enero de 2012 y mayo de 2017.<\/p>\n<p>Uno de los se\u00f1alamientos que se ha realizado tiene que ver con el Decreto 1218. Este, en octubre de 2016 estableci\u00f3 un nuevo m\u00e9todo de c\u00e1lculo y dispuso que solo se tomara en cuenta la deuda consolidada. Con ello, la relaci\u00f3n deuda respecto al PIB baj\u00f3 del 38 % al 27 % en ese mismo a\u00f1o.<\/p>\n<p>El informe de Contralor\u00eda tambi\u00e9n dispone que los saldos devengados y pendientes de las operaciones por ventas anticipadas de petr\u00f3leo deben ser parte del c\u00e1lculo de endeudamiento p\u00fablico y publicarse en el sitio web del MEF.<\/p>\n<p>&nbsp;<\/p>\n<p><img loading=\"lazy\" class=\"size-full wp-image-195255 aligncenter\" src=\"https:\/\/www.ecuadortimes.net\/es\/wp-content\/uploads\/2018\/04\/El-pai\u00cc\u0081s-lleva-casi-un-mes-sin-cifra-oficial-de-deuda_1_ecuadortimes_ecuadornews_7.png\" alt=\"\" width=\"1248\" height=\"1080\" \/><\/p>\n<p>&nbsp;<\/p>\n<p><b>EXPRESO<\/b>\u00a0pregunt\u00f3 a la Cartera de Estado por qu\u00e9 se ha retrasado la publicaci\u00f3n y hasta el cierre de esta edici\u00f3n no obtuvo una respuesta.<\/p>\n<p>Para Jos\u00e9 Hidalgo, director de la\u00a0<b>Corporaci\u00f3n de Estudios para el Desarrollo (Cordes)<\/b>, la demora en la presentaci\u00f3n de los datos de la deuda a febrero de 2018 puede obedecer a la auditor\u00eda de Contralor\u00eda. Tal vez est\u00e1n esperando una definici\u00f3n clara, alg\u00fan tipo de instrucci\u00f3n\u009d, dice Hidalgo.<\/p>\n<p>La falta de una cifra de deuda puede ser perjudicial para el pa\u00eds, asegura Hidalgo, a la hora de buscar financiamiento en los mercados externos. La<b>\u00a0poca transparencia<\/b>\u00a0siempre es desfavorable, a\u00f1ade.<\/p>\n<p>El director del Observatorio de la Pol\u00edtica Fiscal, Jaime Carrera, asegura que el retraso puede estar relacionado con las auditor\u00edas y las definiciones finales de cifras. No obstante, el analista asegura que no hay ninguna justificaci\u00f3n para que se deje de publicar los boletines de deuda con regularidad.<\/p>\n<p>En d\u00edas pasados, la ministra Viteri se\u00f1al\u00f3 que analiza los mecanismos para adquirir m\u00e1s deuda no sea un problema. Una de las alternativas es una etapa de transici\u00f3n. Es decir, durante un tiempo permitir que se sobrepase el l\u00edmite establecido de endeudamiento para recuperar el equilibrio de las finanzas p\u00fablicas.<\/p>\n<p><b>Para saber<\/b><\/p>\n<p><b>Preventas<\/b><\/p>\n<p>Contralor\u00eda recomienda a la ministra de Finanzas y al gerente de Petroecuador que, en caso de nuevas preventas, estas deben cumplir los requisitos establecidos para una operaci\u00f3n de deuda p\u00fablica y someterse a la aprobaci\u00f3n del Comit\u00e9 de Deuda y Financiamiento.<\/p>\n<p><b>M\u00e1s deuda<\/b><\/p>\n<p>Seg\u00fan Contralor\u00eda, el Gobierno tendr\u00e1 que pedir autorizaci\u00f3n a la Asamblea Nacional para emitir nueva deuda.<\/p>\n<p><b>M\u00e1s deuda<\/b><\/p>\n<p>Contralor\u00eda recomend\u00f3 a Petroecuador que cualquier operaci\u00f3n nueva de cr\u00e9dito se realice solo para su empresa. (I)<\/p>\n<p>&nbsp;<\/p>\n<p>&nbsp;<\/p>\n<p><strong>Fuente: <\/strong><a href=\"http:\/\/www.expreso.ec\/economia\/deuda-ecuador-ministeriodefinanzas-reactivacioneconomica-KE2134804\" target=\"_blank\" rel=\"noopener noreferrer\">http:\/\/www.expreso.ec\/economia\/deuda-ecuador-ministeriodefinanzas-reactivacioneconomica-KE2134804<\/a><\/p>\n","protected":false},"excerpt":{"rendered":"<p>&nbsp; En pausa. El\u00a0Ministerio de Econom\u00eda y Finanzas (MEF)\u00a0tiene 27 d\u00edas de retraso en la publicaci\u00f3n del reporte mensual de deuda p\u00fablica que lo presentaba a trav\u00e9s de su p\u00e1gina web. El 20 de cada mes la entidad publicaba la evoluci\u00f3n de la deuda interna, externa y la consolidada. Este \u00faltimo es el dato que las autoridades econ\u00f3micas toman en cuenta para medir su l\u00edmite de\u00a0endeudamiento: 40 % respecto al Producto Interno Bruto (PIB), como se establece en el C\u00f3digo de Planificaci\u00f3n y Finanzas P\u00fablicas, aprobado en 2010. La deuda consolidada no toma en cuenta los\u00a0compromisos\u00a0con otras entidades del Estado, como el Instituto Ecuatoriano de Seguridad Social\u00a0(IESS)\u00a0y su medici\u00f3n ha sido cuestionada por la Contralor\u00eda. El \u00faltimo dato de deuda p\u00fablica oficial disponible es el de enero de este a\u00f1o y asciende a $ 35.709 millones, que representa el 34,3 % del PIB. A esa cifra se le debe sumar unas cuentas por pagar de ejercicios anteriores que t\u00e9cnicamente son deuda\u009d. Es decir, actualmente estamos en un nivel de 37 % a 38 % de deuda consolidada respecto al PIB, dijo a EXPRESO el exministro de Econom\u00eda y Finanzas Carlos de la Torre, en semanas pasadas. El atraso de la publicaci\u00f3n ocurre luego de que la\u00a0Contralor\u00eda\u00a0efectuara el examen especial a la\u00a0deuda p\u00fablica, que incluye observaciones a la forma de calcular el monto. Pablo Celi, contralor general del Estado subrogante, expuso que al 31 de diciembre del 2016 la deuda consolidada alcanz\u00f3 el 68,4 % con relaci\u00f3n al PIB, superando el l\u00edmite legal de endeudamiento, que es del 40 %. El informe final de la auditor\u00eda presentado el 9 de abril se\u00f1al\u00f3 indicios de responsabilidad penal contra el expresidente Rafael Correa y otras autoridades por realizar\u00a0operaciones financieras\u00a0no sustentadas y cambios normativos entre enero de 2012 y mayo de 2017. Uno de los se\u00f1alamientos que se ha realizado tiene que ver con el Decreto 1218. Este, en octubre de 2016 estableci\u00f3 un nuevo m\u00e9todo de c\u00e1lculo y dispuso que solo se tomara en cuenta la deuda consolidada. Con ello, la relaci\u00f3n deuda respecto al PIB baj\u00f3 del 38 % al 27 % en ese mismo a\u00f1o. El informe de Contralor\u00eda tambi\u00e9n dispone que los saldos devengados y pendientes de las operaciones por ventas anticipadas de petr\u00f3leo deben ser parte del c\u00e1lculo de endeudamiento p\u00fablico y publicarse en el sitio web del MEF. &nbsp; &nbsp; EXPRESO\u00a0pregunt\u00f3 a la Cartera de Estado por qu\u00e9 se ha retrasado la publicaci\u00f3n y hasta el cierre de esta edici\u00f3n no obtuvo una respuesta. Para Jos\u00e9 Hidalgo, director de la\u00a0Corporaci\u00f3n de Estudios para el Desarrollo (Cordes), la demora en la presentaci\u00f3n de los datos de la deuda a febrero de 2018 puede obedecer a la auditor\u00eda de Contralor\u00eda. Tal vez est\u00e1n esperando una definici\u00f3n clara, alg\u00fan tipo de instrucci\u00f3n\u009d, dice Hidalgo. La falta de una cifra de deuda puede ser perjudicial para el pa\u00eds, asegura Hidalgo, a la hora de buscar financiamiento en los mercados externos. La\u00a0poca transparencia\u00a0siempre es desfavorable, a\u00f1ade. El director del Observatorio de la Pol\u00edtica Fiscal, Jaime Carrera, asegura que el retraso puede estar relacionado con las auditor\u00edas y las definiciones finales de cifras. No obstante, el analista asegura que no hay ninguna justificaci\u00f3n para que se deje de publicar los boletines de deuda con regularidad. En d\u00edas pasados, la ministra Viteri se\u00f1al\u00f3 que analiza los mecanismos para adquirir m\u00e1s deuda no sea un problema. Una de las alternativas es una etapa de transici\u00f3n. Es decir, durante un tiempo permitir que se sobrepase el l\u00edmite establecido de endeudamiento para recuperar el equilibrio de las finanzas p\u00fablicas. Para saber Preventas Contralor\u00eda recomienda a la ministra de Finanzas y al gerente de Petroecuador que, en caso de nuevas preventas, estas deben cumplir los requisitos establecidos para una operaci\u00f3n de deuda p\u00fablica y someterse a la aprobaci\u00f3n del Comit\u00e9 de Deuda y Financiamiento. M\u00e1s deuda Seg\u00fan Contralor\u00eda, el Gobierno tendr\u00e1 que pedir autorizaci\u00f3n a la Asamblea Nacional para emitir nueva deuda. M\u00e1s deuda Contralor\u00eda recomend\u00f3 a Petroecuador que cualquier operaci\u00f3n nueva de cr\u00e9dito se realice solo para su empresa. (I) &nbsp; &nbsp; Fuente: http:\/\/www.expreso.ec\/economia\/deuda-ecuador-ministeriodefinanzas-reactivacioneconomica-KE2134804<\/p>\n","protected":false},"author":1,"featured_media":248711,"comment_status":"open","ping_status":"open","sticky":false,"template":"","format":"standard","meta":[],"categories":[54,32,43,40,35],"tags":[],"_links":{"self":[{"href":"https:\/\/www.ecuadortimes.net\/es\/wp-json\/wp\/v2\/posts\/248710"}],"collection":[{"href":"https:\/\/www.ecuadortimes.net\/es\/wp-json\/wp\/v2\/posts"}],"about":[{"href":"https:\/\/www.ecuadortimes.net\/es\/wp-json\/wp\/v2\/types\/post"}],"author":[{"embeddable":true,"href":"https:\/\/www.ecuadortimes.net\/es\/wp-json\/wp\/v2\/users\/1"}],"replies":[{"embeddable":true,"href":"https:\/\/www.ecuadortimes.net\/es\/wp-json\/wp\/v2\/comments?post=248710"}],"version-history":[{"count":0,"href":"https:\/\/www.ecuadortimes.net\/es\/wp-json\/wp\/v2\/posts\/248710\/revisions"}],"wp:featuredmedia":[{"embeddable":true,"href":"https:\/\/www.ecuadortimes.net\/es\/wp-json\/wp\/v2\/media\/248711"}],"wp:attachment":[{"href":"https:\/\/www.ecuadortimes.net\/es\/wp-json\/wp\/v2\/media?parent=248710"}],"wp:term":[{"taxonomy":"category","embeddable":true,"href":"https:\/\/www.ecuadortimes.net\/es\/wp-json\/wp\/v2\/categories?post=248710"},{"taxonomy":"post_tag","embeddable":true,"href":"https:\/\/www.ecuadortimes.net\/es\/wp-json\/wp\/v2\/tags?post=248710"}],"curies":[{"name":"wp","href":"https:\/\/api.w.org\/{rel}","templated":true}]}}