{"id":248715,"date":"2018-04-17T00:00:00","date_gmt":"2018-04-17T00:00:00","guid":{"rendered":"https:\/\/www.ecuadortimes.net\/es\/organizaciones-agropecuarias-anuncian-marcha-el-18-de-abril-en-quito\/"},"modified":"2018-04-17T00:00:00","modified_gmt":"2018-04-17T00:00:00","slug":"organizaciones-agropecuarias-anuncian-marcha-el-18-de-abril-en-quito","status":"publish","type":"post","link":"https:\/\/www.ecuadortimes.net\/es\/organizaciones-agropecuarias-anuncian-marcha-el-18-de-abril-en-quito\/","title":{"rendered":"Organizaciones agropecuarias anuncian marcha el 18 de abril en Quito"},"content":{"rendered":"<p><img loading=\"lazy\" class=\"size-full wp-image-195239 aligncenter\" src=\"https:\/\/www.ecuadortimes.net\/es\/wp-content\/uploads\/2018\/04\/Organizaciones-agropecuarias-anuncian-marcha-el-18-de-abril-en-Quito_ecuadortimes_ecuadornews_10.jpg\" alt=\"\" width=\"1200\" height=\"566\" \/><\/p>\n<p>&nbsp;<\/p>\n<p><strong>Organizaciones sociales, montuvios, ind\u00edgenas y agropecuarias, como Fenocin y Conagro, conformaron la &#8220;Unidad Agropecuaria&#8221;, para dar a conocer lo que denominan &#8220;la falta de atenci\u00f3n en el sector agr\u00edcola&#8221;.<\/strong><\/p>\n<p>Mencionaron falencias en temas de comercializaci\u00f3n, cr\u00e9ditos oportunos, reestructuraci\u00f3n de suelos y otros. Guillermo Rosero, presidente de la\u00a0Confederaci\u00f3n Nacional de Organizaciones Agropecuarias (Conagro), indic\u00f3 un supuesto abandono del sector agr\u00edcola y la falta de una pol\u00edtica p\u00fablica agropecuaria.<\/p>\n<p>Por ello, anunciaron\u00a0que\u00a0el 18 de abril realizar\u00e1n una marcha en Quito. Prev\u00e9n reunirse con el presidente de Rep\u00fablica, Len\u00edn Moreno, para presentarle algunas propuestas a fin de\u00a0reactivar al sector.<\/p>\n<p>Entre las propuestas est\u00e1n: erradicaci\u00f3n de la pobreza rural construyendo pol\u00edticas p\u00fablicas orientadas al desarrollo agropecuario; construcci\u00f3n de la gobernabilidad desde la sociedad civil; apoyo al combate de la corrupci\u00f3n y\u00a0recuperaci\u00f3n de\u00a0&#8220;los valores saqueados&#8221;, entre otros. (I)<\/p>\n<p>&nbsp;<\/p>\n<p>&nbsp;<\/p>\n<p><strong>Fuente: <\/strong><a href=\"https:\/\/www.eltelegrafo.com.ec\/noticias\/economia\/4\/organizacionesagropecuarias-marcha-quito\" target=\"_blank\" rel=\"noopener noreferrer\">https:\/\/www.eltelegrafo.com.ec\/noticias\/economia\/4\/organizacionesagropecuarias-marcha-quito<\/a><\/p>\n","protected":false},"excerpt":{"rendered":"<p>&nbsp; Organizaciones sociales, montuvios, ind\u00edgenas y agropecuarias, como Fenocin y Conagro, conformaron la &#8220;Unidad Agropecuaria&#8221;, para dar a conocer lo que denominan &#8220;la falta de atenci\u00f3n en el sector agr\u00edcola&#8221;. Mencionaron falencias en temas de comercializaci\u00f3n, cr\u00e9ditos oportunos, reestructuraci\u00f3n de suelos y otros. Guillermo Rosero, presidente de la\u00a0Confederaci\u00f3n Nacional de Organizaciones Agropecuarias (Conagro), indic\u00f3 un supuesto abandono del sector agr\u00edcola y la falta de una pol\u00edtica p\u00fablica agropecuaria. Por ello, anunciaron\u00a0que\u00a0el 18 de abril realizar\u00e1n una marcha en Quito. Prev\u00e9n reunirse con el presidente de Rep\u00fablica, Len\u00edn Moreno, para presentarle algunas propuestas a fin de\u00a0reactivar al sector. Entre las propuestas est\u00e1n: erradicaci\u00f3n de la pobreza rural construyendo pol\u00edticas p\u00fablicas orientadas al desarrollo agropecuario; construcci\u00f3n de la gobernabilidad desde la sociedad civil; apoyo al combate de la corrupci\u00f3n y\u00a0recuperaci\u00f3n de\u00a0&#8220;los valores saqueados&#8221;, entre otros. (I) &nbsp; &nbsp; Fuente: https:\/\/www.eltelegrafo.com.ec\/noticias\/economia\/4\/organizacionesagropecuarias-marcha-quito<\/p>\n","protected":false},"author":1,"featured_media":248716,"comment_status":"open","ping_status":"open","sticky":false,"template":"","format":"standard","meta":[],"categories":[54,32,35],"tags":[],"_links":{"self":[{"href":"https:\/\/www.ecuadortimes.net\/es\/wp-json\/wp\/v2\/posts\/248715"}],"collection":[{"href":"https:\/\/www.ecuadortimes.net\/es\/wp-json\/wp\/v2\/posts"}],"about":[{"href":"https:\/\/www.ecuadortimes.net\/es\/wp-json\/wp\/v2\/types\/post"}],"author":[{"embeddable":true,"href":"https:\/\/www.ecuadortimes.net\/es\/wp-json\/wp\/v2\/users\/1"}],"replies":[{"embeddable":true,"href":"https:\/\/www.ecuadortimes.net\/es\/wp-json\/wp\/v2\/comments?post=248715"}],"version-history":[{"count":0,"href":"https:\/\/www.ecuadortimes.net\/es\/wp-json\/wp\/v2\/posts\/248715\/revisions"}],"wp:featuredmedia":[{"embeddable":true,"href":"https:\/\/www.ecuadortimes.net\/es\/wp-json\/wp\/v2\/media\/248716"}],"wp:attachment":[{"href":"https:\/\/www.ecuadortimes.net\/es\/wp-json\/wp\/v2\/media?parent=248715"}],"wp:term":[{"taxonomy":"category","embeddable":true,"href":"https:\/\/www.ecuadortimes.net\/es\/wp-json\/wp\/v2\/categories?post=248715"},{"taxonomy":"post_tag","embeddable":true,"href":"https:\/\/www.ecuadortimes.net\/es\/wp-json\/wp\/v2\/tags?post=248715"}],"curies":[{"name":"wp","href":"https:\/\/api.w.org\/{rel}","templated":true}]}}