{"id":248724,"date":"2018-04-18T00:00:00","date_gmt":"2018-04-18T00:00:00","guid":{"rendered":"https:\/\/www.ecuadortimes.net\/es\/gobierno-dice-que-no-cedera-a-los-pedidos-por-nuevo-secuestro\/"},"modified":"2018-04-18T00:00:00","modified_gmt":"2018-04-18T00:00:00","slug":"gobierno-dice-que-no-cedera-a-los-pedidos-por-nuevo-secuestro","status":"publish","type":"post","link":"https:\/\/www.ecuadortimes.net\/es\/gobierno-dice-que-no-cedera-a-los-pedidos-por-nuevo-secuestro\/","title":{"rendered":"Gobierno dice que no ceder\u00e1 a los pedidos por nuevo secuestro"},"content":{"rendered":"<p><img loading=\"lazy\" class=\"size-full wp-image-195285 aligncenter\" src=\"https:\/\/www.ecuadortimes.net\/es\/wp-content\/uploads\/2018\/04\/Gobierno-dice-que-no-cedera\u00cc\u0081-a-los-pedidos-por-nuevo-secuestro_ecuadortimes_ecuadornews_1.jpg\" alt=\"\" width=\"800\" height=\"426\" \/><\/p>\n<p>&nbsp;<\/p>\n<p><strong>Quito-Santo Domingo<\/strong><\/p>\n<p><strong>Ni bien amanec\u00eda y Ecuador recib\u00eda ayer la noticia de un nuevo secuestro en la frontera norte, el segundo luego del suscitado el 26 de marzo y el posterior asesinato de tres integrantes del equipo period\u00edstico de diario El Comercio.<\/strong><\/p>\n<p>El ministro del Interior, C\u00e9sar Navas, madrug\u00f3 a dar una rueda de prensa en el ECU-911 de Quito. Debemos informar al pa\u00eds que a trav\u00e9s del canal de informaci\u00f3n con alias\u00a0<em>Guacho\u00a0<\/em>(un n\u00famero de WhatsApp) nos ha llegado informaci\u00f3n en horas de la noche sobre un nuevo secuestro de dos ciudadanos. Por este canal de comunicaci\u00f3n lleg\u00f3 un video de prueba de vida de una pareja&#8230;\u009d, dec\u00eda Navas, quien recalcaba que era la primera vez que recib\u00eda directamente la notificaci\u00f3n.<\/p>\n<p>En este video los narcotraficantes solicitan, por intermedio de los secuestrados, que se cumplan sus exigencias. Se\u00f1or presidente, le pido de favor que nos ayude, que nos d\u00e9 la mano para que no pase lo que pas\u00f3&#8230;\u009d, dice un hombre en el video de 57 segundos que de inmediato se viraliz\u00f3. Eso justamente permiti\u00f3 que horas despu\u00e9s se determine que los secuestrados eran los ecuatorianos \u00c3\u0093scar Efr\u00e9n Villac\u00eds G\u00f3mez, de 24 a\u00f1os, y Katty Vanesa Velasco Pinargote, de 20.<\/p>\n<p>Navas fustig\u00f3 a alias\u00a0<em>Guacho,<\/em>\u00a0l\u00edder del Frente Oliver Sinisterra, una disidencia de las FARC dedicada al narcotr\u00e1fico y que opera en el Alto Mira colombiano, frontera con Ecuador. Reiter\u00f3 que no ceder\u00e1n ante las exigencias. No caeremos en su juego macabro\u009d, se\u00f1al\u00f3.<\/p>\n<p>El hecho oblig\u00f3 de inmediato a una cita del Consejo de Seguridad P\u00fablica y del Estado (Cosepe), que lo integran el presidente Len\u00edn Moreno y los titulares de la Asamblea Nacional, del Consejo de Participaci\u00f3n, de la Fiscal\u00eda, de Procuradur\u00eda, de la Judicatura, y los ministros del Interior, C\u00e9sar Navas, y de Defensa, Patricio Zambrano.<\/p>\n<p>Luego de la cita, Navas detall\u00f3 que se hizo una exposici\u00f3n del caso, as\u00ed como la cronolog\u00eda del tiempo, pues los plagiados habr\u00edan salido desde Santo Domingo con rumbo a San Lorenzo, Esmeraldas.<\/p>\n<p>Se\u00f1al\u00f3 que el \u00faltimo contacto telef\u00f3nico con los familiares se produjo el pasado mi\u00e9rcoles. Ese d\u00eda o el jueves se habr\u00eda dado el plagio, pues se recibi\u00f3 un mensaje de texto.<\/p>\n<p>Entre las resoluciones del Cosepe est\u00e1 brindar todo el apoyo tanto a Fuerzas Armadas como a la Polic\u00eda Nacional para completar su equipamiento tecnol\u00f3gico que permita mejorar sus operaciones en la zona de Esmeraldas.<\/p>\n<p>El funcionario sostuvo desconocer la ubicaci\u00f3n de los secuestrados, la hora exacta y las circunstancias en que se hizo el plagio. Adem\u00e1s, que se conformar\u00e1 un Comit\u00e9 de Crisis.<\/p>\n<p>Navas expres\u00f3 que la \u00faltima comunicaci\u00f3n con el grupo narcodelictivo fue la noche del pasado lunes. Indic\u00f3 desconocer el pedido exacto de los plagiadores, ya que 42 personas de ese grupo han sido detenidas en varios operativos.<\/p>\n<p>Antes de la cita del Cosepe, Zambrano indic\u00f3 que los cautivos no son militares y que no tiene informaci\u00f3n de que sean agentes encubiertos, como se\u00f1alaron medios colombianos.<\/p>\n<p>Sobre la recuperaci\u00f3n de los cuerpos del equipo period\u00edstico de diario\u00a0<em>El Comercio,\u00a0<\/em>Javier Ortega, Pa\u00fal Rivas y Efra\u00edn Segarra, asesinados en Colombia tras su secuestro, Navas dijo que se sigue trabajando y los gobiernos de Ecuador y Colombia han expresado u intenci\u00f3n de continuar cooperando con la Cruz Roja Internacional, pero no ha habido respuesta hasta ayer de quienes los asesinaron.(I)<\/p>\n<p>&nbsp;<\/p>\n<p>&nbsp;<\/p>\n<p><strong>Fuente: <\/strong><a href=\"https:\/\/www.eluniverso.com\/noticias\/2018\/04\/18\/nota\/6719718\/gobierno-dice-que-no-cedera-pedidos-nuevo-secuestro\" target=\"_blank\" rel=\"noopener noreferrer\">https:\/\/www.eluniverso.com\/noticias\/2018\/04\/18\/nota\/6719718\/gobierno-dice-que-no-cedera-pedidos-nuevo-secuestro<\/a><\/p>\n","protected":false},"excerpt":{"rendered":"<p>&nbsp; Quito-Santo Domingo Ni bien amanec\u00eda y Ecuador recib\u00eda ayer la noticia de un nuevo secuestro en la frontera norte, el segundo luego del suscitado el 26 de marzo y el posterior asesinato de tres integrantes del equipo period\u00edstico de diario El Comercio. El ministro del Interior, C\u00e9sar Navas, madrug\u00f3 a dar una rueda de prensa en el ECU-911 de Quito. Debemos informar al pa\u00eds que a trav\u00e9s del canal de informaci\u00f3n con alias\u00a0Guacho\u00a0(un n\u00famero de WhatsApp) nos ha llegado informaci\u00f3n en horas de la noche sobre un nuevo secuestro de dos ciudadanos. Por este canal de comunicaci\u00f3n lleg\u00f3 un video de prueba de vida de una pareja&#8230;\u009d, dec\u00eda Navas, quien recalcaba que era la primera vez que recib\u00eda directamente la notificaci\u00f3n. En este video los narcotraficantes solicitan, por intermedio de los secuestrados, que se cumplan sus exigencias. Se\u00f1or presidente, le pido de favor que nos ayude, que nos d\u00e9 la mano para que no pase lo que pas\u00f3&#8230;\u009d, dice un hombre en el video de 57 segundos que de inmediato se viraliz\u00f3. Eso justamente permiti\u00f3 que horas despu\u00e9s se determine que los secuestrados eran los ecuatorianos \u00c3\u0093scar Efr\u00e9n Villac\u00eds G\u00f3mez, de 24 a\u00f1os, y Katty Vanesa Velasco Pinargote, de 20. Navas fustig\u00f3 a alias\u00a0Guacho,\u00a0l\u00edder del Frente Oliver Sinisterra, una disidencia de las FARC dedicada al narcotr\u00e1fico y que opera en el Alto Mira colombiano, frontera con Ecuador. Reiter\u00f3 que no ceder\u00e1n ante las exigencias. No caeremos en su juego macabro\u009d, se\u00f1al\u00f3. El hecho oblig\u00f3 de inmediato a una cita del Consejo de Seguridad P\u00fablica y del Estado (Cosepe), que lo integran el presidente Len\u00edn Moreno y los titulares de la Asamblea Nacional, del Consejo de Participaci\u00f3n, de la Fiscal\u00eda, de Procuradur\u00eda, de la Judicatura, y los ministros del Interior, C\u00e9sar Navas, y de Defensa, Patricio Zambrano. Luego de la cita, Navas detall\u00f3 que se hizo una exposici\u00f3n del caso, as\u00ed como la cronolog\u00eda del tiempo, pues los plagiados habr\u00edan salido desde Santo Domingo con rumbo a San Lorenzo, Esmeraldas. Se\u00f1al\u00f3 que el \u00faltimo contacto telef\u00f3nico con los familiares se produjo el pasado mi\u00e9rcoles. Ese d\u00eda o el jueves se habr\u00eda dado el plagio, pues se recibi\u00f3 un mensaje de texto. Entre las resoluciones del Cosepe est\u00e1 brindar todo el apoyo tanto a Fuerzas Armadas como a la Polic\u00eda Nacional para completar su equipamiento tecnol\u00f3gico que permita mejorar sus operaciones en la zona de Esmeraldas. El funcionario sostuvo desconocer la ubicaci\u00f3n de los secuestrados, la hora exacta y las circunstancias en que se hizo el plagio. Adem\u00e1s, que se conformar\u00e1 un Comit\u00e9 de Crisis. Navas expres\u00f3 que la \u00faltima comunicaci\u00f3n con el grupo narcodelictivo fue la noche del pasado lunes. Indic\u00f3 desconocer el pedido exacto de los plagiadores, ya que 42 personas de ese grupo han sido detenidas en varios operativos. Antes de la cita del Cosepe, Zambrano indic\u00f3 que los cautivos no son militares y que no tiene informaci\u00f3n de que sean agentes encubiertos, como se\u00f1alaron medios colombianos. Sobre la recuperaci\u00f3n de los cuerpos del equipo period\u00edstico de diario\u00a0El Comercio,\u00a0Javier Ortega, Pa\u00fal Rivas y Efra\u00edn Segarra, asesinados en Colombia tras su secuestro, Navas dijo que se sigue trabajando y los gobiernos de Ecuador y Colombia han expresado u intenci\u00f3n de continuar cooperando con la Cruz Roja Internacional, pero no ha habido respuesta hasta ayer de quienes los asesinaron.(I) &nbsp; &nbsp; Fuente: https:\/\/www.eluniverso.com\/noticias\/2018\/04\/18\/nota\/6719718\/gobierno-dice-que-no-cedera-pedidos-nuevo-secuestro<\/p>\n","protected":false},"author":1,"featured_media":248725,"comment_status":"open","ping_status":"open","sticky":false,"template":"","format":"standard","meta":[],"categories":[54,32,51,40,35,46],"tags":[],"_links":{"self":[{"href":"https:\/\/www.ecuadortimes.net\/es\/wp-json\/wp\/v2\/posts\/248724"}],"collection":[{"href":"https:\/\/www.ecuadortimes.net\/es\/wp-json\/wp\/v2\/posts"}],"about":[{"href":"https:\/\/www.ecuadortimes.net\/es\/wp-json\/wp\/v2\/types\/post"}],"author":[{"embeddable":true,"href":"https:\/\/www.ecuadortimes.net\/es\/wp-json\/wp\/v2\/users\/1"}],"replies":[{"embeddable":true,"href":"https:\/\/www.ecuadortimes.net\/es\/wp-json\/wp\/v2\/comments?post=248724"}],"version-history":[{"count":0,"href":"https:\/\/www.ecuadortimes.net\/es\/wp-json\/wp\/v2\/posts\/248724\/revisions"}],"wp:featuredmedia":[{"embeddable":true,"href":"https:\/\/www.ecuadortimes.net\/es\/wp-json\/wp\/v2\/media\/248725"}],"wp:attachment":[{"href":"https:\/\/www.ecuadortimes.net\/es\/wp-json\/wp\/v2\/media?parent=248724"}],"wp:term":[{"taxonomy":"category","embeddable":true,"href":"https:\/\/www.ecuadortimes.net\/es\/wp-json\/wp\/v2\/categories?post=248724"},{"taxonomy":"post_tag","embeddable":true,"href":"https:\/\/www.ecuadortimes.net\/es\/wp-json\/wp\/v2\/tags?post=248724"}],"curies":[{"name":"wp","href":"https:\/\/api.w.org\/{rel}","templated":true}]}}