{"id":248774,"date":"2018-04-20T00:00:00","date_gmt":"2018-04-20T00:00:00","guid":{"rendered":"https:\/\/www.ecuadortimes.net\/es\/marchas-por-la-paz-hubo-en-varias-ciudades-del-ecuador\/"},"modified":"2018-04-20T00:00:00","modified_gmt":"2018-04-20T00:00:00","slug":"marchas-por-la-paz-hubo-en-varias-ciudades-del-ecuador","status":"publish","type":"post","link":"https:\/\/www.ecuadortimes.net\/es\/marchas-por-la-paz-hubo-en-varias-ciudades-del-ecuador\/","title":{"rendered":"Marchas por la paz hubo en varias ciudades del Ecuador"},"content":{"rendered":"<p><img loading=\"lazy\" class=\"size-full wp-image-195370 aligncenter\" src=\"https:\/\/www.ecuadortimes.net\/es\/wp-content\/uploads\/2018\/04\/Marchas-por-la-paz-hubo-en-varias-ciudades-del-Ecuador_ecuadortimes_ecuadornews_1.jpeg\" alt=\"\" width=\"612\" height=\"340\" \/><\/p>\n<p>&nbsp;<\/p>\n<p><strong>En Quito, Guayaquil, Cuenca, Ambato, Ibarra, Santo Domingo y otros rincones del pa\u00eds, cientos de ciudadanos salieron a las calles y plazas para pronunciarse por el cese de los acontecimientos violentos que han ocurrido en los \u00faltimos meses en la frontera norte.<\/strong><\/p>\n<p>En la capital, familiares, amigos y compa\u00f1eros de trabajo de Pa\u00fal Rivas, Javier Ortega y Efra\u00edn Segarra encabezaron el llamado por un pa\u00eds de paz. A esta convocatoria se sumaron tambi\u00e9n estudiantes universitarios, principalmente de las carreras de Comunicaci\u00f3n Social, Periodismo y Estudios Sociales.<\/p>\n<p>Al recorrido acudieron integrantes de la Universidad Andina, Central, Universidad de las Am\u00e9ricas, Salesiana, Universidad de los Hemisferios, la Facultad Latinoamericana de Ciencias Sociales (Flacso), Universidad San Francisco de Quito, Tecnol\u00f3gica Equinoccial, entre otras instituciones educativas.<\/p>\n<p>La marcha se inici\u00f3 en el Arco de la Circasiana, centro norte de Quito, a las 17:30. Tras un recorrido hacia el Centro Hist\u00f3rico, llegaron a las 19:30 a la plaza de San Francisco. A esa hora, la Plaza Grande estaba ocupada por participantes de otra marcha organizada por el Gobierno Nacional.<\/p>\n<p>A la misma hora partieron las marchas y se iniciaron los plantones en otras ciudades. Agrupaciones sociales, colectivos de ayuda y ciudadan\u00eda en general se unieron a esta movilizaci\u00f3n. Nadie se cansa, Que vuelvan ya, Por un pa\u00eds de paz, Rescaten a todos y otros mensajes se observaron en carteles, p\u00e1ginas de peri\u00f3dicos y pancartas alusivas al retorno del ambiente de paz en el Ecuador.<\/p>\n<p>A trav\u00e9s de diferentes consignas tambi\u00e9n se pidieron las acciones necesarias para el retorno de los cuerpos de los tres periodistas de EL COMERCIO, as\u00ed como la liberaci\u00f3n de las dos \u00faltimas personas secuestradas. Con velas, globos y prendas de vestir de color blanco tambi\u00e9n se record\u00f3 a los cuatro militares que perdieron la vida mientras cumpl\u00edan con labores de vigilancia y patrullaje en San Lorenzo. Comunicadores, fot\u00f3grafos y periodistas portaron las fotos de Efra\u00edn Segarra, Pa\u00fal Rivas y Javier Segarra.<small><strong> (I)<b><\/b><\/strong><\/small><\/p>\n<p>&nbsp;<\/p>\n<p>&nbsp;<\/p>\n<p><strong>Fuente: <\/strong><a href=\"http:\/\/www.elcomercio.com\/actualidad\/marchas-paz-quito-guayaquil-frontera.html\" target=\"_blank\" rel=\"noopener noreferrer\">http:\/\/www.elcomercio.com\/actualidad\/marchas-paz-quito-guayaquil-frontera.html<\/a><\/p>\n","protected":false},"excerpt":{"rendered":"<p>&nbsp; En Quito, Guayaquil, Cuenca, Ambato, Ibarra, Santo Domingo y otros rincones del pa\u00eds, cientos de ciudadanos salieron a las calles y plazas para pronunciarse por el cese de los acontecimientos violentos que han ocurrido en los \u00faltimos meses en la frontera norte. En la capital, familiares, amigos y compa\u00f1eros de trabajo de Pa\u00fal Rivas, Javier Ortega y Efra\u00edn Segarra encabezaron el llamado por un pa\u00eds de paz. A esta convocatoria se sumaron tambi\u00e9n estudiantes universitarios, principalmente de las carreras de Comunicaci\u00f3n Social, Periodismo y Estudios Sociales. Al recorrido acudieron integrantes de la Universidad Andina, Central, Universidad de las Am\u00e9ricas, Salesiana, Universidad de los Hemisferios, la Facultad Latinoamericana de Ciencias Sociales (Flacso), Universidad San Francisco de Quito, Tecnol\u00f3gica Equinoccial, entre otras instituciones educativas. La marcha se inici\u00f3 en el Arco de la Circasiana, centro norte de Quito, a las 17:30. Tras un recorrido hacia el Centro Hist\u00f3rico, llegaron a las 19:30 a la plaza de San Francisco. A esa hora, la Plaza Grande estaba ocupada por participantes de otra marcha organizada por el Gobierno Nacional. A la misma hora partieron las marchas y se iniciaron los plantones en otras ciudades. Agrupaciones sociales, colectivos de ayuda y ciudadan\u00eda en general se unieron a esta movilizaci\u00f3n. Nadie se cansa, Que vuelvan ya, Por un pa\u00eds de paz, Rescaten a todos y otros mensajes se observaron en carteles, p\u00e1ginas de peri\u00f3dicos y pancartas alusivas al retorno del ambiente de paz en el Ecuador. A trav\u00e9s de diferentes consignas tambi\u00e9n se pidieron las acciones necesarias para el retorno de los cuerpos de los tres periodistas de EL COMERCIO, as\u00ed como la liberaci\u00f3n de las dos \u00faltimas personas secuestradas. Con velas, globos y prendas de vestir de color blanco tambi\u00e9n se record\u00f3 a los cuatro militares que perdieron la vida mientras cumpl\u00edan con labores de vigilancia y patrullaje en San Lorenzo. Comunicadores, fot\u00f3grafos y periodistas portaron las fotos de Efra\u00edn Segarra, Pa\u00fal Rivas y Javier Segarra. (I) &nbsp; &nbsp; Fuente: http:\/\/www.elcomercio.com\/actualidad\/marchas-paz-quito-guayaquil-frontera.html<\/p>\n","protected":false},"author":1,"featured_media":248775,"comment_status":"open","ping_status":"open","sticky":false,"template":"","format":"standard","meta":[],"categories":[54,32,35],"tags":[],"_links":{"self":[{"href":"https:\/\/www.ecuadortimes.net\/es\/wp-json\/wp\/v2\/posts\/248774"}],"collection":[{"href":"https:\/\/www.ecuadortimes.net\/es\/wp-json\/wp\/v2\/posts"}],"about":[{"href":"https:\/\/www.ecuadortimes.net\/es\/wp-json\/wp\/v2\/types\/post"}],"author":[{"embeddable":true,"href":"https:\/\/www.ecuadortimes.net\/es\/wp-json\/wp\/v2\/users\/1"}],"replies":[{"embeddable":true,"href":"https:\/\/www.ecuadortimes.net\/es\/wp-json\/wp\/v2\/comments?post=248774"}],"version-history":[{"count":0,"href":"https:\/\/www.ecuadortimes.net\/es\/wp-json\/wp\/v2\/posts\/248774\/revisions"}],"wp:featuredmedia":[{"embeddable":true,"href":"https:\/\/www.ecuadortimes.net\/es\/wp-json\/wp\/v2\/media\/248775"}],"wp:attachment":[{"href":"https:\/\/www.ecuadortimes.net\/es\/wp-json\/wp\/v2\/media?parent=248774"}],"wp:term":[{"taxonomy":"category","embeddable":true,"href":"https:\/\/www.ecuadortimes.net\/es\/wp-json\/wp\/v2\/categories?post=248774"},{"taxonomy":"post_tag","embeddable":true,"href":"https:\/\/www.ecuadortimes.net\/es\/wp-json\/wp\/v2\/tags?post=248774"}],"curies":[{"name":"wp","href":"https:\/\/api.w.org\/{rel}","templated":true}]}}