{"id":248780,"date":"2018-04-20T00:00:00","date_gmt":"2018-04-20T00:00:00","guid":{"rendered":"https:\/\/www.ecuadortimes.net\/es\/la-crisis-en-la-frontera-tiene-en-espera-al-plan-economico\/"},"modified":"2018-04-20T00:00:00","modified_gmt":"2018-04-20T00:00:00","slug":"la-crisis-en-la-frontera-tiene-en-espera-al-plan-economico","status":"publish","type":"post","link":"https:\/\/www.ecuadortimes.net\/es\/la-crisis-en-la-frontera-tiene-en-espera-al-plan-economico\/","title":{"rendered":"La crisis en la frontera tiene en espera al plan econ\u00f3mico"},"content":{"rendered":"<p><img loading=\"lazy\" class=\"size-full wp-image-195369 aligncenter\" src=\"https:\/\/www.ecuadortimes.net\/es\/wp-content\/uploads\/2018\/04\/La-crisis-en-la-frontera-tiene-en-espera-al-plan-econo\u00cc\u0081mico_ecuadortimes_ecuadornews_6.jpg\" alt=\"\" width=\"762\" height=\"428\" \/><\/p>\n<p>&nbsp;<\/p>\n<p>Una semana despu\u00e9s de que el equipo period\u00edstico del\u00a0<b>diario El Comercio<\/b>\u00a0fuera secuestrado en la frontera norte, el presidente de la Rep\u00fablica\u00a0<b>Len\u00edn<\/b>\u00a0<b>Moreno<\/b>present\u00f3 su plan econ\u00f3mico.<\/p>\n<p>Desde ese entonces, la prioridad para el Gobierno ha sido resolver la cr\u00edtica situaci\u00f3n.<\/p>\n<p>El 3 de abril, la ministra de\u00a0<b>Finanzas<\/b>,\u00a0<b>Mar\u00eda Elsa Viteri<\/b>, anunci\u00f3 que se enviar\u00e1 un<b>proyecto de ley econ\u00f3mico urgente<\/b>\u00a0en m\u00e1ximo 15 d\u00edas.<\/p>\n<p>En la\u00a0<b>Asamblea<\/b>\u00a0<b>Nacional<\/b>\u00a0est\u00e1n a la espera que el\u00a0<b>Ejecutivo<\/b>\u00a0env\u00ede el proyecto de ley pero todav\u00eda el documento no llega.<\/p>\n<p>La ministra de Industrias, Eva Garc\u00eda, en entrevista con\u00a0<b>EXPRESO<\/b>, se\u00f1al\u00f3 que el articulado tambi\u00e9n incluir\u00e1 la ley de inversiones y que todav\u00eda se sigue puliendo. Va a haber una ley que recopile todos los pedidos. Y algo que no se menciona mucho tambi\u00e9n, va a haber una ley de inversiones que, probablemente, entre en el mismo cuerpo\u009d, dijo Garc\u00eda.<\/p>\n<p>El presidente de la\u00a0<b>Comisi\u00f3n de R\u00e9gimen Econ\u00f3mico<\/b>, Pabel Mu\u00f1oz, que tendr\u00eda que tratar el proyecto de ley, se\u00f1al\u00f3 que estaba previsto que el documento llegar\u00eda entre el mi\u00e9rcoles y ayer, pero todav\u00eda no ten\u00edan noticias al respecto.<\/p>\n<p>La pol\u00edtica sigue reemplazando la econom\u00eda y eso va a terminar siendo un grave error (&#8230;) cuando salgamos de los elementos coyunturales impuestos por la pol\u00edtica en estos 11 meses nos vamos a dar cuenta que la econom\u00eda necesita y necesitaba una atenci\u00f3n prioritaria\u009d, asegur\u00f3 Mu\u00f1oz.<\/p>\n<p>El legislador asegura que si bien es entendible que para la prioridad atender la situaci\u00f3n en la frontera, a la par asamble\u00edstas tambi\u00e9n pueden trabajar en el proyecto de ley.<\/p>\n<p>Otro de los temas sin resolver tiene que ver con el l\u00edmite de la deuda p\u00fablica que, seg\u00fan Contralor\u00eda, ya sobrepas\u00f3 el techo legal en 2016 y que en los c\u00e1lculos oficiales ya se acerca al 40 % del\u00a0<b>Producto Interno Bruto (PIB)<\/b>. La ministra Viteri se\u00f1al\u00f3 que una de las opciones que se barajan es un per\u00edodo de transici\u00f3n para poder subir el techo de la deuda para poder endeudarse.<\/p>\n<p>Por ahora, Viteri est\u00e1 en\u00a0<b>Washington (Estados Unidos)<\/b>\u00a0para los Encuentros de Primavera del<b>\u00a0Fondo Monetario Internacional (FMI)\u00a0<\/b>y el\u00a0<b>Grupo Banco Mundial (GBM)<\/b>. Seg\u00fan el Ministerio de Finanzas, se tiene previsto que se re\u00fana con altos funcionarios de multilaterales y tambi\u00e9n con inversionistas.<\/p>\n<p>Mientras tanto, la Fiscal\u00eda anunci\u00f3 que el pasado 10 de abril abri\u00f3 una investigaci\u00f3n penal por la\u00a0<b>deuda<\/b>\u00a0<b>p\u00fablica<\/b>\u00a0en contra de varios\u00a0<b>servidores<\/b>\u00a0<b>p\u00fablicos<\/b>, entre los que estar\u00eda inmerso el expresidente\u00a0<b>Rafael<\/b>\u00a0<b>Correa<\/b>.<\/p>\n<p><b>Tambi\u00e9n es importante\u009d<\/b><\/p>\n<p>Para Larry Yumibanda, presidente del\u00a0<b>Colegio de Economistas del Guayas<\/b>, el Gobierno tampoco debe descuidar lo\u00a0<b>econ\u00f3mico<\/b>\u00a0que para el pa\u00eds es importante.<\/p>\n<p>Para el economista, las medidas anunciadas por el Gobierno deben ser implementadas con celeridad, porque de eso depende e<b>l crecimiento econ\u00f3mico proyectado<\/b>\u00a0para este a\u00f1o y 2019.<\/p>\n<p>Otro de los obst\u00e1culos para sortear, dice Yumibanda, tiene que ver con el techo de la deuda. El Gobierno deber\u00e1 incluir en el\u00a0<b>plan<\/b>\u00a0<b>econ\u00f3mico<\/b>\u00a0una parte que incluya la posibilidad para elevar el techo de la deuda para que se pueda conseguir m\u00e1s\u00a0<b>liquidez<\/b>.<\/p>\n<p>Las autoridades deben buscar m\u00e1s deuda, siempre y cuando sean de m\u00e1s largo plazo y con menores tasas de inter\u00e9s para darle inversi\u00f3n a los\u00a0<b>proyectos<\/b><b>estancados<\/b>, sostiene el titular del Colegio de Economistas.<\/p>\n<p><b>El plan<\/b><\/p>\n<p><b>D\u00e9ficit fiscal<\/b><\/p>\n<p>El primer eje es la estabilidad y el equilibrio fiscal, donde plantea reducir el d\u00e9ficit y el endeudamiento p\u00fablico, con una mayor eficiencia en la recaudaci\u00f3n.<\/p>\n<p><b>Ajuste<\/b><\/p>\n<p>El segundo eje es la reestructuraci\u00f3n y optimizaci\u00f3n del Estado. Se estima generar un ahorro de al menos $ 1.000 millones.<\/p>\n<p><b>Balanza<\/b><\/p>\n<p>El tercer eje es el equilibrio del sector externo y sostenibilidad de la dolarizaci\u00f3n, mejorando la balanza de pagos, exportando m\u00e1s y controlando importaciones. (I)<\/p>\n<p>&nbsp;<\/p>\n<p>&nbsp;<\/p>\n<p><strong>Fuente: <\/strong><a href=\"http:\/\/www.expreso.ec\/economia\/comisiones-economia-planeconomico-leyes-gobiernoecuador-LD2140094\" target=\"_blank\" rel=\"noopener noreferrer\">http:\/\/www.expreso.ec\/economia\/comisiones-economia-planeconomico-leyes-gobiernoecuador-LD2140094<\/a><\/p>\n","protected":false},"excerpt":{"rendered":"<p>&nbsp; Una semana despu\u00e9s de que el equipo period\u00edstico del\u00a0diario El Comercio\u00a0fuera secuestrado en la frontera norte, el presidente de la Rep\u00fablica\u00a0Len\u00edn\u00a0Morenopresent\u00f3 su plan econ\u00f3mico. Desde ese entonces, la prioridad para el Gobierno ha sido resolver la cr\u00edtica situaci\u00f3n. El 3 de abril, la ministra de\u00a0Finanzas,\u00a0Mar\u00eda Elsa Viteri, anunci\u00f3 que se enviar\u00e1 unproyecto de ley econ\u00f3mico urgente\u00a0en m\u00e1ximo 15 d\u00edas. En la\u00a0Asamblea\u00a0Nacional\u00a0est\u00e1n a la espera que el\u00a0Ejecutivo\u00a0env\u00ede el proyecto de ley pero todav\u00eda el documento no llega. La ministra de Industrias, Eva Garc\u00eda, en entrevista con\u00a0EXPRESO, se\u00f1al\u00f3 que el articulado tambi\u00e9n incluir\u00e1 la ley de inversiones y que todav\u00eda se sigue puliendo. Va a haber una ley que recopile todos los pedidos. Y algo que no se menciona mucho tambi\u00e9n, va a haber una ley de inversiones que, probablemente, entre en el mismo cuerpo\u009d, dijo Garc\u00eda. El presidente de la\u00a0Comisi\u00f3n de R\u00e9gimen Econ\u00f3mico, Pabel Mu\u00f1oz, que tendr\u00eda que tratar el proyecto de ley, se\u00f1al\u00f3 que estaba previsto que el documento llegar\u00eda entre el mi\u00e9rcoles y ayer, pero todav\u00eda no ten\u00edan noticias al respecto. La pol\u00edtica sigue reemplazando la econom\u00eda y eso va a terminar siendo un grave error (&#8230;) cuando salgamos de los elementos coyunturales impuestos por la pol\u00edtica en estos 11 meses nos vamos a dar cuenta que la econom\u00eda necesita y necesitaba una atenci\u00f3n prioritaria\u009d, asegur\u00f3 Mu\u00f1oz. El legislador asegura que si bien es entendible que para la prioridad atender la situaci\u00f3n en la frontera, a la par asamble\u00edstas tambi\u00e9n pueden trabajar en el proyecto de ley. Otro de los temas sin resolver tiene que ver con el l\u00edmite de la deuda p\u00fablica que, seg\u00fan Contralor\u00eda, ya sobrepas\u00f3 el techo legal en 2016 y que en los c\u00e1lculos oficiales ya se acerca al 40 % del\u00a0Producto Interno Bruto (PIB). La ministra Viteri se\u00f1al\u00f3 que una de las opciones que se barajan es un per\u00edodo de transici\u00f3n para poder subir el techo de la deuda para poder endeudarse. Por ahora, Viteri est\u00e1 en\u00a0Washington (Estados Unidos)\u00a0para los Encuentros de Primavera del\u00a0Fondo Monetario Internacional (FMI)\u00a0y el\u00a0Grupo Banco Mundial (GBM). Seg\u00fan el Ministerio de Finanzas, se tiene previsto que se re\u00fana con altos funcionarios de multilaterales y tambi\u00e9n con inversionistas. Mientras tanto, la Fiscal\u00eda anunci\u00f3 que el pasado 10 de abril abri\u00f3 una investigaci\u00f3n penal por la\u00a0deuda\u00a0p\u00fablica\u00a0en contra de varios\u00a0servidores\u00a0p\u00fablicos, entre los que estar\u00eda inmerso el expresidente\u00a0Rafael\u00a0Correa. Tambi\u00e9n es importante\u009d Para Larry Yumibanda, presidente del\u00a0Colegio de Economistas del Guayas, el Gobierno tampoco debe descuidar lo\u00a0econ\u00f3mico\u00a0que para el pa\u00eds es importante. Para el economista, las medidas anunciadas por el Gobierno deben ser implementadas con celeridad, porque de eso depende el crecimiento econ\u00f3mico proyectado\u00a0para este a\u00f1o y 2019. Otro de los obst\u00e1culos para sortear, dice Yumibanda, tiene que ver con el techo de la deuda. El Gobierno deber\u00e1 incluir en el\u00a0plan\u00a0econ\u00f3mico\u00a0una parte que incluya la posibilidad para elevar el techo de la deuda para que se pueda conseguir m\u00e1s\u00a0liquidez. Las autoridades deben buscar m\u00e1s deuda, siempre y cuando sean de m\u00e1s largo plazo y con menores tasas de inter\u00e9s para darle inversi\u00f3n a los\u00a0proyectosestancados, sostiene el titular del Colegio de Economistas. El plan D\u00e9ficit fiscal El primer eje es la estabilidad y el equilibrio fiscal, donde plantea reducir el d\u00e9ficit y el endeudamiento p\u00fablico, con una mayor eficiencia en la recaudaci\u00f3n. Ajuste El segundo eje es la reestructuraci\u00f3n y optimizaci\u00f3n del Estado. Se estima generar un ahorro de al menos $ 1.000 millones. Balanza El tercer eje es el equilibrio del sector externo y sostenibilidad de la dolarizaci\u00f3n, mejorando la balanza de pagos, exportando m\u00e1s y controlando importaciones. (I) &nbsp; &nbsp; Fuente: http:\/\/www.expreso.ec\/economia\/comisiones-economia-planeconomico-leyes-gobiernoecuador-LD2140094<\/p>\n","protected":false},"author":1,"featured_media":248781,"comment_status":"open","ping_status":"open","sticky":false,"template":"","format":"standard","meta":[],"categories":[54,32,43,40,35],"tags":[],"_links":{"self":[{"href":"https:\/\/www.ecuadortimes.net\/es\/wp-json\/wp\/v2\/posts\/248780"}],"collection":[{"href":"https:\/\/www.ecuadortimes.net\/es\/wp-json\/wp\/v2\/posts"}],"about":[{"href":"https:\/\/www.ecuadortimes.net\/es\/wp-json\/wp\/v2\/types\/post"}],"author":[{"embeddable":true,"href":"https:\/\/www.ecuadortimes.net\/es\/wp-json\/wp\/v2\/users\/1"}],"replies":[{"embeddable":true,"href":"https:\/\/www.ecuadortimes.net\/es\/wp-json\/wp\/v2\/comments?post=248780"}],"version-history":[{"count":0,"href":"https:\/\/www.ecuadortimes.net\/es\/wp-json\/wp\/v2\/posts\/248780\/revisions"}],"wp:featuredmedia":[{"embeddable":true,"href":"https:\/\/www.ecuadortimes.net\/es\/wp-json\/wp\/v2\/media\/248781"}],"wp:attachment":[{"href":"https:\/\/www.ecuadortimes.net\/es\/wp-json\/wp\/v2\/media?parent=248780"}],"wp:term":[{"taxonomy":"category","embeddable":true,"href":"https:\/\/www.ecuadortimes.net\/es\/wp-json\/wp\/v2\/categories?post=248780"},{"taxonomy":"post_tag","embeddable":true,"href":"https:\/\/www.ecuadortimes.net\/es\/wp-json\/wp\/v2\/tags?post=248780"}],"curies":[{"name":"wp","href":"https:\/\/api.w.org\/{rel}","templated":true}]}}