{"id":248787,"date":"2018-04-20T00:00:00","date_gmt":"2018-04-20T00:00:00","guid":{"rendered":"https:\/\/www.ecuadortimes.net\/es\/se-investiga-si-un-excustodio-del-presidente-moreno-tenia-vinculo-con-trafico-interno\/"},"modified":"2018-04-20T00:00:00","modified_gmt":"2018-04-20T00:00:00","slug":"se-investiga-si-un-excustodio-del-presidente-moreno-tenia-vinculo-con-trafico-interno","status":"publish","type":"post","link":"https:\/\/www.ecuadortimes.net\/es\/se-investiga-si-un-excustodio-del-presidente-moreno-tenia-vinculo-con-trafico-interno\/","title":{"rendered":"Se investiga si un excustodio del presidente Moreno ten\u00eda v\u00ednculo con tr\u00e1fico interno"},"content":{"rendered":"<p><img loading=\"lazy\" class=\"size-full wp-image-195376 aligncenter\" src=\"https:\/\/www.ecuadortimes.net\/es\/wp-content\/uploads\/2018\/04\/Se-investiga-si-un-excustodio-del-presidente-Moreno-teni\u00cc\u0081a-vi\u00cc\u0081nculo-con-tra\u00cc\u0081fico-interno_ecuadortimes_ecuadornews_8.jpeg\" alt=\"\" width=\"612\" height=\"340\" \/><\/p>\n<p>&nbsp;<\/p>\n<p>L<strong>a organizaci\u00f3n delictiva ten\u00eda una estructura s\u00f3lida\u009d. 21 personas se encargaban de intermediar, comprar, transportar y comercializar droga en sectores de Guayas como las Malvinas, Esteros, Guasmo y otros.<\/strong><\/p>\n<p>El alcaloide proven\u00eda desde Esmeraldas y se usaban camiones para su traslado. Las investigaciones dicen que los cargamentos eran custodiados durante toda la ruta. De esta tarea se encargaba un sargento segundo de la Armada.<\/p>\n<p>El uniformado fue detenido el s\u00e1bado, 14 de abril del 2018, luego de que retornara de Per\u00fa, pa\u00eds en donde estuvo de comisi\u00f3n con el presidente, Len\u00edn Moreno, pues era parte de su escolta de seguridad. As\u00ed se detalla en un parte policial que fue emitido el mismo d\u00eda de la detenci\u00f3n.<\/p>\n<p>En ese documento tambi\u00e9n se indica que la organizaci\u00f3n a la que pertenec\u00eda el marino se dedicaba al tr\u00e1fico interno de drogas a \u0098gran escala\u0099. El general Pedro Mosquera, jefe del Servicio de Protecci\u00f3n Presidencial, confirm\u00f3 que el uniformado era parte de la seguridad del presidente Moreno y que fue detenido por el presunto delito de tr\u00e1fico de estupefacientes.<\/p>\n<p>El oficial tambi\u00e9n indic\u00f3 que el sargento de la Armada era parte de la seguridad del Jefe de Estado desde mayo del 2017. \u00c3\u0089l era integrante del Grupo de Protecci\u00f3n Presidencial, que son los que tienen que ver directamente con la seguridad del se\u00f1or Presidente\u009d, dijo el alto oficial.<\/p>\n<p>La Polic\u00eda y la Fiscal\u00eda iniciaron las investigaciones en contra de esta organizaci\u00f3n hace seis meses. Durante ese tiempo lograron identificar que mov\u00edan cargas importantes. Por ejemplo, el 12 de abril ten\u00edan en su poder 45 kilos de alcaloides. Esa droga fue hallada en 25 inmuebles.<\/p>\n<p>Los agentes denominaron ese operativo como \u0098<strong>Impacto 135\u0099.<\/strong> Entre las evidencias recabadas tambi\u00e9n estaban tres armas de fuego, 19 celulares y dinero en efectivo.\u00a0 \u00a0 Actualmente, la Fiscal\u00eda investiga si la droga proven\u00eda de Colombia y a qu\u00e9 redes internacionales se compraba.<\/p>\n<p>Otro punto que se indaga es si el marino tambi\u00e9n comet\u00eda otros delitos o si entregaba informaci\u00f3n confidencial a las mafias. Una de las labores que ten\u00eda dentro de la Presidencia era acompa\u00f1ar al Jefe de Estado en viajes o en comisiones.<\/p>\n<p>Precisamente, por eso viaj\u00f3 a Lima- Per\u00fa. \u00c3\u0089l era parte del grupo de uniformados que resguardar\u00edan al Primer Mandatario durante la Cumbre de las Am\u00e9ricas. Otros datos que se revelaron en torno al uniformado procesado fue que tambi\u00e9n colaboraba en una red dedicada al robo de domicilios.<\/p>\n<p>Hasta que se desarrollen las investigaciones correspondientes, el Servicio de Protecci\u00f3n Presidencial suspendi\u00f3 las remuneraciones del sargento segundo.<small><strong> (I)<b><\/b><\/strong><\/small><\/p>\n<p>&nbsp;<\/p>\n<p>&nbsp;<\/p>\n<p><strong>Fuente: <\/strong><a href=\"http:\/\/www.elcomercio.com\/actualidad\/escolta-presidente-narcotrafico-droga-fiscalia.html\" target=\"_blank\" rel=\"noopener noreferrer\">http:\/\/www.elcomercio.com\/actualidad\/escolta-presidente-narcotrafico-droga-fiscalia.html<\/a><\/p>\n","protected":false},"excerpt":{"rendered":"<p>&nbsp; La organizaci\u00f3n delictiva ten\u00eda una estructura s\u00f3lida\u009d. 21 personas se encargaban de intermediar, comprar, transportar y comercializar droga en sectores de Guayas como las Malvinas, Esteros, Guasmo y otros. El alcaloide proven\u00eda desde Esmeraldas y se usaban camiones para su traslado. Las investigaciones dicen que los cargamentos eran custodiados durante toda la ruta. De esta tarea se encargaba un sargento segundo de la Armada. El uniformado fue detenido el s\u00e1bado, 14 de abril del 2018, luego de que retornara de Per\u00fa, pa\u00eds en donde estuvo de comisi\u00f3n con el presidente, Len\u00edn Moreno, pues era parte de su escolta de seguridad. As\u00ed se detalla en un parte policial que fue emitido el mismo d\u00eda de la detenci\u00f3n. En ese documento tambi\u00e9n se indica que la organizaci\u00f3n a la que pertenec\u00eda el marino se dedicaba al tr\u00e1fico interno de drogas a \u0098gran escala\u0099. El general Pedro Mosquera, jefe del Servicio de Protecci\u00f3n Presidencial, confirm\u00f3 que el uniformado era parte de la seguridad del presidente Moreno y que fue detenido por el presunto delito de tr\u00e1fico de estupefacientes. El oficial tambi\u00e9n indic\u00f3 que el sargento de la Armada era parte de la seguridad del Jefe de Estado desde mayo del 2017. \u00c3\u0089l era integrante del Grupo de Protecci\u00f3n Presidencial, que son los que tienen que ver directamente con la seguridad del se\u00f1or Presidente\u009d, dijo el alto oficial. La Polic\u00eda y la Fiscal\u00eda iniciaron las investigaciones en contra de esta organizaci\u00f3n hace seis meses. Durante ese tiempo lograron identificar que mov\u00edan cargas importantes. Por ejemplo, el 12 de abril ten\u00edan en su poder 45 kilos de alcaloides. Esa droga fue hallada en 25 inmuebles. Los agentes denominaron ese operativo como \u0098Impacto 135\u0099. Entre las evidencias recabadas tambi\u00e9n estaban tres armas de fuego, 19 celulares y dinero en efectivo.\u00a0 \u00a0 Actualmente, la Fiscal\u00eda investiga si la droga proven\u00eda de Colombia y a qu\u00e9 redes internacionales se compraba. Otro punto que se indaga es si el marino tambi\u00e9n comet\u00eda otros delitos o si entregaba informaci\u00f3n confidencial a las mafias. Una de las labores que ten\u00eda dentro de la Presidencia era acompa\u00f1ar al Jefe de Estado en viajes o en comisiones. Precisamente, por eso viaj\u00f3 a Lima- Per\u00fa. \u00c3\u0089l era parte del grupo de uniformados que resguardar\u00edan al Primer Mandatario durante la Cumbre de las Am\u00e9ricas. Otros datos que se revelaron en torno al uniformado procesado fue que tambi\u00e9n colaboraba en una red dedicada al robo de domicilios. Hasta que se desarrollen las investigaciones correspondientes, el Servicio de Protecci\u00f3n Presidencial suspendi\u00f3 las remuneraciones del sargento segundo. (I) &nbsp; &nbsp; Fuente: http:\/\/www.elcomercio.com\/actualidad\/escolta-presidente-narcotrafico-droga-fiscalia.html<\/p>\n","protected":false},"author":1,"featured_media":248788,"comment_status":"open","ping_status":"open","sticky":false,"template":"","format":"standard","meta":[],"categories":[54,32,40,35,46],"tags":[],"_links":{"self":[{"href":"https:\/\/www.ecuadortimes.net\/es\/wp-json\/wp\/v2\/posts\/248787"}],"collection":[{"href":"https:\/\/www.ecuadortimes.net\/es\/wp-json\/wp\/v2\/posts"}],"about":[{"href":"https:\/\/www.ecuadortimes.net\/es\/wp-json\/wp\/v2\/types\/post"}],"author":[{"embeddable":true,"href":"https:\/\/www.ecuadortimes.net\/es\/wp-json\/wp\/v2\/users\/1"}],"replies":[{"embeddable":true,"href":"https:\/\/www.ecuadortimes.net\/es\/wp-json\/wp\/v2\/comments?post=248787"}],"version-history":[{"count":0,"href":"https:\/\/www.ecuadortimes.net\/es\/wp-json\/wp\/v2\/posts\/248787\/revisions"}],"wp:featuredmedia":[{"embeddable":true,"href":"https:\/\/www.ecuadortimes.net\/es\/wp-json\/wp\/v2\/media\/248788"}],"wp:attachment":[{"href":"https:\/\/www.ecuadortimes.net\/es\/wp-json\/wp\/v2\/media?parent=248787"}],"wp:term":[{"taxonomy":"category","embeddable":true,"href":"https:\/\/www.ecuadortimes.net\/es\/wp-json\/wp\/v2\/categories?post=248787"},{"taxonomy":"post_tag","embeddable":true,"href":"https:\/\/www.ecuadortimes.net\/es\/wp-json\/wp\/v2\/tags?post=248787"}],"curies":[{"name":"wp","href":"https:\/\/api.w.org\/{rel}","templated":true}]}}