{"id":248789,"date":"2018-04-20T00:00:00","date_gmt":"2018-04-20T00:00:00","guid":{"rendered":"https:\/\/www.ecuadortimes.net\/es\/marco-miyashiro-los-secuestros-son-para-atemorizar\/"},"modified":"2018-04-20T00:00:00","modified_gmt":"2018-04-20T00:00:00","slug":"marco-miyashiro-los-secuestros-son-para-atemorizar","status":"publish","type":"post","link":"https:\/\/www.ecuadortimes.net\/es\/marco-miyashiro-los-secuestros-son-para-atemorizar\/","title":{"rendered":"Marco Miyashiro: Los secuestros son para atemorizar"},"content":{"rendered":"<p><img loading=\"lazy\" class=\"size-full wp-image-195371 aligncenter\" src=\"https:\/\/www.ecuadortimes.net\/es\/wp-content\/uploads\/2018\/04\/Marco-Miyashiro-Los-secuestros-son-para-atemorizar\u009d_ecuadortimes_ecuadornews_9.jpg\" alt=\"\" width=\"762\" height=\"428\" \/><\/p>\n<p>&nbsp;<\/p>\n<p>El escenario de violencia que ha desatado la disidencia de las\u00a0<b>FARC<\/b>\u00a0para pretender arrinconar al\u00a0<b>Estado<\/b>\u00a0<b>ecuatoriano<\/b>\u00a0se debe combatir no solo en el terreno militar sino tambi\u00e9n en el plano de la inteligencia.<\/p>\n<p><b>&#8211; \u00bfLa inexperiencia en el tema del narcoterrorismo puede afectar la determinaci\u00f3n ecuatoriana de enfrentar a los disidentes de las FARC?<\/b><\/p>\n<p>&#8211; He conversado con la Polic\u00eda ecuatoriana sobre esta lucha contra el narcoterror y no creo que est\u00e9 desubicada, al contrario, sus efectivos est\u00e1n bien enfocados sobre este problema. Quiz\u00e1 solo pueda faltar experiencia espec\u00edfica. Pero nada m\u00e1s.<\/p>\n<p><b>&#8211; Como experto contraterrorista, \u00bfc\u00f3mo percibe este grav\u00edsimo problema para el Ecuador?<\/b><\/p>\n<p>&#8211; Hay malestar en el hermano Ecuador porque se cree que las autoridades de Colombia claudicaron ante una organizaci\u00f3n terrorista como las FARC, a la que dieron concesiones y a la que, como sabemos, confluyen las vertientes propiamente subversiva y la otra ligada al narcotr\u00e1fico. Y es precisamente el dinero que genera esta \u00faltima actividad lo que ha permitido sobrevivir a estos remanentes (se refiere a Oliver Sinisterra que dirige alias Guacho).<\/p>\n<p>Incluso, el asunto es tan serio que el problema colombiano, que lamentablemente se ha extendido a Ecuador, se est\u00e1 prolongando tambi\u00e9n al lado peruano por el r\u00edo Putumayo.<\/p>\n<p><b>&#8211; \u00bfC\u00f3mo enfrentar a un enemigo que no da la cara, que coloca bombas y que se repliega?<\/b><\/p>\n<p>&#8211; La inteligencia es fundamental para la toma de decisiones, sobre todo cuando se trata de luchar contra un enemigo as\u00ed. En el Per\u00fa, derrotar a Sendero Luminoso nos tom\u00f3 tiempo pero finalmente con un trabajo efectivo de inteligencia conseguimos desmembrar los cuadros pol\u00edticos o dirigenciales de estos terroristas. Y all\u00ed es cuando se desarticula a la organizaci\u00f3n.<\/p>\n<p><b>&#8211; \u00bfY la parte operativa qu\u00e9 peso tiene en esta guerra?<\/b><\/p>\n<p>&#8211; Hay que diferenciar la parte propiamente operativa de la inteligencia. Las operaciones policiales o militares cumplen su funci\u00f3n, y la inteligencia tambi\u00e9n, pero esta \u00faltima tiene un mayor peso.<\/p>\n<p><b>&#8211; Guacho asesin\u00f3 a tres miembros de un equipo period\u00edstico&#8230;<\/b><\/p>\n<p>&#8211; Es terrible. Lamento que eso haya pasado en nuestro hermano pa\u00eds del norte. Adem\u00e1s, nos hemos enterado del secuestro de una pareja tambi\u00e9n. Ojal\u00e1 que estos terroristas no los asesinen. Yo deseo de todo coraz\u00f3n que el Ecuador tenga \u00e9xito en esta lucha contra el terrorismo.<\/p>\n<p><b>-El secuestro de civiles no es precisamente para pedir recompensa&#8230;<\/b><\/p>\n<p>&#8211; Su fin es atemorizar a la poblaci\u00f3n. Con ello buscan presionar al Gobierno del Ecuador. (I)<\/p>\n<p>&nbsp;<\/p>\n<p>&nbsp;<\/p>\n<p><strong>Fuente: <\/strong><a href=\"http:\/\/www.expreso.ec\/actualidad\/seguridad-secuestros-fronteras-ecuador-colombia-ED2140143\" target=\"_blank\" rel=\"noopener noreferrer\">http:\/\/www.expreso.ec\/actualidad\/seguridad-secuestros-fronteras-ecuador-colombia-ED2140143<\/a><\/p>\n","protected":false},"excerpt":{"rendered":"<p>&nbsp; El escenario de violencia que ha desatado la disidencia de las\u00a0FARC\u00a0para pretender arrinconar al\u00a0Estado\u00a0ecuatoriano\u00a0se debe combatir no solo en el terreno militar sino tambi\u00e9n en el plano de la inteligencia. &#8211; \u00bfLa inexperiencia en el tema del narcoterrorismo puede afectar la determinaci\u00f3n ecuatoriana de enfrentar a los disidentes de las FARC? &#8211; He conversado con la Polic\u00eda ecuatoriana sobre esta lucha contra el narcoterror y no creo que est\u00e9 desubicada, al contrario, sus efectivos est\u00e1n bien enfocados sobre este problema. Quiz\u00e1 solo pueda faltar experiencia espec\u00edfica. Pero nada m\u00e1s. &#8211; Como experto contraterrorista, \u00bfc\u00f3mo percibe este grav\u00edsimo problema para el Ecuador? &#8211; Hay malestar en el hermano Ecuador porque se cree que las autoridades de Colombia claudicaron ante una organizaci\u00f3n terrorista como las FARC, a la que dieron concesiones y a la que, como sabemos, confluyen las vertientes propiamente subversiva y la otra ligada al narcotr\u00e1fico. Y es precisamente el dinero que genera esta \u00faltima actividad lo que ha permitido sobrevivir a estos remanentes (se refiere a Oliver Sinisterra que dirige alias Guacho). Incluso, el asunto es tan serio que el problema colombiano, que lamentablemente se ha extendido a Ecuador, se est\u00e1 prolongando tambi\u00e9n al lado peruano por el r\u00edo Putumayo. &#8211; \u00bfC\u00f3mo enfrentar a un enemigo que no da la cara, que coloca bombas y que se repliega? &#8211; La inteligencia es fundamental para la toma de decisiones, sobre todo cuando se trata de luchar contra un enemigo as\u00ed. En el Per\u00fa, derrotar a Sendero Luminoso nos tom\u00f3 tiempo pero finalmente con un trabajo efectivo de inteligencia conseguimos desmembrar los cuadros pol\u00edticos o dirigenciales de estos terroristas. Y all\u00ed es cuando se desarticula a la organizaci\u00f3n. &#8211; \u00bfY la parte operativa qu\u00e9 peso tiene en esta guerra? &#8211; Hay que diferenciar la parte propiamente operativa de la inteligencia. Las operaciones policiales o militares cumplen su funci\u00f3n, y la inteligencia tambi\u00e9n, pero esta \u00faltima tiene un mayor peso. &#8211; Guacho asesin\u00f3 a tres miembros de un equipo period\u00edstico&#8230; &#8211; Es terrible. Lamento que eso haya pasado en nuestro hermano pa\u00eds del norte. Adem\u00e1s, nos hemos enterado del secuestro de una pareja tambi\u00e9n. Ojal\u00e1 que estos terroristas no los asesinen. Yo deseo de todo coraz\u00f3n que el Ecuador tenga \u00e9xito en esta lucha contra el terrorismo. -El secuestro de civiles no es precisamente para pedir recompensa&#8230; &#8211; Su fin es atemorizar a la poblaci\u00f3n. Con ello buscan presionar al Gobierno del Ecuador. (I) &nbsp; &nbsp; Fuente: http:\/\/www.expreso.ec\/actualidad\/seguridad-secuestros-fronteras-ecuador-colombia-ED2140143<\/p>\n","protected":false},"author":1,"featured_media":0,"comment_status":"open","ping_status":"open","sticky":false,"template":"","format":"standard","meta":[],"categories":[54,32,34,51,40,35],"tags":[],"_links":{"self":[{"href":"https:\/\/www.ecuadortimes.net\/es\/wp-json\/wp\/v2\/posts\/248789"}],"collection":[{"href":"https:\/\/www.ecuadortimes.net\/es\/wp-json\/wp\/v2\/posts"}],"about":[{"href":"https:\/\/www.ecuadortimes.net\/es\/wp-json\/wp\/v2\/types\/post"}],"author":[{"embeddable":true,"href":"https:\/\/www.ecuadortimes.net\/es\/wp-json\/wp\/v2\/users\/1"}],"replies":[{"embeddable":true,"href":"https:\/\/www.ecuadortimes.net\/es\/wp-json\/wp\/v2\/comments?post=248789"}],"version-history":[{"count":0,"href":"https:\/\/www.ecuadortimes.net\/es\/wp-json\/wp\/v2\/posts\/248789\/revisions"}],"wp:attachment":[{"href":"https:\/\/www.ecuadortimes.net\/es\/wp-json\/wp\/v2\/media?parent=248789"}],"wp:term":[{"taxonomy":"category","embeddable":true,"href":"https:\/\/www.ecuadortimes.net\/es\/wp-json\/wp\/v2\/categories?post=248789"},{"taxonomy":"post_tag","embeddable":true,"href":"https:\/\/www.ecuadortimes.net\/es\/wp-json\/wp\/v2\/tags?post=248789"}],"curies":[{"name":"wp","href":"https:\/\/api.w.org\/{rel}","templated":true}]}}