{"id":248792,"date":"2018-04-20T00:00:00","date_gmt":"2018-04-20T00:00:00","guid":{"rendered":"https:\/\/www.ecuadortimes.net\/es\/rigoberta-menchu-se-solidarizo-con-ecuador\/"},"modified":"2018-04-20T00:00:00","modified_gmt":"2018-04-20T00:00:00","slug":"rigoberta-menchu-se-solidarizo-con-ecuador","status":"publish","type":"post","link":"https:\/\/www.ecuadortimes.net\/es\/rigoberta-menchu-se-solidarizo-con-ecuador\/","title":{"rendered":"Rigoberta Mench\u00fa se solidariz\u00f3 con Ecuador"},"content":{"rendered":"<p><img loading=\"lazy\" class=\"size-full wp-image-195375 aligncenter\" src=\"https:\/\/www.ecuadortimes.net\/es\/wp-content\/uploads\/2018\/04\/Rigoberta-Menchu\u00cc\u0081-se-solidarizo\u00cc\u0081-con-Ecuador_ecuadortimes_ecuadornews_11.jpg\" alt=\"\" width=\"762\" height=\"428\" \/><\/p>\n<p>&nbsp;<\/p>\n<p>Tengo cari\u00f1o especial a Ecuador, he seguido sus\u00a0<b>luchas<\/b>\u00a0e historia y expreso mi profunda solidaridad con los\u00a0<b>medios de comunicaci\u00f3n<\/b>. La agresi\u00f3n contra el periodismo es la agresi\u00f3n a la conciencia humana y lo m\u00e1s profundo del ser humano porque trasciende a todo el planeta\u009d, mencion\u00f3 Rigoberta Mench\u00fa Tum, l\u00edder ind\u00edgena guatemalteca premio Nobel de la Paz de 1992.<\/p>\n<p>Las palabras fueron dirigidas a los familiares del equipo period\u00edstico de El Comercio: Efra\u00edn Segarra, Pa\u00fal Rivas y Javier Ortega, secuestrados y\u00a0<b>asesinados<\/b>en manos de la\u00a0<b>narcoguerrilla<\/b>\u00a0en el sector de Mataje,\u00a0<b>frontera<\/b>\u00a0entre Ecuador y Colombia.<\/p>\n<p>La embajadora de buena voluntad de la\u00a0<b>Unesco<\/b>, est\u00e1 en Ambato como invitada de honor por la Universidad T\u00e9cnica de Ambato (UTA) para que sea parte del Primer Foro Internacional Construyendo Ciudadan\u00eda Planetaria\u009d que empez\u00f3 este 19 y culmina el s\u00e1bado 21 de abril.<\/p>\n<p>La defensora de los\u00a0<b>derechos humanos\u00a0<\/b>fue parte de la inauguraci\u00f3n del foro en el Coliseo Cerrado de la UTA.<\/p>\n<p>Minutos despu\u00e9s se dio la conferencia de prensa donde Mench\u00fa se solidariz\u00f3 con todo lo que ocurre en Ecuador que es\u00a0<b>v\u00edctima<\/b>\u00a0del narcoterrorismo.<\/p>\n<p>Decimos una vez m\u00e1s\u00a0<b>no a la violencia<\/b>. Reitero mi solidaridad para todas las personas que son v\u00edctimas\u009d, expres\u00f3. Mench\u00fa que es integrante del grupo maya-quich\u00e9 de Guatemala. Ella obtuvo el<b>\u00a0premio Nobel de la Paz<\/b>\u00a0por la lucha de los derechos de los ind\u00edgenas, la paz, dignidad y la mujer.<\/p>\n<p>Tambi\u00e9n fue invitada a ser parte de la Marcha por la Paz que se realizar\u00e1 desde las 17:30 de este jueves por la avenida Cevallos.<\/p>\n<p><b>Foro por aniversario<\/b><\/p>\n<p>El foro Construyendo Ciudadan\u00eda Planetaria\u009d es parte de los eventos que organiz\u00f3 el alma m\u00e1ter por los 49 a\u00f1os de fundaci\u00f3n. El rector Galo Naranjo, mencion\u00f3 que se busca conocer todos los\u00a0<b>problemas<\/b>\u00a0que enfrenta la humanidad mediante las ponencias.<\/p>\n<p>La idea es debatir sobre los problemas sociales y de desarrollo que aquejan a las ciudades del mundo\u009d, agreg\u00f3 Naranjo.<\/p>\n<p>Al congreso se han invitado autoridades locales, nacionales e internacionales. El alcalde de la ciudad, Luis Amoroso, resalt\u00f3 que el programa busca generar\u00a0<b>conciencia<\/b>. A la vez declar\u00f3 como invitada de honor a Rigoberta Mench\u00fa por su lucha y la reivindicaci\u00f3n de los derechos humanos. (I)<\/p>\n<p>&nbsp;<\/p>\n<p>&nbsp;<\/p>\n<p><strong>Fuente: <\/strong><a href=\"http:\/\/www.expreso.ec\/actualidad\/rigobertamenchu-solidaridad-ecuador-fronteranorte-MJ2139358\" target=\"_blank\" rel=\"noopener noreferrer\">http:\/\/www.expreso.ec\/actualidad\/rigobertamenchu-solidaridad-ecuador-fronteranorte-MJ2139358<\/a><\/p>\n","protected":false},"excerpt":{"rendered":"<p>&nbsp; Tengo cari\u00f1o especial a Ecuador, he seguido sus\u00a0luchas\u00a0e historia y expreso mi profunda solidaridad con los\u00a0medios de comunicaci\u00f3n. La agresi\u00f3n contra el periodismo es la agresi\u00f3n a la conciencia humana y lo m\u00e1s profundo del ser humano porque trasciende a todo el planeta\u009d, mencion\u00f3 Rigoberta Mench\u00fa Tum, l\u00edder ind\u00edgena guatemalteca premio Nobel de la Paz de 1992. Las palabras fueron dirigidas a los familiares del equipo period\u00edstico de El Comercio: Efra\u00edn Segarra, Pa\u00fal Rivas y Javier Ortega, secuestrados y\u00a0asesinadosen manos de la\u00a0narcoguerrilla\u00a0en el sector de Mataje,\u00a0frontera\u00a0entre Ecuador y Colombia. La embajadora de buena voluntad de la\u00a0Unesco, est\u00e1 en Ambato como invitada de honor por la Universidad T\u00e9cnica de Ambato (UTA) para que sea parte del Primer Foro Internacional Construyendo Ciudadan\u00eda Planetaria\u009d que empez\u00f3 este 19 y culmina el s\u00e1bado 21 de abril. La defensora de los\u00a0derechos humanos\u00a0fue parte de la inauguraci\u00f3n del foro en el Coliseo Cerrado de la UTA. Minutos despu\u00e9s se dio la conferencia de prensa donde Mench\u00fa se solidariz\u00f3 con todo lo que ocurre en Ecuador que es\u00a0v\u00edctima\u00a0del narcoterrorismo. Decimos una vez m\u00e1s\u00a0no a la violencia. Reitero mi solidaridad para todas las personas que son v\u00edctimas\u009d, expres\u00f3. Mench\u00fa que es integrante del grupo maya-quich\u00e9 de Guatemala. Ella obtuvo el\u00a0premio Nobel de la Paz\u00a0por la lucha de los derechos de los ind\u00edgenas, la paz, dignidad y la mujer. Tambi\u00e9n fue invitada a ser parte de la Marcha por la Paz que se realizar\u00e1 desde las 17:30 de este jueves por la avenida Cevallos. Foro por aniversario El foro Construyendo Ciudadan\u00eda Planetaria\u009d es parte de los eventos que organiz\u00f3 el alma m\u00e1ter por los 49 a\u00f1os de fundaci\u00f3n. El rector Galo Naranjo, mencion\u00f3 que se busca conocer todos los\u00a0problemas\u00a0que enfrenta la humanidad mediante las ponencias. La idea es debatir sobre los problemas sociales y de desarrollo que aquejan a las ciudades del mundo\u009d, agreg\u00f3 Naranjo. Al congreso se han invitado autoridades locales, nacionales e internacionales. El alcalde de la ciudad, Luis Amoroso, resalt\u00f3 que el programa busca generar\u00a0conciencia. A la vez declar\u00f3 como invitada de honor a Rigoberta Mench\u00fa por su lucha y la reivindicaci\u00f3n de los derechos humanos. (I) &nbsp; &nbsp; Fuente: http:\/\/www.expreso.ec\/actualidad\/rigobertamenchu-solidaridad-ecuador-fronteranorte-MJ2139358<\/p>\n","protected":false},"author":1,"featured_media":248793,"comment_status":"open","ping_status":"open","sticky":false,"template":"","format":"standard","meta":[],"categories":[54,32,36,35,46],"tags":[],"_links":{"self":[{"href":"https:\/\/www.ecuadortimes.net\/es\/wp-json\/wp\/v2\/posts\/248792"}],"collection":[{"href":"https:\/\/www.ecuadortimes.net\/es\/wp-json\/wp\/v2\/posts"}],"about":[{"href":"https:\/\/www.ecuadortimes.net\/es\/wp-json\/wp\/v2\/types\/post"}],"author":[{"embeddable":true,"href":"https:\/\/www.ecuadortimes.net\/es\/wp-json\/wp\/v2\/users\/1"}],"replies":[{"embeddable":true,"href":"https:\/\/www.ecuadortimes.net\/es\/wp-json\/wp\/v2\/comments?post=248792"}],"version-history":[{"count":0,"href":"https:\/\/www.ecuadortimes.net\/es\/wp-json\/wp\/v2\/posts\/248792\/revisions"}],"wp:featuredmedia":[{"embeddable":true,"href":"https:\/\/www.ecuadortimes.net\/es\/wp-json\/wp\/v2\/media\/248793"}],"wp:attachment":[{"href":"https:\/\/www.ecuadortimes.net\/es\/wp-json\/wp\/v2\/media?parent=248792"}],"wp:term":[{"taxonomy":"category","embeddable":true,"href":"https:\/\/www.ecuadortimes.net\/es\/wp-json\/wp\/v2\/categories?post=248792"},{"taxonomy":"post_tag","embeddable":true,"href":"https:\/\/www.ecuadortimes.net\/es\/wp-json\/wp\/v2\/tags?post=248792"}],"curies":[{"name":"wp","href":"https:\/\/api.w.org\/{rel}","templated":true}]}}