{"id":248798,"date":"2018-04-23T00:00:00","date_gmt":"2018-04-23T00:00:00","guid":{"rendered":"https:\/\/www.ecuadortimes.net\/es\/la-amenaza-que-se-derrama-mas-alla-de-la-linea-fronteriza\/"},"modified":"2018-04-23T00:00:00","modified_gmt":"2018-04-23T00:00:00","slug":"la-amenaza-que-se-derrama-mas-alla-de-la-linea-fronteriza","status":"publish","type":"post","link":"https:\/\/www.ecuadortimes.net\/es\/la-amenaza-que-se-derrama-mas-alla-de-la-linea-fronteriza\/","title":{"rendered":"La amenaza que se derrama m\u00e1s all\u00e1 de la l\u00ednea fronteriza"},"content":{"rendered":"<p><img loading=\"lazy\" class=\"size-full wp-image-195417 aligncenter\" src=\"https:\/\/www.ecuadortimes.net\/es\/wp-content\/uploads\/2018\/04\/La-amenaza-que-se-derrama-ma\u00cc\u0081s-alla\u00cc\u0081-de-la-li\u00cc\u0081nea-fronteriza_ecuadortimes_ecuadornews_1.jpg\" alt=\"\" width=\"762\" height=\"428\" \/><\/p>\n<p>&nbsp;<\/p>\n<p>Cuando\u00a0<b>Colombia<\/b>\u00a0est\u00e1 a punto de arrancar la \u00faltima p\u00e1gina del calendario de lucha contra las\u00a0<b>FARC<\/b>, Ecuador est\u00e1 iniciando el a\u00f1o cero como pa\u00eds en alerta por el\u00a0<b>narcoterrorismo<\/b>. No han pasado ni tres meses desde que entr\u00f3, sin consentimiento, en el enfrentamiento con grupos armados en la frontera y ya acumula siete muertos, dos secuestros\u00a0<b>(cinco personas)\u00a0<\/b>y casi una decena de ataques con bomba. Pero lo que angustia al pa\u00eds y a las autoridades es que el conflicto no ser\u00e1 corto.<\/p>\n<p>El enfrentamiento con el<b>\u00a0Frente Oliver Sinisterra<\/b>, liderado por\u00a0<b>Walter Arizala\u00a0<\/b>alias\u00a0<b>Guacho<\/b>, a quien se responsabiliza de la violencia en la zona fronteriza con Colombia, es fruto del desmantelamiento voluntario de las FARC en el pa\u00eds vecino. Eso hace, seg\u00fan el informe de\u00a0<b>Fundaci\u00f3n Ideas por la Paz<\/b>, que la situaci\u00f3n de peligro tenga a\u00fan un largo camino para evolucionar dentro del territorio ecuatoriano.<\/p>\n<p>El mismo documento hace una radiograf\u00eda detallada del Frente Oliver Sinisterra, tal y como adelant\u00f3 EXPRESO esta semana, situ\u00e1ndolo en el cuarto lugar de las 18 facciones m\u00e1s agresivas que brotaron como disidencias del proceso de paz. Se le atribuye el 11 % de las acciones de los \u00faltimos dos a\u00f1os y un grueso de casi 500 miembros.<\/p>\n<p>El riesgo para el pa\u00eds toma forma de secuestros<b>\u00a0-como los del equipo de El Comercio asesinado y la pareja retenida-<\/b>, asesinatos selectivos, ataques contra la infraestructura\u00a0<b>-como los realizados contra torres el\u00e9ctricas para dejar a poblaciones sin luz-<\/b>\u00a0y amenazas contra los habitantes del sector que colaboren como informantes con la polic\u00eda o los militares. Todo lo que sea necesario para mantener el negocio de la distribuci\u00f3n de droga a trav\u00e9s del\u00a0<b>r\u00edo<\/b>\u00a0<b>Mataje<\/b>, que hace de frontera natural entre los dos pa\u00edses, y del Mira que fluye en paralelo a la carretera que conduce a\u00a0<b>Tumaco<\/b>. El pueblo colombiano subsiste intoxicado por el narcotr\u00e1fico y envenenado por la lucha territorial entre las facciones disidentes que pelean por controlar el corredor de la droga hacia el oc\u00e9ano Pac\u00edfico. Desde ya se advierte un serio riesgo para el trabajo de organismos internacionales, agencias humanitarias y periodistas\u009d, a\u00f1ade el informe.<\/p>\n<p>Pero la Fundaci\u00f3n Ideas por la Paz, tras entrevistar a un centenar de expertos, concluye que el narcotr\u00e1fico no es el \u00fanico ingrediente en el caldo de cultivo de terrorismo en la frontera. La lucha entre los grupos disidentes, los enfrentamientos con el veterano\u00a0<b>ELN<\/b>\u00a0y la fragmentaci\u00f3n de las bandas por la deserci\u00f3n o detenci\u00f3n de sus l\u00edderes hacen del conflicto una amenaza inestable e impredecible. Ante la presi\u00f3n de las fuerzas militares de ambos pa\u00edses, el Frente Oliver Sinisterra continuar\u00e1 avanzando por territorio ecuatoriano\u009d, advierte el documento, pues sus predecesoras, las columnas m\u00f3viles\u00a0<b>Mariscal Sucre y Daniel Aldana (FARC)<\/b>, tuvieron zonas de refugio en las provincias de\u00a0<b>Carchi<\/b>\u00a0y\u00a0<b>Esmeraldas<\/b>\u009d.<\/p>\n<p>La estrategia militar coordinada de Colombia y Ecuador, adem\u00e1s de acciones de inteligencia y operativas como las ya desplegadas, deber\u00e1n tener especial observancia a las afectaciones sobre la poblaci\u00f3n civil\u009d, en especial al colectivo afro e ind\u00edgena, detalla el texto, pues el grupo de Guacho est\u00e1 buscando vincular<b>ni\u00f1os y j\u00f3venes<\/b>\u00a0de estas poblaciones\u009d, que se encuentran en alto grado de vulnerabilidad\u009d. El\u00a0<b>esfuerzo<\/b>\u00a0<b>militar-policial<\/b>, apunta la fundaci\u00f3n, con un fuerte despliegue de tropas en la zona puede agravar la lucha, al descabezar m\u00e1s las bandas y crear nuevas facciones, alargando el tiempo de lucha, tal y como ha ocurrido en Colombia. El brazo ofensivo del Estado no debe olvidar las herramientas jur\u00eddicas para asfixiar, mediante incautaciones de bienes, por ejemplo, y asegurarse de que los grupos disidentes no obtengan ning\u00fan beneficio del\u00a0<b>Estado<\/b>. Ni social ni legal.<\/p>\n<p><b>Disidencias ante el proceso de paz<\/b><\/p>\n<p><b>Deserciones<\/b><\/p>\n<p>Si en los grupos armados rebeldes no es extra\u00f1o que haya deserciones por diferentes criterios, estas aumentan en la negociaci\u00f3n de paz.<\/p>\n<p><b>Estructura<\/b><\/p>\n<p>Seg\u00fan la experiencia de campo, la captaci\u00f3n de rentas ilegales (con el narcotr\u00e1fico) no es un fin, sino un medio para mantener la estructura.<\/p>\n<p><b>Fragmentaci\u00f3n<\/b><\/p>\n<p>La detenci\u00f3n de l\u00edderes fragmenta a\u00fan m\u00e1s las disidencias, que est\u00e1n legitimadas socialmente en zonas desatendidas por el Estado.<b><\/b><\/p>\n<p><b>Proliferaci\u00f3n<\/b><\/p>\n<p>Todo eso hace proliferar a los grupos disidentes, dificulta la acci\u00f3n de la fuerza p\u00fablica ante el enemigo nuevo y alarga el proceso de paz. (I)<\/p>\n<p>&nbsp;<\/p>\n<p>&nbsp;<\/p>\n<p><strong>Fuente: <\/strong><a href=\"http:\/\/www.expreso.ec\/actualidad\/seguridad-mataje-narcotrafico-fronteraecuador-fuerzasarmadas-IE2143930\" target=\"_blank\" rel=\"noopener noreferrer\">http:\/\/www.expreso.ec\/actualidad\/seguridad-mataje-narcotrafico-fronteraecuador-fuerzasarmadas-IE2143930<\/a><\/p>\n","protected":false},"excerpt":{"rendered":"<p>&nbsp; Cuando\u00a0Colombia\u00a0est\u00e1 a punto de arrancar la \u00faltima p\u00e1gina del calendario de lucha contra las\u00a0FARC, Ecuador est\u00e1 iniciando el a\u00f1o cero como pa\u00eds en alerta por el\u00a0narcoterrorismo. No han pasado ni tres meses desde que entr\u00f3, sin consentimiento, en el enfrentamiento con grupos armados en la frontera y ya acumula siete muertos, dos secuestros\u00a0(cinco personas)\u00a0y casi una decena de ataques con bomba. Pero lo que angustia al pa\u00eds y a las autoridades es que el conflicto no ser\u00e1 corto. El enfrentamiento con el\u00a0Frente Oliver Sinisterra, liderado por\u00a0Walter Arizala\u00a0alias\u00a0Guacho, a quien se responsabiliza de la violencia en la zona fronteriza con Colombia, es fruto del desmantelamiento voluntario de las FARC en el pa\u00eds vecino. Eso hace, seg\u00fan el informe de\u00a0Fundaci\u00f3n Ideas por la Paz, que la situaci\u00f3n de peligro tenga a\u00fan un largo camino para evolucionar dentro del territorio ecuatoriano. El mismo documento hace una radiograf\u00eda detallada del Frente Oliver Sinisterra, tal y como adelant\u00f3 EXPRESO esta semana, situ\u00e1ndolo en el cuarto lugar de las 18 facciones m\u00e1s agresivas que brotaron como disidencias del proceso de paz. Se le atribuye el 11 % de las acciones de los \u00faltimos dos a\u00f1os y un grueso de casi 500 miembros. El riesgo para el pa\u00eds toma forma de secuestros\u00a0-como los del equipo de El Comercio asesinado y la pareja retenida-, asesinatos selectivos, ataques contra la infraestructura\u00a0-como los realizados contra torres el\u00e9ctricas para dejar a poblaciones sin luz-\u00a0y amenazas contra los habitantes del sector que colaboren como informantes con la polic\u00eda o los militares. Todo lo que sea necesario para mantener el negocio de la distribuci\u00f3n de droga a trav\u00e9s del\u00a0r\u00edo\u00a0Mataje, que hace de frontera natural entre los dos pa\u00edses, y del Mira que fluye en paralelo a la carretera que conduce a\u00a0Tumaco. El pueblo colombiano subsiste intoxicado por el narcotr\u00e1fico y envenenado por la lucha territorial entre las facciones disidentes que pelean por controlar el corredor de la droga hacia el oc\u00e9ano Pac\u00edfico. Desde ya se advierte un serio riesgo para el trabajo de organismos internacionales, agencias humanitarias y periodistas\u009d, a\u00f1ade el informe. Pero la Fundaci\u00f3n Ideas por la Paz, tras entrevistar a un centenar de expertos, concluye que el narcotr\u00e1fico no es el \u00fanico ingrediente en el caldo de cultivo de terrorismo en la frontera. La lucha entre los grupos disidentes, los enfrentamientos con el veterano\u00a0ELN\u00a0y la fragmentaci\u00f3n de las bandas por la deserci\u00f3n o detenci\u00f3n de sus l\u00edderes hacen del conflicto una amenaza inestable e impredecible. Ante la presi\u00f3n de las fuerzas militares de ambos pa\u00edses, el Frente Oliver Sinisterra continuar\u00e1 avanzando por territorio ecuatoriano\u009d, advierte el documento, pues sus predecesoras, las columnas m\u00f3viles\u00a0Mariscal Sucre y Daniel Aldana (FARC), tuvieron zonas de refugio en las provincias de\u00a0Carchi\u00a0y\u00a0Esmeraldas\u009d. La estrategia militar coordinada de Colombia y Ecuador, adem\u00e1s de acciones de inteligencia y operativas como las ya desplegadas, deber\u00e1n tener especial observancia a las afectaciones sobre la poblaci\u00f3n civil\u009d, en especial al colectivo afro e ind\u00edgena, detalla el texto, pues el grupo de Guacho est\u00e1 buscando vincularni\u00f1os y j\u00f3venes\u00a0de estas poblaciones\u009d, que se encuentran en alto grado de vulnerabilidad\u009d. El\u00a0esfuerzo\u00a0militar-policial, apunta la fundaci\u00f3n, con un fuerte despliegue de tropas en la zona puede agravar la lucha, al descabezar m\u00e1s las bandas y crear nuevas facciones, alargando el tiempo de lucha, tal y como ha ocurrido en Colombia. El brazo ofensivo del Estado no debe olvidar las herramientas jur\u00eddicas para asfixiar, mediante incautaciones de bienes, por ejemplo, y asegurarse de que los grupos disidentes no obtengan ning\u00fan beneficio del\u00a0Estado. Ni social ni legal. Disidencias ante el proceso de paz Deserciones Si en los grupos armados rebeldes no es extra\u00f1o que haya deserciones por diferentes criterios, estas aumentan en la negociaci\u00f3n de paz. Estructura Seg\u00fan la experiencia de campo, la captaci\u00f3n de rentas ilegales (con el narcotr\u00e1fico) no es un fin, sino un medio para mantener la estructura. Fragmentaci\u00f3n La detenci\u00f3n de l\u00edderes fragmenta a\u00fan m\u00e1s las disidencias, que est\u00e1n legitimadas socialmente en zonas desatendidas por el Estado. Proliferaci\u00f3n Todo eso hace proliferar a los grupos disidentes, dificulta la acci\u00f3n de la fuerza p\u00fablica ante el enemigo nuevo y alarga el proceso de paz. (I) &nbsp; &nbsp; Fuente: http:\/\/www.expreso.ec\/actualidad\/seguridad-mataje-narcotrafico-fronteraecuador-fuerzasarmadas-IE2143930<\/p>\n","protected":false},"author":1,"featured_media":248799,"comment_status":"open","ping_status":"open","sticky":false,"template":"","format":"standard","meta":[],"categories":[54,32,51,35],"tags":[],"_links":{"self":[{"href":"https:\/\/www.ecuadortimes.net\/es\/wp-json\/wp\/v2\/posts\/248798"}],"collection":[{"href":"https:\/\/www.ecuadortimes.net\/es\/wp-json\/wp\/v2\/posts"}],"about":[{"href":"https:\/\/www.ecuadortimes.net\/es\/wp-json\/wp\/v2\/types\/post"}],"author":[{"embeddable":true,"href":"https:\/\/www.ecuadortimes.net\/es\/wp-json\/wp\/v2\/users\/1"}],"replies":[{"embeddable":true,"href":"https:\/\/www.ecuadortimes.net\/es\/wp-json\/wp\/v2\/comments?post=248798"}],"version-history":[{"count":0,"href":"https:\/\/www.ecuadortimes.net\/es\/wp-json\/wp\/v2\/posts\/248798\/revisions"}],"wp:featuredmedia":[{"embeddable":true,"href":"https:\/\/www.ecuadortimes.net\/es\/wp-json\/wp\/v2\/media\/248799"}],"wp:attachment":[{"href":"https:\/\/www.ecuadortimes.net\/es\/wp-json\/wp\/v2\/media?parent=248798"}],"wp:term":[{"taxonomy":"category","embeddable":true,"href":"https:\/\/www.ecuadortimes.net\/es\/wp-json\/wp\/v2\/categories?post=248798"},{"taxonomy":"post_tag","embeddable":true,"href":"https:\/\/www.ecuadortimes.net\/es\/wp-json\/wp\/v2\/tags?post=248798"}],"curies":[{"name":"wp","href":"https:\/\/api.w.org\/{rel}","templated":true}]}}