{"id":248814,"date":"2018-04-23T00:00:00","date_gmt":"2018-04-23T00:00:00","guid":{"rendered":"https:\/\/www.ecuadortimes.net\/es\/familias-de-ecuatorianos-asesinados-piden-a-la-cidh-grupo-de-investigacion\/"},"modified":"2018-04-23T00:00:00","modified_gmt":"2018-04-23T00:00:00","slug":"familias-de-ecuatorianos-asesinados-piden-a-la-cidh-grupo-de-investigacion","status":"publish","type":"post","link":"https:\/\/www.ecuadortimes.net\/es\/familias-de-ecuatorianos-asesinados-piden-a-la-cidh-grupo-de-investigacion\/","title":{"rendered":"Familias de ecuatorianos asesinados piden a la CIDH grupo de investigaci\u00f3n"},"content":{"rendered":"<p><img loading=\"lazy\" class=\"size-full wp-image-195415 aligncenter\" src=\"https:\/\/www.ecuadortimes.net\/es\/wp-content\/uploads\/2018\/04\/Familias-de-ecuatorianos-asesinados-piden-a-la-CIDH-grupo-de-investigacio\u00cc\u0081n_ecuadortimes_ecuadornews_9.jpg\" alt=\"\" width=\"762\" height=\"428\" \/><\/p>\n<p>&nbsp;<\/p>\n<p>Familiares de los tres trabajadores del\u00a0<b>diario El Comercio<\/b>\u00a0secuestrados y asesinados por un grupo disidente de las\u00a0<b>FARC<\/b>\u00a0pidieron a la Comisi\u00f3n Interamericana de Derechos Humanos (CIDH) la creaci\u00f3n de un grupo de investigaci\u00f3n de los hechos.<\/p>\n<p>As\u00ed lo revel\u00f3 Ricardo Rivas, hermano del fot\u00f3grafo Pa\u00fal Rivas, integrante del equipo period\u00edstico secuestrado el 26 de marzo cuando realizaba un reportaje en una zona fronteriza con Colombia sobre la\u00a0<b>inseguridad<\/b>\u00a0dominante en el \u00e1rea.<\/p>\n<p>Representantes de la familia junto con la\u00a0<b>Fundaci\u00f3n para la Libertad de Prensa (FLIP)<\/b>, de Colombia y la ecuatoriana Fundaci\u00f3n Andina para la Observaci\u00f3n y Estudio de Medios (Fundamedios), solicitaron en un documento dirigido al secretario ejecutivo de la CIDH, Paulo Abr\u00c3\u00a3o, la constituci\u00f3n de un Grupo Interdisciplinario de Expertos Independientes (GIEI).<\/p>\n<p>El objetivo, seg\u00fan se lee en el escrito con fecha del pasado jueves 19 de abril, es que se investigue y transparente la informaci\u00f3n relacionada al secuestro y asesinato de<b>\u00a0Javier Ortega, Pa\u00fan Rivas y Efra\u00edn Segarra<\/b>, en circunstancias que deben ser esclarecidas\u009d.<\/p>\n<p>Familiares de los ecuatorianos asesinados visitaron Washington esta semana y mantuvieron encuentros con organizaciones de derechos humanos y libertad de prensa como\u00a0<b>Human Rights Watch<\/b>\u00a0o\u00a0<b>Freedom House<\/b>, adem\u00e1s de verse con el secretario general de la OEA, Luis Almagro, y las cancilleres de Ecuador y Colombia, Mar\u00eda Fernanda Espinosa y Mar\u00eda \u00c3\u0081ngela Holgu\u00edn.<\/p>\n<p>De acuerdo a Ricardo Rivas, el secretario general de la OEA se manifest\u00f3 muy abierto\u009d y mostr\u00f3 mucho inter\u00e9s en coordinar acciones con la CIDH, a la que solicitaron la conformaci\u00f3n de este comit\u00e9 internacional independiente\u009d.<\/p>\n<p>El hermano del fot\u00f3grafo asesinado recalc\u00f3 que el inter\u00e9s fundamental de las familias es la repatriaci\u00f3n de los cuerpos de sus seres queridos, que a\u00fan permanecen en manos de sus captores, que adujeron que suspend\u00edan la entrega porque los Gobiernos de\u00a0<b>Ecuador<\/b>\u00a0y\u00a0<b>Colombia<\/b>\u00a0insisten en la represi\u00f3n\u009d, alusi\u00f3n a las operaciones que sus fuerzas de seguridad llevan a cabo en el \u00e1rea de la frontera.<\/p>\n<p>Sobre el grupo de investigaci\u00f3n, Rivas confi\u00f3 en que no se dilate en el tiempo\u009d y que podr\u00eda concretarse la pr\u00f3xima semana como \u00f3rgano independiente que sirva de acompa\u00f1amiento a la investigaci\u00f3n que se est\u00e1 realizando en Ecuador\u009d.<\/p>\n<p>Consider\u00f3 que era importante determinar cu\u00e1les han sido los errores o la inexperiencia\u009d en la actuaci\u00f3n de las autoridades ecuatorianas, seg\u00fan sugiri\u00f3 el presidente,\u00a0<b>Len\u00edn Moreno<\/b>, en una entrevista con un medio internacional al que asegur\u00f3 que se hab\u00edan producido <b>errores de buena fe<\/b>\u009d.<\/p>\n<p>En su opini\u00f3n, durante el proceso de secuestro no se busc\u00f3 ayuda internacional\u009d y censur\u00f3 que hay cosas que no se hicieron bien\u009d, puntos que deber\u00eda esclarecer la comisi\u00f3n en ciernes.<\/p>\n<p>Como precedente, la CIDH estableci\u00f3 un grupo de trabajo que investig\u00f3 el caso de los 43 estudiantes mexicanos desaparecidos en 2014. (I)<\/p>\n<p>&nbsp;<\/p>\n<p>&nbsp;<\/p>\n<p><strong>Fuente: <\/strong><a href=\"http:\/\/www.expreso.ec\/actualidad\/cidh-investigacion-periodistasasesinados-guerrillas-HE2143018\" target=\"_blank\" rel=\"noopener noreferrer\">http:\/\/www.expreso.ec\/actualidad\/cidh-investigacion-periodistasasesinados-guerrillas-HE2143018<\/a><\/p>\n","protected":false},"excerpt":{"rendered":"<p>&nbsp; Familiares de los tres trabajadores del\u00a0diario El Comercio\u00a0secuestrados y asesinados por un grupo disidente de las\u00a0FARC\u00a0pidieron a la Comisi\u00f3n Interamericana de Derechos Humanos (CIDH) la creaci\u00f3n de un grupo de investigaci\u00f3n de los hechos. As\u00ed lo revel\u00f3 Ricardo Rivas, hermano del fot\u00f3grafo Pa\u00fal Rivas, integrante del equipo period\u00edstico secuestrado el 26 de marzo cuando realizaba un reportaje en una zona fronteriza con Colombia sobre la\u00a0inseguridad\u00a0dominante en el \u00e1rea. Representantes de la familia junto con la\u00a0Fundaci\u00f3n para la Libertad de Prensa (FLIP), de Colombia y la ecuatoriana Fundaci\u00f3n Andina para la Observaci\u00f3n y Estudio de Medios (Fundamedios), solicitaron en un documento dirigido al secretario ejecutivo de la CIDH, Paulo Abr\u00c3\u00a3o, la constituci\u00f3n de un Grupo Interdisciplinario de Expertos Independientes (GIEI). El objetivo, seg\u00fan se lee en el escrito con fecha del pasado jueves 19 de abril, es que se investigue y transparente la informaci\u00f3n relacionada al secuestro y asesinato de\u00a0Javier Ortega, Pa\u00fan Rivas y Efra\u00edn Segarra, en circunstancias que deben ser esclarecidas\u009d. Familiares de los ecuatorianos asesinados visitaron Washington esta semana y mantuvieron encuentros con organizaciones de derechos humanos y libertad de prensa como\u00a0Human Rights Watch\u00a0o\u00a0Freedom House, adem\u00e1s de verse con el secretario general de la OEA, Luis Almagro, y las cancilleres de Ecuador y Colombia, Mar\u00eda Fernanda Espinosa y Mar\u00eda \u00c3\u0081ngela Holgu\u00edn. De acuerdo a Ricardo Rivas, el secretario general de la OEA se manifest\u00f3 muy abierto\u009d y mostr\u00f3 mucho inter\u00e9s en coordinar acciones con la CIDH, a la que solicitaron la conformaci\u00f3n de este comit\u00e9 internacional independiente\u009d. El hermano del fot\u00f3grafo asesinado recalc\u00f3 que el inter\u00e9s fundamental de las familias es la repatriaci\u00f3n de los cuerpos de sus seres queridos, que a\u00fan permanecen en manos de sus captores, que adujeron que suspend\u00edan la entrega porque los Gobiernos de\u00a0Ecuador\u00a0y\u00a0Colombia\u00a0insisten en la represi\u00f3n\u009d, alusi\u00f3n a las operaciones que sus fuerzas de seguridad llevan a cabo en el \u00e1rea de la frontera. Sobre el grupo de investigaci\u00f3n, Rivas confi\u00f3 en que no se dilate en el tiempo\u009d y que podr\u00eda concretarse la pr\u00f3xima semana como \u00f3rgano independiente que sirva de acompa\u00f1amiento a la investigaci\u00f3n que se est\u00e1 realizando en Ecuador\u009d. Consider\u00f3 que era importante determinar cu\u00e1les han sido los errores o la inexperiencia\u009d en la actuaci\u00f3n de las autoridades ecuatorianas, seg\u00fan sugiri\u00f3 el presidente,\u00a0Len\u00edn Moreno, en una entrevista con un medio internacional al que asegur\u00f3 que se hab\u00edan producido errores de buena fe\u009d. En su opini\u00f3n, durante el proceso de secuestro no se busc\u00f3 ayuda internacional\u009d y censur\u00f3 que hay cosas que no se hicieron bien\u009d, puntos que deber\u00eda esclarecer la comisi\u00f3n en ciernes. Como precedente, la CIDH estableci\u00f3 un grupo de trabajo que investig\u00f3 el caso de los 43 estudiantes mexicanos desaparecidos en 2014. (I) &nbsp; &nbsp; Fuente: http:\/\/www.expreso.ec\/actualidad\/cidh-investigacion-periodistasasesinados-guerrillas-HE2143018<\/p>\n","protected":false},"author":1,"featured_media":248815,"comment_status":"open","ping_status":"open","sticky":false,"template":"","format":"standard","meta":[],"categories":[54,32,40,35,46],"tags":[],"_links":{"self":[{"href":"https:\/\/www.ecuadortimes.net\/es\/wp-json\/wp\/v2\/posts\/248814"}],"collection":[{"href":"https:\/\/www.ecuadortimes.net\/es\/wp-json\/wp\/v2\/posts"}],"about":[{"href":"https:\/\/www.ecuadortimes.net\/es\/wp-json\/wp\/v2\/types\/post"}],"author":[{"embeddable":true,"href":"https:\/\/www.ecuadortimes.net\/es\/wp-json\/wp\/v2\/users\/1"}],"replies":[{"embeddable":true,"href":"https:\/\/www.ecuadortimes.net\/es\/wp-json\/wp\/v2\/comments?post=248814"}],"version-history":[{"count":0,"href":"https:\/\/www.ecuadortimes.net\/es\/wp-json\/wp\/v2\/posts\/248814\/revisions"}],"wp:featuredmedia":[{"embeddable":true,"href":"https:\/\/www.ecuadortimes.net\/es\/wp-json\/wp\/v2\/media\/248815"}],"wp:attachment":[{"href":"https:\/\/www.ecuadortimes.net\/es\/wp-json\/wp\/v2\/media?parent=248814"}],"wp:term":[{"taxonomy":"category","embeddable":true,"href":"https:\/\/www.ecuadortimes.net\/es\/wp-json\/wp\/v2\/categories?post=248814"},{"taxonomy":"post_tag","embeddable":true,"href":"https:\/\/www.ecuadortimes.net\/es\/wp-json\/wp\/v2\/tags?post=248814"}],"curies":[{"name":"wp","href":"https:\/\/api.w.org\/{rel}","templated":true}]}}