{"id":248818,"date":"2018-04-23T00:00:00","date_gmt":"2018-04-23T00:00:00","guid":{"rendered":"https:\/\/www.ecuadortimes.net\/es\/cubismo-realismo-magico-y-arte-pop-en-una-muestra-en-guayaquil\/"},"modified":"2018-04-23T00:00:00","modified_gmt":"2018-04-23T00:00:00","slug":"cubismo-realismo-magico-y-arte-pop-en-una-muestra-en-guayaquil","status":"publish","type":"post","link":"https:\/\/www.ecuadortimes.net\/es\/cubismo-realismo-magico-y-arte-pop-en-una-muestra-en-guayaquil\/","title":{"rendered":"Cubismo, realismo m\u00e1gico y arte pop en una muestra en Guayaquil"},"content":{"rendered":"<p><img loading=\"lazy\" class=\"size-full wp-image-195412 aligncenter\" src=\"https:\/\/www.ecuadortimes.net\/es\/wp-content\/uploads\/2018\/04\/Cubismo-realismo-ma\u00cc\u0081gico-y-arte-pop-en-una-muestra-en-Guayaquil_ecuadortimes_ecuadornews_11.jpg\" alt=\"\" width=\"800\" height=\"1234\" \/><\/p>\n<p>&nbsp;<\/p>\n<p>El uso de tonos fuertes, su enfoque en la asimetr\u00eda y la alteraci\u00f3n de la realidad son rasgos que caracterizan los trabajos de la pintora guayaquile\u00f1a <strong>Lorena Quiroga<\/strong>, quien ma\u00f1ana presentar\u00e1 su reciente producci\u00f3n denominada Sinestesia.<\/p>\n<p>Yo s\u00e9 que el t\u00e9rmino sinestesia no a todo el mundo le resulta familiar, pero es la mejor forma que encontr\u00e9 para que las personas no se limiten a ver \u00fanicamente lo que aparece en el lienzo, no solamente los dibujos, los colores, sino que miraran un poco m\u00e1s all\u00e1 de eso. Porque yo creo que siempre detr\u00e1s de una pintura hay siempre mucho m\u00e1s, hay ideas, hay energ\u00edas, hay alegr\u00edas, hay m\u00fasica, hay vivencias\u009d, cuenta la artista sobre esta serie.<\/p>\n<p>Momentos, creencias, sentimientos han sido plasmados en las 22 obras que Quiroga ha desarrollado para <strong>esta exhibici\u00f3n que se inaugurar\u00e1 ma\u00f1ana, a las 19:00, en la Casa de la Cultura, n\u00facleo del Guayas.<\/strong> Se\u00f1ala que ha abordado temas muy diversos en esta muestra, tratando de mantener un mismo estilo, en lo que prima la combinaci\u00f3n de colores brillantes, fuertes\u009d.<\/p>\n<p>Agrega que posiblemente tambi\u00e9n llevar\u00e1 a la exposici\u00f3n algunos de los trabajos que desarrolla bajo una marca de dise\u00f1o que ella maneja: LeQ\u00fa-Art, en la que plasma colores sobre muebles y accesorios de madera simples y cotidianos para convertirlos en piezas de arte exclusivas\u009d.<\/p>\n<div class=\"panel-pane pane-views pane-datos-nota-ampliada pane-node-body\">\n<div class=\"pane-content\">\n<div class=\"view view-datos-nota-ampliada view-id-datos_nota_ampliada view-display-id-block_11 view-dom-id-8237bab41b98e948f7f8a0281c9e80f6\">\n<div class=\"view-content\">\n<div class=\"views-row views-row-1 views-row-odd views-row-first views-row-last\">\n<div class=\"views-field views-field-body\">\n<div class=\"field-content\">\n<div class=\"field-name-body\">\n<p>Entre los materiales que la artista \u0093que hasta unos a\u00f1os laboraba en el campo de la odontolog\u00eda\u0093 emplea en esta muestra est\u00e1n las pinturas acr\u00edlicas, las maderas y los lienzos. Sin querer he ido formando mi propio estilo&#8230; a m\u00ed en cuanto a pintura me llama mucho la atenci\u00f3n t\u00e9cnicas o g\u00e9neros de pintura como el naif o el\u00a0<em>pop art<\/em>, el cubismo. Entonces he tratado de a\u00f1adir ciertos elementos de estos g\u00e9neros de pintura en mis cuadros, y de toda esta combinaci\u00f3n ha resultado un estilo\u009d, dice Quiroga, quien agrega que una de sus pinturas ser\u00e1 la portada de\u00a0<em>Bohemia,<\/em>\u00a0libro que el poeta argentino Alejandro Garc\u00eda publicar\u00e1 en junio. (I)<\/p>\n<p><strong>Exposici\u00f3n<br \/>\nPintura<\/strong><\/p>\n<p><strong>En el centro de urbe\u00a0<\/strong><br \/>\nLas obras que son parte de estar\u00e1n expuestas en la Casa de la Cultura, n\u00facleo del Guayas (av. 9 de Octubre y Pedro Moncayo). Estar\u00e1 abierta desde ma\u00f1ana hasta el 11 de mayo. (I)<\/p>\n<p>&nbsp;<\/p>\n<\/div>\n<\/div>\n<\/div>\n<\/div>\n<\/div>\n<\/div>\n<\/div>\n<\/div>\n<p>&nbsp;<\/p>\n<p><strong>Fuente: <\/strong><a href=\"https:\/\/www.eluniverso.com\/noticias\/2018\/04\/23\/nota\/6728196\/cubismo-realismo-magico-arte-pop-muestra\" target=\"_blank\" rel=\"noopener noreferrer\">https:\/\/www.eluniverso.com\/noticias\/2018\/04\/23\/nota\/6728196\/cubismo-realismo-magico-arte-pop-muestra<\/a><\/p>\n","protected":false},"excerpt":{"rendered":"<p>&nbsp; El uso de tonos fuertes, su enfoque en la asimetr\u00eda y la alteraci\u00f3n de la realidad son rasgos que caracterizan los trabajos de la pintora guayaquile\u00f1a Lorena Quiroga, quien ma\u00f1ana presentar\u00e1 su reciente producci\u00f3n denominada Sinestesia. Yo s\u00e9 que el t\u00e9rmino sinestesia no a todo el mundo le resulta familiar, pero es la mejor forma que encontr\u00e9 para que las personas no se limiten a ver \u00fanicamente lo que aparece en el lienzo, no solamente los dibujos, los colores, sino que miraran un poco m\u00e1s all\u00e1 de eso. Porque yo creo que siempre detr\u00e1s de una pintura hay siempre mucho m\u00e1s, hay ideas, hay energ\u00edas, hay alegr\u00edas, hay m\u00fasica, hay vivencias\u009d, cuenta la artista sobre esta serie. Momentos, creencias, sentimientos han sido plasmados en las 22 obras que Quiroga ha desarrollado para esta exhibici\u00f3n que se inaugurar\u00e1 ma\u00f1ana, a las 19:00, en la Casa de la Cultura, n\u00facleo del Guayas. Se\u00f1ala que ha abordado temas muy diversos en esta muestra, tratando de mantener un mismo estilo, en lo que prima la combinaci\u00f3n de colores brillantes, fuertes\u009d. Agrega que posiblemente tambi\u00e9n llevar\u00e1 a la exposici\u00f3n algunos de los trabajos que desarrolla bajo una marca de dise\u00f1o que ella maneja: LeQ\u00fa-Art, en la que plasma colores sobre muebles y accesorios de madera simples y cotidianos para convertirlos en piezas de arte exclusivas\u009d. Entre los materiales que la artista \u0093que hasta unos a\u00f1os laboraba en el campo de la odontolog\u00eda\u0093 emplea en esta muestra est\u00e1n las pinturas acr\u00edlicas, las maderas y los lienzos. Sin querer he ido formando mi propio estilo&#8230; a m\u00ed en cuanto a pintura me llama mucho la atenci\u00f3n t\u00e9cnicas o g\u00e9neros de pintura como el naif o el\u00a0pop art, el cubismo. Entonces he tratado de a\u00f1adir ciertos elementos de estos g\u00e9neros de pintura en mis cuadros, y de toda esta combinaci\u00f3n ha resultado un estilo\u009d, dice Quiroga, quien agrega que una de sus pinturas ser\u00e1 la portada de\u00a0Bohemia,\u00a0libro que el poeta argentino Alejandro Garc\u00eda publicar\u00e1 en junio. (I) Exposici\u00f3n Pintura En el centro de urbe\u00a0 Las obras que son parte de estar\u00e1n expuestas en la Casa de la Cultura, n\u00facleo del Guayas (av. 9 de Octubre y Pedro Moncayo). Estar\u00e1 abierta desde ma\u00f1ana hasta el 11 de mayo. (I) &nbsp; &nbsp; Fuente: https:\/\/www.eluniverso.com\/noticias\/2018\/04\/23\/nota\/6728196\/cubismo-realismo-magico-arte-pop-muestra<\/p>\n","protected":false},"author":1,"featured_media":248819,"comment_status":"open","ping_status":"open","sticky":false,"template":"","format":"standard","meta":[],"categories":[54,32,44,35,46],"tags":[],"_links":{"self":[{"href":"https:\/\/www.ecuadortimes.net\/es\/wp-json\/wp\/v2\/posts\/248818"}],"collection":[{"href":"https:\/\/www.ecuadortimes.net\/es\/wp-json\/wp\/v2\/posts"}],"about":[{"href":"https:\/\/www.ecuadortimes.net\/es\/wp-json\/wp\/v2\/types\/post"}],"author":[{"embeddable":true,"href":"https:\/\/www.ecuadortimes.net\/es\/wp-json\/wp\/v2\/users\/1"}],"replies":[{"embeddable":true,"href":"https:\/\/www.ecuadortimes.net\/es\/wp-json\/wp\/v2\/comments?post=248818"}],"version-history":[{"count":0,"href":"https:\/\/www.ecuadortimes.net\/es\/wp-json\/wp\/v2\/posts\/248818\/revisions"}],"wp:featuredmedia":[{"embeddable":true,"href":"https:\/\/www.ecuadortimes.net\/es\/wp-json\/wp\/v2\/media\/248819"}],"wp:attachment":[{"href":"https:\/\/www.ecuadortimes.net\/es\/wp-json\/wp\/v2\/media?parent=248818"}],"wp:term":[{"taxonomy":"category","embeddable":true,"href":"https:\/\/www.ecuadortimes.net\/es\/wp-json\/wp\/v2\/categories?post=248818"},{"taxonomy":"post_tag","embeddable":true,"href":"https:\/\/www.ecuadortimes.net\/es\/wp-json\/wp\/v2\/tags?post=248818"}],"curies":[{"name":"wp","href":"https:\/\/api.w.org\/{rel}","templated":true}]}}