{"id":253749,"date":"2019-06-21T00:00:00","date_gmt":"2019-06-21T00:00:00","guid":{"rendered":"https:\/\/www.ecuadortimes.net\/es\/presidente-moreno-pide-prudencia-y-responsabilidad-ante-dictamen-de-la-cc-para-el-matrimonio-civil-igualitario\/"},"modified":"2019-06-21T00:00:00","modified_gmt":"2019-06-21T00:00:00","slug":"presidente-moreno-pide-prudencia-y-responsabilidad-ante-dictamen-de-la-cc-para-el-matrimonio-civil-igualitario","status":"publish","type":"post","link":"https:\/\/www.ecuadortimes.net\/es\/presidente-moreno-pide-prudencia-y-responsabilidad-ante-dictamen-de-la-cc-para-el-matrimonio-civil-igualitario\/","title":{"rendered":"Presidente Moreno pide prudencia y responsabilidad ante dictamen de la CC para el matrimonio civil igualitario."},"content":{"rendered":"\n<figure class=\"wp-block-image\"><img src=\"https:\/\/www.ecuadortimes.net\/es\/wp-content\/uploads\/2019\/06\/Presidente-Moreno-pide-prudencia-y-responsabilidad-ante-dictamen-de-la-CC-para-el-matrimonio-civil-igualitario-_Ecuadortimes_Ecuadortimes.jpeg\" alt=\"\" class=\"wp-image-203908\"\/><\/figure>\n\n\n\n<p>El presidente de la Rep\u00fablica, Len\u00edn Moreno, en un mensaje televisado, pidi\u00f3 actuar con prudencia y responsabilidad con respecto del tema del dictamen de la Corte Constitucional (CC), que permite el matrimonio civil igualitario en el Ecuador. En ese tema, pedimos absoluta prudencia y actuar con responsabilidad. Velaremos por la protecci\u00f3n de los menores, por el derecho de las familias a decidir c\u00f3mo educarlos y formarlos para la vida\u009d, dijo Moreno en su intervenci\u00f3n realizada este jueves 20 de junio del 2019. La tolerancia y el respeto a las opiniones diversas, el cuidado de las familias como n\u00facleo fundamental y base de nuestra sociedad, son los principios que deben guiar nuestras acciones\u009d, agreg\u00f3 el mandatario.<\/p>\n\n\n\n<p> M\u00e1s all\u00e1 de mis propias opiniones y creencias, como Presidente respeto las decisiones de los \u00f3rganos del Estado. Velaremos por la familia y el derecho de los padres a decidir c\u00f3mo educar a sus hijos para la vida. Antepongamos siempre el bien com\u00fan y el respeto por los dem\u00e1s. <\/p>\n\n\n\n<p>pic.twitter.com\/RpsJ7nOMtQ \u0094 Len\u00edn Moreno (@Lenin) 21 de junio de 2019 El Presidente Moreno dijo tambi\u00e9n que su deseo es respetar las decisiones de la Corte Constitucional. Nuestro deber, como ciudadanos, y el m\u00edo mismo, como Presidente, es respetar las decisiones de todas las funciones y \u00f3rganos del Estado\u009d. El pasado 12 de junio, la CC aprob\u00f3 dos casos de matrimonio civil igualitario, para los casos de Efra\u00edn Soria y Javier Benalc\u00e1zar, as\u00ed como de Rub\u00e9n Salazar y Carlos Verdesoto, en una dictamen de 80 p\u00e1ginas. Esta es la intervenci\u00f3n del presidente, Len\u00edn Moreno: Compatriotas queridos<\/p>\n\n\n\n<p><strong>Fuente:<\/strong> <a href=\"https:\/\/www.elcomercio.com\/actualidad\/presidente-moreno-prudencia-matrimonio-igualitario.html\">https:\/\/www.elcomercio.com\/actualidad\/presidente-moreno-prudencia-matrimonio-igualitario.html<\/a><\/p>\n","protected":false},"excerpt":{"rendered":"<p>El presidente de la Rep\u00fablica, Len\u00edn Moreno, en un mensaje televisado, pidi\u00f3 actuar con prudencia y responsabilidad con respecto del tema del dictamen de la Corte Constitucional (CC), que permite el matrimonio civil igualitario en el Ecuador. En ese tema, pedimos absoluta prudencia y actuar con responsabilidad. Velaremos por la protecci\u00f3n de los menores, por el derecho de las familias a decidir c\u00f3mo educarlos y formarlos para la vida\u009d, dijo Moreno en su intervenci\u00f3n realizada este jueves 20 de junio del 2019. La tolerancia y el respeto a las opiniones diversas, el cuidado de las familias como n\u00facleo fundamental y base de nuestra sociedad, son los principios que deben guiar nuestras acciones\u009d, agreg\u00f3 el mandatario. M\u00e1s all\u00e1 de mis propias opiniones y creencias, como Presidente respeto las decisiones de los \u00f3rganos del Estado. Velaremos por la familia y el derecho de los padres a decidir c\u00f3mo educar a sus hijos para la vida. Antepongamos siempre el bien com\u00fan y el respeto por los dem\u00e1s. pic.twitter.com\/RpsJ7nOMtQ \u0094 Len\u00edn Moreno (@Lenin) 21 de junio de 2019 El Presidente Moreno dijo tambi\u00e9n que su deseo es respetar las decisiones de la Corte Constitucional. Nuestro deber, como ciudadanos, y el m\u00edo mismo, como Presidente, es respetar las decisiones de todas las funciones y \u00f3rganos del Estado\u009d. El pasado 12 de junio, la CC aprob\u00f3 dos casos de matrimonio civil igualitario, para los casos de Efra\u00edn Soria y Javier Benalc\u00e1zar, as\u00ed como de Rub\u00e9n Salazar y Carlos Verdesoto, en una dictamen de 80 p\u00e1ginas. Esta es la intervenci\u00f3n del presidente, Len\u00edn Moreno: Compatriotas queridos Fuente: https:\/\/www.elcomercio.com\/actualidad\/presidente-moreno-prudencia-matrimonio-igualitario.html<\/p>\n","protected":false},"author":1,"featured_media":253750,"comment_status":"open","ping_status":"open","sticky":false,"template":"","format":"standard","meta":[],"categories":[54,32,40],"tags":[],"_links":{"self":[{"href":"https:\/\/www.ecuadortimes.net\/es\/wp-json\/wp\/v2\/posts\/253749"}],"collection":[{"href":"https:\/\/www.ecuadortimes.net\/es\/wp-json\/wp\/v2\/posts"}],"about":[{"href":"https:\/\/www.ecuadortimes.net\/es\/wp-json\/wp\/v2\/types\/post"}],"author":[{"embeddable":true,"href":"https:\/\/www.ecuadortimes.net\/es\/wp-json\/wp\/v2\/users\/1"}],"replies":[{"embeddable":true,"href":"https:\/\/www.ecuadortimes.net\/es\/wp-json\/wp\/v2\/comments?post=253749"}],"version-history":[{"count":0,"href":"https:\/\/www.ecuadortimes.net\/es\/wp-json\/wp\/v2\/posts\/253749\/revisions"}],"wp:featuredmedia":[{"embeddable":true,"href":"https:\/\/www.ecuadortimes.net\/es\/wp-json\/wp\/v2\/media\/253750"}],"wp:attachment":[{"href":"https:\/\/www.ecuadortimes.net\/es\/wp-json\/wp\/v2\/media?parent=253749"}],"wp:term":[{"taxonomy":"category","embeddable":true,"href":"https:\/\/www.ecuadortimes.net\/es\/wp-json\/wp\/v2\/categories?post=253749"},{"taxonomy":"post_tag","embeddable":true,"href":"https:\/\/www.ecuadortimes.net\/es\/wp-json\/wp\/v2\/tags?post=253749"}],"curies":[{"name":"wp","href":"https:\/\/api.w.org\/{rel}","templated":true}]}}