{"id":253893,"date":"2019-08-23T16:17:07","date_gmt":"2019-08-23T16:17:07","guid":{"rendered":"https:\/\/www.ecuadortimes.net\/es\/?p=253893"},"modified":"2019-08-23T16:29:08","modified_gmt":"2019-08-23T16:29:08","slug":"ecuador-rehabilitara-200-mil-hectareas-de-cacao-gracias-a-la-inversion-de-estados-unidos","status":"publish","type":"post","link":"https:\/\/www.ecuadortimes.net\/es\/ecuador-rehabilitara-200-mil-hectareas-de-cacao-gracias-a-la-inversion-de-estados-unidos\/","title":{"rendered":"Ecuador rehabilitar\u00e1 200 mil hect\u00e1reas de cacao gracias a la inversi\u00f3n de Estados Unidos"},"content":{"rendered":"<p>Este ser\u00e1 uno de los objetivos de la cooperaci\u00f3n de Estados Unidos a trav\u00e9s de un programa de fortalecimiento en el que invertir\u00e1 $ 1,5 millones.<\/p>\n<p>Alcanzar un programa de comercializaci\u00f3n adecuado para cubrir los costos operativos en la producci\u00f3n de cacao es la mayor preocupaci\u00f3n del sector cacaotero ecuatoriano.<\/p>\n<p><img loading=\"lazy\" class=\"aligncenter size-full wp-image-253894\" src=\"https:\/\/www.ecuadortimes.net\/es\/wp-content\/uploads\/2019\/08\/inversion-estados-unidos-ecuador-200-hectareas-cacao.jpg\" alt=\"\" width=\"800\" height=\"377\" \/><\/p>\n<p>Con la firma de esta cooperaci\u00f3n m\u00e1s de 5.000 productores del sector se beneficiar\u00e1n a trav\u00e9s del programa Maximizando Oportunidades en Caf\u00e9 y Cacao en las Am\u00e9ricas (Mocca).<\/p>\n<p>El embajador J. Fitzpatrick agreg\u00f3 que su pa\u00eds colocar\u00e1 $ 1,5 millones para fortalecer las relaciones comerciales entre ambos pa\u00edses, puesto que Ecuador es el tercer proveedor de cacao al mercado estadounidense.<\/p>\n<p>Entre las actividades que el programa incluye constan la capacitaci\u00f3n a productores; el fomento de las relaciones entre compradores y vendedores; investigaci\u00f3n y difusi\u00f3n; acceso a financiamiento; mejoras de servicios por las asociaciones comerciales y apoyo a las plataformas nacionales y regionales.<\/p>\n<p>Fuente: El Tel\u00e9grafo<\/p>\n","protected":false},"excerpt":{"rendered":"<p>Este ser\u00e1 uno de los objetivos de la cooperaci\u00f3n de Estados Unidos a trav\u00e9s de un programa de fortalecimiento en el que invertir\u00e1 $ 1,5 millones. Alcanzar un programa de comercializaci\u00f3n adecuado para cubrir los costos operativos en la producci\u00f3n de cacao es la mayor preocupaci\u00f3n del sector cacaotero ecuatoriano. Con la firma de esta cooperaci\u00f3n m\u00e1s de 5.000 productores del sector se beneficiar\u00e1n a trav\u00e9s del programa Maximizando Oportunidades en Caf\u00e9 y Cacao en las Am\u00e9ricas (Mocca). El embajador J. Fitzpatrick agreg\u00f3 que su pa\u00eds colocar\u00e1 $ 1,5 millones para fortalecer las relaciones comerciales entre ambos pa\u00edses, puesto que Ecuador es el tercer proveedor de cacao al mercado estadounidense. Entre las actividades que el programa incluye constan la capacitaci\u00f3n a productores; el fomento de las relaciones entre compradores y vendedores; investigaci\u00f3n y difusi\u00f3n; acceso a financiamiento; mejoras de servicios por las asociaciones comerciales y apoyo a las plataformas nacionales y regionales. Fuente: El Tel\u00e9grafo<\/p>\n","protected":false},"author":1,"featured_media":253894,"comment_status":"closed","ping_status":"closed","sticky":false,"template":"","format":"standard","meta":[],"categories":[43,23],"tags":[],"_links":{"self":[{"href":"https:\/\/www.ecuadortimes.net\/es\/wp-json\/wp\/v2\/posts\/253893"}],"collection":[{"href":"https:\/\/www.ecuadortimes.net\/es\/wp-json\/wp\/v2\/posts"}],"about":[{"href":"https:\/\/www.ecuadortimes.net\/es\/wp-json\/wp\/v2\/types\/post"}],"author":[{"embeddable":true,"href":"https:\/\/www.ecuadortimes.net\/es\/wp-json\/wp\/v2\/users\/1"}],"replies":[{"embeddable":true,"href":"https:\/\/www.ecuadortimes.net\/es\/wp-json\/wp\/v2\/comments?post=253893"}],"version-history":[{"count":2,"href":"https:\/\/www.ecuadortimes.net\/es\/wp-json\/wp\/v2\/posts\/253893\/revisions"}],"predecessor-version":[{"id":253896,"href":"https:\/\/www.ecuadortimes.net\/es\/wp-json\/wp\/v2\/posts\/253893\/revisions\/253896"}],"wp:featuredmedia":[{"embeddable":true,"href":"https:\/\/www.ecuadortimes.net\/es\/wp-json\/wp\/v2\/media\/253894"}],"wp:attachment":[{"href":"https:\/\/www.ecuadortimes.net\/es\/wp-json\/wp\/v2\/media?parent=253893"}],"wp:term":[{"taxonomy":"category","embeddable":true,"href":"https:\/\/www.ecuadortimes.net\/es\/wp-json\/wp\/v2\/categories?post=253893"},{"taxonomy":"post_tag","embeddable":true,"href":"https:\/\/www.ecuadortimes.net\/es\/wp-json\/wp\/v2\/tags?post=253893"}],"curies":[{"name":"wp","href":"https:\/\/api.w.org\/{rel}","templated":true}]}}