{"id":254302,"date":"2019-10-04T18:37:24","date_gmt":"2019-10-04T18:37:24","guid":{"rendered":"https:\/\/www.ecuadortimes.net\/es\/?p=254302"},"modified":"2019-10-04T18:37:24","modified_gmt":"2019-10-04T18:37:24","slug":"dirigente-de-transporte-jorge-calderon-fue-detenido-por-paralizacion-del-servicio-publico","status":"publish","type":"post","link":"https:\/\/www.ecuadortimes.net\/es\/dirigente-de-transporte-jorge-calderon-fue-detenido-por-paralizacion-del-servicio-publico\/","title":{"rendered":"Dirigente de transporte, Jorge Calder\u00f3n, fue detenido por paralizaci\u00f3n del servicio p\u00fablico"},"content":{"rendered":"<p>Dirigentes del sector de la transportaci\u00f3n fueron detenidos este viernes 4 de octubre. Jorge Calder\u00f3n, presidente de la Federaci\u00f3n de Taxistas, Mes\u00edas Vicu\u00f1a, Secretario del Sindicato de Choferes Profesionales del Azuay; y, Manolo Sol\u00eds, presidente de la C\u00e1mara de Transporte de Cuenca fueron aprehendidos por las autoridades.<\/p>\n<div id=\"attachment_254303\" style=\"width: 772px\" class=\"wp-caption aligncenter\"><img aria-describedby=\"caption-attachment-254303\" loading=\"lazy\" class=\"size-full wp-image-254303\" src=\"https:\/\/www.ecuadortimes.net\/es\/wp-content\/uploads\/2019\/10\/ecuador-news-jorge-calderon-taxist-leader.jpg\" alt=\"\" width=\"762\" height=\"428\" \/><p id=\"caption-attachment-254303\" class=\"wp-caption-text\">Dirigente de transporte, Jorge Calder\u00f3n, fue detenido por paralizaci\u00f3n del servicio p\u00fablico<\/p><\/div>\n<p>En el caso de Carlder\u00f3n, el anuncio lo hizo la ministra de Gobierno Mar\u00eda Paula Romo desde su cuenta de Twitter. \u201cHace minutos la Polic\u00eda Ecuador ha procedido a la detenci\u00f3n de Jorge Calder\u00f3n por el delito de paralizaci\u00f3n de servicio p\u00fablico. Ser\u00e1 puesto de inmediato a \u00f3rdenes de la justicia\u201d, indic\u00f3. Romo aprovech\u00f3 para recordar el Art. 346 del C\u00f3digo Org\u00e1nico Integral Penal donde consta que \u201cla personas que impida, entorpezca o paralice la normal prestaci\u00f3n de un servicio p\u00fablico o se resista violentamente al restablecimiento del mismo; o, se tome por la fuerza un edificio o instalaci\u00f3n p\u00fablica, ser\u00e1 sancionada con pena privativa de la libertad de uno a tres a\u00f1os\u201d.<\/p>\n<p>En el caso de Vicu\u00f1a y Sol\u00eds, el hecho lo confirm\u00f3 el gobernador Xavier Mart\u00ednez, quien adujo que fue en apego a la Constituci\u00f3n y la Ley. Los domicilios de los dirigentes fueron allanados a la 03h50 de este viernes 4 de octubre con orden de un Juez. Adem\u00e1s, explic\u00f3 que los detenidos, quienes fueron trasladados a al Complejo Judicial, ser\u00edan procesados por el delito de \u2018paralizaci\u00f3n del servicio p\u00fablico de transporte\u2019.<\/p>\n<p>La autoridad provincial advirti\u00f3 que se actuar\u00e1 de la misma manera y en apego a la Ley, contra quienes a\u00fan mantienen bloqueados los accesos a Cuenca y la provincia.<\/p>\n<p>A las 07h55, un informe del Sistema Integrado de Seguridad Ecu-911 daba cuenta que al menos unos ocho accesos a Cuenca, continuaban bloqueados con taxis cruzados en las v\u00edas.<\/p>\n<p>Igual situaci\u00f3n se presentaba en los sectores de Molleturo, Cuenca-Gir\u00f3n-Pasaje y Cuenca Loja, donde se han cruzado veh\u00edculos pesados y material p\u00e9treo.<\/p>\n<p>https:\/\/www.expreso.ec\/actualidad\/dirigentes-transporte-detenidos-protestas-NC3172348<\/p>\n","protected":false},"excerpt":{"rendered":"<p>Dirigentes del sector de la transportaci\u00f3n fueron detenidos este viernes 4 de octubre. Jorge Calder\u00f3n, presidente de la Federaci\u00f3n de Taxistas, Mes\u00edas Vicu\u00f1a, Secretario del Sindicato de Choferes Profesionales del Azuay; y, Manolo Sol\u00eds, presidente de la C\u00e1mara de Transporte de Cuenca fueron aprehendidos por las autoridades. En el caso de Carlder\u00f3n, el anuncio lo hizo la ministra de Gobierno Mar\u00eda Paula Romo desde su cuenta de Twitter. \u201cHace minutos la Polic\u00eda Ecuador ha procedido a la detenci\u00f3n de Jorge Calder\u00f3n por el delito de paralizaci\u00f3n de servicio p\u00fablico. Ser\u00e1 puesto de inmediato a \u00f3rdenes de la justicia\u201d, indic\u00f3. Romo aprovech\u00f3 para recordar el Art. 346 del C\u00f3digo Org\u00e1nico Integral Penal donde consta que \u201cla personas que impida, entorpezca o paralice la normal prestaci\u00f3n de un servicio p\u00fablico o se resista violentamente al restablecimiento del mismo; o, se tome por la fuerza un edificio o instalaci\u00f3n p\u00fablica, ser\u00e1 sancionada con pena privativa de la libertad de uno a tres a\u00f1os\u201d. En el caso de Vicu\u00f1a y Sol\u00eds, el hecho lo confirm\u00f3 el gobernador Xavier Mart\u00ednez, quien adujo que fue en apego a la Constituci\u00f3n y la Ley. Los domicilios de los dirigentes fueron allanados a la 03h50 de este viernes 4 de octubre con orden de un Juez. Adem\u00e1s, explic\u00f3 que los detenidos, quienes fueron trasladados a al Complejo Judicial, ser\u00edan procesados por el delito de \u2018paralizaci\u00f3n del servicio p\u00fablico de transporte\u2019. La autoridad provincial advirti\u00f3 que se actuar\u00e1 de la misma manera y en apego a la Ley, contra quienes a\u00fan mantienen bloqueados los accesos a Cuenca y la provincia. A las 07h55, un informe del Sistema Integrado de Seguridad Ecu-911 daba cuenta que al menos unos ocho accesos a Cuenca, continuaban bloqueados con taxis cruzados en las v\u00edas. Igual situaci\u00f3n se presentaba en los sectores de Molleturo, Cuenca-Gir\u00f3n-Pasaje y Cuenca Loja, donde se han cruzado veh\u00edculos pesados y material p\u00e9treo. https:\/\/www.expreso.ec\/actualidad\/dirigentes-transporte-detenidos-protestas-NC3172348<\/p>\n","protected":false},"author":1,"featured_media":254303,"comment_status":"closed","ping_status":"closed","sticky":false,"template":"","format":"standard","meta":[],"categories":[40,35,24],"tags":[],"_links":{"self":[{"href":"https:\/\/www.ecuadortimes.net\/es\/wp-json\/wp\/v2\/posts\/254302"}],"collection":[{"href":"https:\/\/www.ecuadortimes.net\/es\/wp-json\/wp\/v2\/posts"}],"about":[{"href":"https:\/\/www.ecuadortimes.net\/es\/wp-json\/wp\/v2\/types\/post"}],"author":[{"embeddable":true,"href":"https:\/\/www.ecuadortimes.net\/es\/wp-json\/wp\/v2\/users\/1"}],"replies":[{"embeddable":true,"href":"https:\/\/www.ecuadortimes.net\/es\/wp-json\/wp\/v2\/comments?post=254302"}],"version-history":[{"count":1,"href":"https:\/\/www.ecuadortimes.net\/es\/wp-json\/wp\/v2\/posts\/254302\/revisions"}],"predecessor-version":[{"id":254304,"href":"https:\/\/www.ecuadortimes.net\/es\/wp-json\/wp\/v2\/posts\/254302\/revisions\/254304"}],"wp:featuredmedia":[{"embeddable":true,"href":"https:\/\/www.ecuadortimes.net\/es\/wp-json\/wp\/v2\/media\/254303"}],"wp:attachment":[{"href":"https:\/\/www.ecuadortimes.net\/es\/wp-json\/wp\/v2\/media?parent=254302"}],"wp:term":[{"taxonomy":"category","embeddable":true,"href":"https:\/\/www.ecuadortimes.net\/es\/wp-json\/wp\/v2\/categories?post=254302"},{"taxonomy":"post_tag","embeddable":true,"href":"https:\/\/www.ecuadortimes.net\/es\/wp-json\/wp\/v2\/tags?post=254302"}],"curies":[{"name":"wp","href":"https:\/\/api.w.org\/{rel}","templated":true}]}}