{"id":254317,"date":"2019-10-07T16:42:04","date_gmt":"2019-10-07T16:42:04","guid":{"rendered":"https:\/\/www.ecuadortimes.net\/es\/?p=254317"},"modified":"2019-10-07T16:42:04","modified_gmt":"2019-10-07T16:42:04","slug":"no-hay-clases-en-escuelas-y-colegios-de-la-sierra-el-lunes-7-de-octubre-del-2019","status":"publish","type":"post","link":"https:\/\/www.ecuadortimes.net\/es\/no-hay-clases-en-escuelas-y-colegios-de-la-sierra-el-lunes-7-de-octubre-del-2019\/","title":{"rendered":"No hay clases en escuelas y colegios de la Sierra el lunes 7 de octubre del 2019"},"content":{"rendered":"<p>A las 17:40 de este domingo 6 de octubre del 2019 el Gobierno anunci\u00f3 que no se reanudar\u00e1n las clases en la Sierra ma\u00f1ana, lunes 7 de octubre del 2019, como se hab\u00eda anunciado la noche del s\u00e1bado en cadena nacional.<\/p>\n<p>&#8220;En virtud de garantizar la seguridad y precautelar la integridad de ni\u00f1o, ni\u00f1as y adolescentes se ha dispuesto mantener suspendidas las clases en el r\u00e9gimen Sierra este lunes 7 de octubre del 2019&#8221;, se\u00f1al\u00f3 este domingo el Gobierno de Len\u00edn Moreno.<\/p>\n<div id=\"attachment_254318\" style=\"width: 622px\" class=\"wp-caption aligncenter\"><img aria-describedby=\"caption-attachment-254318\" loading=\"lazy\" class=\"size-full wp-image-254318\" src=\"https:\/\/www.ecuadortimes.net\/es\/wp-content\/uploads\/2019\/10\/ecuador-news-no-classes-highlands-monday-october-7th.jpg\" alt=\"\" width=\"612\" height=\"340\" \/><p id=\"caption-attachment-254318\" class=\"wp-caption-text\">No hay clases en escuelas y colegios de la Sierra el lunes 7 de octubre del 2019<\/p><\/div>\n<p>Alrededor de 4,4 millones de ni\u00f1os y adolescentes estudian en planteles p\u00fablicos y privados del pa\u00eds.<\/p>\n<p>De ellos: 1,9 millones, en el r\u00e9gimen Sierra, que empez\u00f3 el nuevo ciclo, la primera semana de septiembre, hace un mes.<\/p>\n<p>El jueves 3 y viernes 4 se suspendieran las actividades por el paro de transportistas. Ma\u00f1ana, las autoridades de cada instituci\u00f3n educativa deb\u00edan informar a los distritos c\u00f3mo recuperar\u00e1n los dos d\u00edas perdidos.<\/p>\n<p>Los planteles suelen trabajar los s\u00e1bados o incluso realizar diferentes actividades como ma\u00f1anas deportivas, etc.<\/p>\n<p>Vinicio Aldaz, de Corpeducar y en representaci\u00f3n de los gremios de colegios privados, dijo que est\u00e1n pendientes de las decisiones de la autoridad educativa nacional. Pero dijo que est\u00e1n listos para poner en marcha los planes de emergencia, que cada plantel posee.<\/p>\n<p>A las 15:13, la Secretar\u00eda de Educaci\u00f3n Superior (Senescyt) inform\u00f3 en un comunicado que en el marco de la autonom\u00eda universitaria y del estado de excepci\u00f3n que vive el pa\u00eds, recomienda a las instituciones (universidades, polit\u00e9cnicas e institutos) realizar un an\u00e1lisis de seguridad y movilidad de cada provincia, para retomar las actividades acad\u00e9micas, teniendo como prioridad salvaguardar la integridad de los estudiantes.<\/p>\n<p>&#8220;Las autoridades educativas evaluar\u00e1n las situaciones en estas zonas durante las pr\u00f3ximas 24 horas e informar\u00e1n oportunamente por canales oficiales la reanudaci\u00f3n de las actividades educativas&#8221;, agreg\u00f3 el comunicado.<\/p>\n<p>Fuente: https:\/\/www.elcomercio.com\/actualidad\/suspension-clases-sierra-paro-indigenas.html<\/p>\n","protected":false},"excerpt":{"rendered":"<p>A las 17:40 de este domingo 6 de octubre del 2019 el Gobierno anunci\u00f3 que no se reanudar\u00e1n las clases en la Sierra ma\u00f1ana, lunes 7 de octubre del 2019, como se hab\u00eda anunciado la noche del s\u00e1bado en cadena nacional. &#8220;En virtud de garantizar la seguridad y precautelar la integridad de ni\u00f1o, ni\u00f1as y adolescentes se ha dispuesto mantener suspendidas las clases en el r\u00e9gimen Sierra este lunes 7 de octubre del 2019&#8221;, se\u00f1al\u00f3 este domingo el Gobierno de Len\u00edn Moreno. Alrededor de 4,4 millones de ni\u00f1os y adolescentes estudian en planteles p\u00fablicos y privados del pa\u00eds. De ellos: 1,9 millones, en el r\u00e9gimen Sierra, que empez\u00f3 el nuevo ciclo, la primera semana de septiembre, hace un mes. El jueves 3 y viernes 4 se suspendieran las actividades por el paro de transportistas. Ma\u00f1ana, las autoridades de cada instituci\u00f3n educativa deb\u00edan informar a los distritos c\u00f3mo recuperar\u00e1n los dos d\u00edas perdidos. Los planteles suelen trabajar los s\u00e1bados o incluso realizar diferentes actividades como ma\u00f1anas deportivas, etc. Vinicio Aldaz, de Corpeducar y en representaci\u00f3n de los gremios de colegios privados, dijo que est\u00e1n pendientes de las decisiones de la autoridad educativa nacional. Pero dijo que est\u00e1n listos para poner en marcha los planes de emergencia, que cada plantel posee. A las 15:13, la Secretar\u00eda de Educaci\u00f3n Superior (Senescyt) inform\u00f3 en un comunicado que en el marco de la autonom\u00eda universitaria y del estado de excepci\u00f3n que vive el pa\u00eds, recomienda a las instituciones (universidades, polit\u00e9cnicas e institutos) realizar un an\u00e1lisis de seguridad y movilidad de cada provincia, para retomar las actividades acad\u00e9micas, teniendo como prioridad salvaguardar la integridad de los estudiantes. &#8220;Las autoridades educativas evaluar\u00e1n las situaciones en estas zonas durante las pr\u00f3ximas 24 horas e informar\u00e1n oportunamente por canales oficiales la reanudaci\u00f3n de las actividades educativas&#8221;, agreg\u00f3 el comunicado. Fuente: https:\/\/www.elcomercio.com\/actualidad\/suspension-clases-sierra-paro-indigenas.html<\/p>\n","protected":false},"author":1,"featured_media":254318,"comment_status":"closed","ping_status":"closed","sticky":false,"template":"","format":"standard","meta":[],"categories":[35,24],"tags":[],"_links":{"self":[{"href":"https:\/\/www.ecuadortimes.net\/es\/wp-json\/wp\/v2\/posts\/254317"}],"collection":[{"href":"https:\/\/www.ecuadortimes.net\/es\/wp-json\/wp\/v2\/posts"}],"about":[{"href":"https:\/\/www.ecuadortimes.net\/es\/wp-json\/wp\/v2\/types\/post"}],"author":[{"embeddable":true,"href":"https:\/\/www.ecuadortimes.net\/es\/wp-json\/wp\/v2\/users\/1"}],"replies":[{"embeddable":true,"href":"https:\/\/www.ecuadortimes.net\/es\/wp-json\/wp\/v2\/comments?post=254317"}],"version-history":[{"count":1,"href":"https:\/\/www.ecuadortimes.net\/es\/wp-json\/wp\/v2\/posts\/254317\/revisions"}],"predecessor-version":[{"id":254319,"href":"https:\/\/www.ecuadortimes.net\/es\/wp-json\/wp\/v2\/posts\/254317\/revisions\/254319"}],"wp:featuredmedia":[{"embeddable":true,"href":"https:\/\/www.ecuadortimes.net\/es\/wp-json\/wp\/v2\/media\/254318"}],"wp:attachment":[{"href":"https:\/\/www.ecuadortimes.net\/es\/wp-json\/wp\/v2\/media?parent=254317"}],"wp:term":[{"taxonomy":"category","embeddable":true,"href":"https:\/\/www.ecuadortimes.net\/es\/wp-json\/wp\/v2\/categories?post=254317"},{"taxonomy":"post_tag","embeddable":true,"href":"https:\/\/www.ecuadortimes.net\/es\/wp-json\/wp\/v2\/tags?post=254317"}],"curies":[{"name":"wp","href":"https:\/\/api.w.org\/{rel}","templated":true}]}}