{"id":254320,"date":"2019-10-07T16:55:45","date_gmt":"2019-10-07T16:55:45","guid":{"rendered":"https:\/\/www.ecuadortimes.net\/es\/?p=254320"},"modified":"2019-10-07T16:56:33","modified_gmt":"2019-10-07T16:56:33","slug":"intendencia-controla-precios-en-el-mercado","status":"publish","type":"post","link":"https:\/\/www.ecuadortimes.net\/es\/intendencia-controla-precios-en-el-mercado\/","title":{"rendered":"Intendencia controla precios en el mercado"},"content":{"rendered":"<p>Los controles de precios en los mercados de Quito dejaron como saldo dos comerciantes detenidos, en el Mercado Mayorista, sector sur de Quito.<\/p>\n<p>La Intendencia de Pichincha realiz\u00f3 operativos de control desde el viernes, con el fin de verificar que los precios de los productos no suban su valor.<\/p>\n<div id=\"attachment_254321\" style=\"width: 1210px\" class=\"wp-caption aligncenter\"><img aria-describedby=\"caption-attachment-254321\" loading=\"lazy\" class=\"size-full wp-image-254321\" src=\"https:\/\/www.ecuadortimes.net\/es\/wp-content\/uploads\/2019\/10\/ecuador-news-intendance-controls-market-prices.jpg\" alt=\"\" width=\"1200\" height=\"566\" \/><p id=\"caption-attachment-254321\" class=\"wp-caption-text\">Intendencia controla precios en el mercado<\/p><\/div>\n<p>La comisaria Andrea Jim\u00e9nez, mencion\u00f3 que algunos productos no tienen variaci\u00f3n, entre ellos la mora y la pi\u00f1a.<\/p>\n<p>Los productos de la Sierra como el choclo, la papa, entre otros, s\u00ed tienen incrementos.<\/p>\n<p>Cristian Paredes, subintendente de Pichincha, mencion\u00f3 que los controles ser\u00e1n diarios y que en los mercados mayoristas hay mayores problemas.<\/p>\n<p>En Guayaquil, en el mercado Mayorista de Montebello, los ciudadanos se quejaron de que los productos eran vendidos a precios elevados, sobre todo la papa: una libra que antes la consegu\u00edan desde $ 0,25 a $ 0,30 la compraron a $ 0,70 y $ 0,80.<\/p>\n<p>El gobernador del Guayas, Pedro Pablo Duart, asegur\u00f3 que del 3 al 6 de octubre se han realizado 153 operativos.<\/p>\n<p>\u201cLos controles dejaron 27 detenidos. Desde el primer d\u00eda nos comprometimos en hacer respetar el bolsillo de los ciudadanos. No se va a permitir que se especule\u201d.<\/p>\n<p>En Montebello, la ma\u00f1ana de ayer, detuvieron a cuatro comerciantes y un d\u00eda antes, a nueve personas por la contravenci\u00f3n contemplada en el art\u00edculo 321 del C\u00f3digo Org\u00e1nico Integral Penal.<\/p>\n<p>La normativa establece que la persona que, sin autorizaci\u00f3n legal, incremente los valores de los productos sujetos a precios oficiales, ser\u00e1 sancionada con pena privativa de libertad de 15 a 30 d\u00edas.<\/p>\n<p>Fuente: https:\/\/www.eltelegrafo.com.ec\/noticias\/politica\/3\/intendencia-controla-precios-mercados<\/p>\n","protected":false},"excerpt":{"rendered":"<p>Los controles de precios en los mercados de Quito dejaron como saldo dos comerciantes detenidos, en el Mercado Mayorista, sector sur de Quito. La Intendencia de Pichincha realiz\u00f3 operativos de control desde el viernes, con el fin de verificar que los precios de los productos no suban su valor. La comisaria Andrea Jim\u00e9nez, mencion\u00f3 que algunos productos no tienen variaci\u00f3n, entre ellos la mora y la pi\u00f1a. Los productos de la Sierra como el choclo, la papa, entre otros, s\u00ed tienen incrementos. Cristian Paredes, subintendente de Pichincha, mencion\u00f3 que los controles ser\u00e1n diarios y que en los mercados mayoristas hay mayores problemas. En Guayaquil, en el mercado Mayorista de Montebello, los ciudadanos se quejaron de que los productos eran vendidos a precios elevados, sobre todo la papa: una libra que antes la consegu\u00edan desde $ 0,25 a $ 0,30 la compraron a $ 0,70 y $ 0,80. El gobernador del Guayas, Pedro Pablo Duart, asegur\u00f3 que del 3 al 6 de octubre se han realizado 153 operativos. \u201cLos controles dejaron 27 detenidos. Desde el primer d\u00eda nos comprometimos en hacer respetar el bolsillo de los ciudadanos. No se va a permitir que se especule\u201d. En Montebello, la ma\u00f1ana de ayer, detuvieron a cuatro comerciantes y un d\u00eda antes, a nueve personas por la contravenci\u00f3n contemplada en el art\u00edculo 321 del C\u00f3digo Org\u00e1nico Integral Penal. La normativa establece que la persona que, sin autorizaci\u00f3n legal, incremente los valores de los productos sujetos a precios oficiales, ser\u00e1 sancionada con pena privativa de libertad de 15 a 30 d\u00edas. Fuente: https:\/\/www.eltelegrafo.com.ec\/noticias\/politica\/3\/intendencia-controla-precios-mercados<\/p>\n","protected":false},"author":1,"featured_media":254321,"comment_status":"closed","ping_status":"closed","sticky":false,"template":"","format":"standard","meta":[],"categories":[40,35,24],"tags":[],"_links":{"self":[{"href":"https:\/\/www.ecuadortimes.net\/es\/wp-json\/wp\/v2\/posts\/254320"}],"collection":[{"href":"https:\/\/www.ecuadortimes.net\/es\/wp-json\/wp\/v2\/posts"}],"about":[{"href":"https:\/\/www.ecuadortimes.net\/es\/wp-json\/wp\/v2\/types\/post"}],"author":[{"embeddable":true,"href":"https:\/\/www.ecuadortimes.net\/es\/wp-json\/wp\/v2\/users\/1"}],"replies":[{"embeddable":true,"href":"https:\/\/www.ecuadortimes.net\/es\/wp-json\/wp\/v2\/comments?post=254320"}],"version-history":[{"count":2,"href":"https:\/\/www.ecuadortimes.net\/es\/wp-json\/wp\/v2\/posts\/254320\/revisions"}],"predecessor-version":[{"id":254323,"href":"https:\/\/www.ecuadortimes.net\/es\/wp-json\/wp\/v2\/posts\/254320\/revisions\/254323"}],"wp:featuredmedia":[{"embeddable":true,"href":"https:\/\/www.ecuadortimes.net\/es\/wp-json\/wp\/v2\/media\/254321"}],"wp:attachment":[{"href":"https:\/\/www.ecuadortimes.net\/es\/wp-json\/wp\/v2\/media?parent=254320"}],"wp:term":[{"taxonomy":"category","embeddable":true,"href":"https:\/\/www.ecuadortimes.net\/es\/wp-json\/wp\/v2\/categories?post=254320"},{"taxonomy":"post_tag","embeddable":true,"href":"https:\/\/www.ecuadortimes.net\/es\/wp-json\/wp\/v2\/tags?post=254320"}],"curies":[{"name":"wp","href":"https:\/\/api.w.org\/{rel}","templated":true}]}}