{"id":254473,"date":"2019-10-25T21:23:06","date_gmt":"2019-10-25T21:23:06","guid":{"rendered":"https:\/\/www.ecuadortimes.net\/es\/?p=254473"},"modified":"2019-10-25T21:23:06","modified_gmt":"2019-10-25T21:23:06","slug":"empresarios-europeos-dispuestos-a-invertir-80-millones-en-ecuador","status":"publish","type":"post","link":"https:\/\/www.ecuadortimes.net\/es\/empresarios-europeos-dispuestos-a-invertir-80-millones-en-ecuador\/","title":{"rendered":"Empresarios europeos dispuestos a invertir $ 80 millones en Ecuador"},"content":{"rendered":"<p>Frank Buysse quien cre\u00f3 Buysse &amp; Partners, una compa\u00f1\u00eda de B\u00e9lgica dedicada a invertir, lleg\u00f3 al pa\u00eds acompa\u00f1ado de uno de sus socios, Guy Mertens.<\/p>\n<p>Ambos pertenecen al grupo de empresarios que desean invertir y tienen como socio local a Campana Organization, liderada por el exministro Pablo Campana.<\/p>\n<div id=\"attachment_254474\" style=\"width: 810px\" class=\"wp-caption aligncenter\"><img aria-describedby=\"caption-attachment-254474\" loading=\"lazy\" class=\"size-full wp-image-254474\" src=\"https:\/\/www.ecuadortimes.net\/es\/wp-content\/uploads\/2019\/10\/ecuador-news-frank-buysse-european-inversionist-80-millon-dollars.jpg\" alt=\"\" width=\"800\" height=\"533\" \/><p id=\"caption-attachment-254474\" class=\"wp-caption-text\">Empresarios europeos dispuestos a invertir $ 80 millones en Ecuador<\/p><\/div>\n<p>Buysse asegur\u00f3 que la inversi\u00f3n que realizar\u00e1n en el pa\u00eds superar\u00e1 los $ 80 millones y que observa que en Ecuador existe la suficiente confianza para destinar ese monto.<\/p>\n<p>Tambi\u00e9n dijo que se percat\u00f3 que el sector inmobiliario no era el \u00fanico en donde se pueden hacer inversiones y que est\u00e1n explorando nuevas opciones como el campo de la salud, log\u00edstica, vivienda social, comercio y agroindustria.<\/p>\n<p>\u201cEn este pa\u00eds tenemos una relaci\u00f3n muy s\u00f3lida con Campana Organization y eso nos da confianza\u201d. En cambio Mertens se refiri\u00f3 a que Ecuador y B\u00e9lgica tienen muchas similitudes y destac\u00f3 la \u00e9tica de los ecuatorianos.<\/p>\n<p>\u201cSon personas con mucha energ\u00eda que siempre est\u00e1n en busca de nuevas oportunidades\u201d. Campana asegur\u00f3 que este tipo de alianzas con inversionistas extranjeros permiten atraer inversi\u00f3n, generar proyectos importantes y crear nuevos empleos.<\/p>\n<p>Record\u00f3 que sectores como el de la construcci\u00f3n, inmobiliario y tur\u00edstico son espacios que dinamizan la econom\u00eda del pa\u00eds.<\/p>\n<p>\u201cEn la mente del inversionista extranjero no est\u00e1 Ecuador. Por ello, los ecuatorianos tenemos que generar la demanda. Elaborar proyectos factibles, planes de acci\u00f3n y gesti\u00f3n de proyectos.<\/p>\n<p>Es responsabilidad del sector privado y p\u00fablico hacer atractivo al pa\u00eds\u201d. Los inversionistas europeos que visitan el pa\u00eds forman parte de un grupo de empresarios que ya han participado en proyectos de Campana Organization.<\/p>\n<p>Ellos cumplen una agenda en donde destaca la colocaci\u00f3n de la primera piedra del edificio Platinum II ubicado en el mega proyecto Millenium Tower en la Aurora, cant\u00f3n Daule, y el corte de cinta simb\u00f3lico del edificio Solaris.<\/p>\n<p><a href=\"https:\/\/www.eltelegrafo.com.ec\/noticias\/economia\/4\/empresarios-europa-ecuador\">https:\/\/www.eltelegrafo.com.ec\/noticias\/economia\/4\/empresarios-europa-ecuador<\/a><\/p>\n","protected":false},"excerpt":{"rendered":"<p>Frank Buysse quien cre\u00f3 Buysse &amp; Partners, una compa\u00f1\u00eda de B\u00e9lgica dedicada a invertir, lleg\u00f3 al pa\u00eds acompa\u00f1ado de uno de sus socios, Guy Mertens. Ambos pertenecen al grupo de empresarios que desean invertir y tienen como socio local a Campana Organization, liderada por el exministro Pablo Campana. Buysse asegur\u00f3 que la inversi\u00f3n que realizar\u00e1n en el pa\u00eds superar\u00e1 los $ 80 millones y que observa que en Ecuador existe la suficiente confianza para destinar ese monto. Tambi\u00e9n dijo que se percat\u00f3 que el sector inmobiliario no era el \u00fanico en donde se pueden hacer inversiones y que est\u00e1n explorando nuevas opciones como el campo de la salud, log\u00edstica, vivienda social, comercio y agroindustria. \u201cEn este pa\u00eds tenemos una relaci\u00f3n muy s\u00f3lida con Campana Organization y eso nos da confianza\u201d. En cambio Mertens se refiri\u00f3 a que Ecuador y B\u00e9lgica tienen muchas similitudes y destac\u00f3 la \u00e9tica de los ecuatorianos. \u201cSon personas con mucha energ\u00eda que siempre est\u00e1n en busca de nuevas oportunidades\u201d. Campana asegur\u00f3 que este tipo de alianzas con inversionistas extranjeros permiten atraer inversi\u00f3n, generar proyectos importantes y crear nuevos empleos. Record\u00f3 que sectores como el de la construcci\u00f3n, inmobiliario y tur\u00edstico son espacios que dinamizan la econom\u00eda del pa\u00eds. \u201cEn la mente del inversionista extranjero no est\u00e1 Ecuador. Por ello, los ecuatorianos tenemos que generar la demanda. Elaborar proyectos factibles, planes de acci\u00f3n y gesti\u00f3n de proyectos. Es responsabilidad del sector privado y p\u00fablico hacer atractivo al pa\u00eds\u201d. Los inversionistas europeos que visitan el pa\u00eds forman parte de un grupo de empresarios que ya han participado en proyectos de Campana Organization. Ellos cumplen una agenda en donde destaca la colocaci\u00f3n de la primera piedra del edificio Platinum II ubicado en el mega proyecto Millenium Tower en la Aurora, cant\u00f3n Daule, y el corte de cinta simb\u00f3lico del edificio Solaris. https:\/\/www.eltelegrafo.com.ec\/noticias\/economia\/4\/empresarios-europa-ecuador<\/p>\n","protected":false},"author":1,"featured_media":254474,"comment_status":"closed","ping_status":"closed","sticky":false,"template":"","format":"standard","meta":[],"categories":[43,24],"tags":[],"_links":{"self":[{"href":"https:\/\/www.ecuadortimes.net\/es\/wp-json\/wp\/v2\/posts\/254473"}],"collection":[{"href":"https:\/\/www.ecuadortimes.net\/es\/wp-json\/wp\/v2\/posts"}],"about":[{"href":"https:\/\/www.ecuadortimes.net\/es\/wp-json\/wp\/v2\/types\/post"}],"author":[{"embeddable":true,"href":"https:\/\/www.ecuadortimes.net\/es\/wp-json\/wp\/v2\/users\/1"}],"replies":[{"embeddable":true,"href":"https:\/\/www.ecuadortimes.net\/es\/wp-json\/wp\/v2\/comments?post=254473"}],"version-history":[{"count":1,"href":"https:\/\/www.ecuadortimes.net\/es\/wp-json\/wp\/v2\/posts\/254473\/revisions"}],"predecessor-version":[{"id":254475,"href":"https:\/\/www.ecuadortimes.net\/es\/wp-json\/wp\/v2\/posts\/254473\/revisions\/254475"}],"wp:featuredmedia":[{"embeddable":true,"href":"https:\/\/www.ecuadortimes.net\/es\/wp-json\/wp\/v2\/media\/254474"}],"wp:attachment":[{"href":"https:\/\/www.ecuadortimes.net\/es\/wp-json\/wp\/v2\/media?parent=254473"}],"wp:term":[{"taxonomy":"category","embeddable":true,"href":"https:\/\/www.ecuadortimes.net\/es\/wp-json\/wp\/v2\/categories?post=254473"},{"taxonomy":"post_tag","embeddable":true,"href":"https:\/\/www.ecuadortimes.net\/es\/wp-json\/wp\/v2\/tags?post=254473"}],"curies":[{"name":"wp","href":"https:\/\/api.w.org\/{rel}","templated":true}]}}