{"id":254779,"date":"2019-12-02T14:22:23","date_gmt":"2019-12-02T14:22:23","guid":{"rendered":"https:\/\/www.ecuadortimes.net\/es\/?p=254779"},"modified":"2019-12-02T14:22:23","modified_gmt":"2019-12-02T14:22:23","slug":"la-onu-respalda-el-accionar-del-gobierno-ecuatoriano-en-favor-de-la-democracia","status":"publish","type":"post","link":"https:\/\/www.ecuadortimes.net\/es\/la-onu-respalda-el-accionar-del-gobierno-ecuatoriano-en-favor-de-la-democracia\/","title":{"rendered":"La ONU respalda el accionar del gobierno ecuatoriano en favor de la democracia"},"content":{"rendered":"<p>El presidente de Ecuador, Len\u00edn Moreno, se encuentra en Madrid para asistir a la cumbre del clima COP25, donde se reunir\u00e1 con las m\u00e1ximas autoridades del pa\u00eds europeo. Moreno viaj\u00f3 en horas de la tarde de s\u00e1bado y permanecer\u00e1 en Espa\u00f1a hasta el mi\u00e9rcoles 4 de diciembre, fecha en que regresar\u00e1 al pa\u00eds.<\/p>\n<div id=\"attachment_254780\" style=\"width: 1204px\" class=\"wp-caption aligncenter\"><img aria-describedby=\"caption-attachment-254780\" loading=\"lazy\" class=\"size-full wp-image-254780\" src=\"https:\/\/www.ecuadortimes.net\/es\/wp-content\/uploads\/2019\/12\/ecuador-news-lenin-moreno-antonio-guterres-un-secretary.jpg\" alt=\"\" width=\"1194\" height=\"562\" \/><p id=\"caption-attachment-254780\" class=\"wp-caption-text\">En el marco de COP25 Madrid, el presidente Len\u00edn Moreno se reuni\u00f3 con Ant\u00f3nio Guterres, secretario General de la ONU.<\/p><\/div>\n<p>La capital espa\u00f1ola alberga la cumbre del clima al no haber podido celebrarse en Santiago de Chile, como estaba previsto inicialmente, debido a las protestas sociales que tiene lugar hace m\u00e1s de cuarenta d\u00edas.<\/p>\n<p>Moreno encabeza una comitiva que integran el canciller Jos\u00e9 Valencia, el ministro del Ambiente, Ra\u00fal Ledesma, y los secretarios particular de la Presidencia, Juan Sebasti\u00e1n Rold\u00e1n, y de Comunicaci\u00f3n de la Presidencia, Gabriel Arroba.<\/p>\n<p>Tambi\u00e9n acompa\u00f1ar\u00e1n al presidente su esposa, Roc\u00edo de Moreno, presidenta del Comit\u00e9 Interinstitucional del Plan gubernamental &#8220;Toda Una Vida&#8221;, y el embajador ecuatoriano en Espa\u00f1a, Crist\u00f3bal Rold\u00e1n.<\/p>\n<p>La agenda del Primer Mandatario de este domingo incluy\u00f3 la reuni\u00f3n con el secretario general de las Naciones Unidas, Ant\u00f3nio Guterres, en la que analizaron cuestiones medioambientales y la relaci\u00f3n de Ecuador y ONU.<\/p>\n<p>El canciller ecuatoriano, Jos\u00e9 Valencia, tambi\u00e9n particip\u00f3 en la cita y destac\u00f3 que la reuni\u00f3n fue positiva y fruct\u00edfera. \u201cLas Naciones Unidas respaldan al cien por ciento la defensa del orden democr\u00e1tico, que es lo \u00fanico que garantiza una plena vigencia de la defensa de los derechos\u201d, afirm\u00f3.<\/p>\n<p>Asimismo, manifest\u00f3 que, frente a los hechos suscitados en el mes de octubre, la fuerza p\u00fablica actu\u00f3 en apego irrestricto a la ley, precautelando el respeto a los derechos humanos, y aprovech\u00f3 para precisar que el pa\u00eds presentar\u00e1 informaci\u00f3n adicional a los organismos internacionales, respecto a la transparencia del accionar del Estado frente a grupos violentos.<\/p>\n<p>En esta cita bilateral tambi\u00e9n se expusieron las acciones que est\u00e1 implementando Ecuador para el cuidado del medio ambiente; entre ellas, la reducci\u00f3n de la tasa de deforestaci\u00f3n al 48,6% en las dos \u00faltimas d\u00e9cadas y la existencia de 59 \u00e1reas protegidas, que corresponden al 14% del territorio nacional.<\/p>\n<p>El Jefe de Estado, previo a la cita con Guterres, fue recibido por un grupo numeroso de migrantes ecuatorianos, quienes demostraron su apoyo y agradecimiento por la asesor\u00eda jur\u00eddica gratuita en temas hipotecarios.<\/p>\n<p>La compatriota Ximena Salazar, por ejemplo, destac\u00f3 la importancia de la participaci\u00f3n del Primer Mandatario en la Cumbre de la ONU por su alta trascendencia internacional.<\/p>\n<p>\u201cNos da much\u00edsima ilusi\u00f3n de que el Presidente est\u00e9 aqu\u00ed, sobre todo por algo tan importante que es representarnos a todos los ecuatorianos en una cumbre tan necesaria para el pa\u00eds y para el mundo\u201d, expres\u00f3.<\/p>\n<p>En la Cumbre, Moreno reiterar\u00e1 el compromiso del pa\u00eds en limitar las emisiones de gases de efecto invernadero, en concordancia con la convenci\u00f3n de la ONU sobre cambio clim\u00e1tico, y con el acuerdo de Par\u00eds.<\/p>\n<p><a href=\"https:\/\/www.eltelegrafo.com.ec\/noticias\/politica\/3\/cop25-moreno-espana\">https:\/\/www.eltelegrafo.com.ec\/noticias\/politica\/3\/cop25-moreno-espana<\/a><\/p>\n","protected":false},"excerpt":{"rendered":"<p>El presidente de Ecuador, Len\u00edn Moreno, se encuentra en Madrid para asistir a la cumbre del clima COP25, donde se reunir\u00e1 con las m\u00e1ximas autoridades del pa\u00eds europeo. Moreno viaj\u00f3 en horas de la tarde de s\u00e1bado y permanecer\u00e1 en Espa\u00f1a hasta el mi\u00e9rcoles 4 de diciembre, fecha en que regresar\u00e1 al pa\u00eds. La capital espa\u00f1ola alberga la cumbre del clima al no haber podido celebrarse en Santiago de Chile, como estaba previsto inicialmente, debido a las protestas sociales que tiene lugar hace m\u00e1s de cuarenta d\u00edas. Moreno encabeza una comitiva que integran el canciller Jos\u00e9 Valencia, el ministro del Ambiente, Ra\u00fal Ledesma, y los secretarios particular de la Presidencia, Juan Sebasti\u00e1n Rold\u00e1n, y de Comunicaci\u00f3n de la Presidencia, Gabriel Arroba. Tambi\u00e9n acompa\u00f1ar\u00e1n al presidente su esposa, Roc\u00edo de Moreno, presidenta del Comit\u00e9 Interinstitucional del Plan gubernamental &#8220;Toda Una Vida&#8221;, y el embajador ecuatoriano en Espa\u00f1a, Crist\u00f3bal Rold\u00e1n. La agenda del Primer Mandatario de este domingo incluy\u00f3 la reuni\u00f3n con el secretario general de las Naciones Unidas, Ant\u00f3nio Guterres, en la que analizaron cuestiones medioambientales y la relaci\u00f3n de Ecuador y ONU. El canciller ecuatoriano, Jos\u00e9 Valencia, tambi\u00e9n particip\u00f3 en la cita y destac\u00f3 que la reuni\u00f3n fue positiva y fruct\u00edfera. \u201cLas Naciones Unidas respaldan al cien por ciento la defensa del orden democr\u00e1tico, que es lo \u00fanico que garantiza una plena vigencia de la defensa de los derechos\u201d, afirm\u00f3. Asimismo, manifest\u00f3 que, frente a los hechos suscitados en el mes de octubre, la fuerza p\u00fablica actu\u00f3 en apego irrestricto a la ley, precautelando el respeto a los derechos humanos, y aprovech\u00f3 para precisar que el pa\u00eds presentar\u00e1 informaci\u00f3n adicional a los organismos internacionales, respecto a la transparencia del accionar del Estado frente a grupos violentos. En esta cita bilateral tambi\u00e9n se expusieron las acciones que est\u00e1 implementando Ecuador para el cuidado del medio ambiente; entre ellas, la reducci\u00f3n de la tasa de deforestaci\u00f3n al 48,6% en las dos \u00faltimas d\u00e9cadas y la existencia de 59 \u00e1reas protegidas, que corresponden al 14% del territorio nacional. El Jefe de Estado, previo a la cita con Guterres, fue recibido por un grupo numeroso de migrantes ecuatorianos, quienes demostraron su apoyo y agradecimiento por la asesor\u00eda jur\u00eddica gratuita en temas hipotecarios. La compatriota Ximena Salazar, por ejemplo, destac\u00f3 la importancia de la participaci\u00f3n del Primer Mandatario en la Cumbre de la ONU por su alta trascendencia internacional. \u201cNos da much\u00edsima ilusi\u00f3n de que el Presidente est\u00e9 aqu\u00ed, sobre todo por algo tan importante que es representarnos a todos los ecuatorianos en una cumbre tan necesaria para el pa\u00eds y para el mundo\u201d, expres\u00f3. En la Cumbre, Moreno reiterar\u00e1 el compromiso del pa\u00eds en limitar las emisiones de gases de efecto invernadero, en concordancia con la convenci\u00f3n de la ONU sobre cambio clim\u00e1tico, y con el acuerdo de Par\u00eds. https:\/\/www.eltelegrafo.com.ec\/noticias\/politica\/3\/cop25-moreno-espana<\/p>\n","protected":false},"author":1,"featured_media":254780,"comment_status":"closed","ping_status":"closed","sticky":false,"template":"","format":"standard","meta":[],"categories":[40,23],"tags":[],"_links":{"self":[{"href":"https:\/\/www.ecuadortimes.net\/es\/wp-json\/wp\/v2\/posts\/254779"}],"collection":[{"href":"https:\/\/www.ecuadortimes.net\/es\/wp-json\/wp\/v2\/posts"}],"about":[{"href":"https:\/\/www.ecuadortimes.net\/es\/wp-json\/wp\/v2\/types\/post"}],"author":[{"embeddable":true,"href":"https:\/\/www.ecuadortimes.net\/es\/wp-json\/wp\/v2\/users\/1"}],"replies":[{"embeddable":true,"href":"https:\/\/www.ecuadortimes.net\/es\/wp-json\/wp\/v2\/comments?post=254779"}],"version-history":[{"count":1,"href":"https:\/\/www.ecuadortimes.net\/es\/wp-json\/wp\/v2\/posts\/254779\/revisions"}],"predecessor-version":[{"id":254781,"href":"https:\/\/www.ecuadortimes.net\/es\/wp-json\/wp\/v2\/posts\/254779\/revisions\/254781"}],"wp:featuredmedia":[{"embeddable":true,"href":"https:\/\/www.ecuadortimes.net\/es\/wp-json\/wp\/v2\/media\/254780"}],"wp:attachment":[{"href":"https:\/\/www.ecuadortimes.net\/es\/wp-json\/wp\/v2\/media?parent=254779"}],"wp:term":[{"taxonomy":"category","embeddable":true,"href":"https:\/\/www.ecuadortimes.net\/es\/wp-json\/wp\/v2\/categories?post=254779"},{"taxonomy":"post_tag","embeddable":true,"href":"https:\/\/www.ecuadortimes.net\/es\/wp-json\/wp\/v2\/tags?post=254779"}],"curies":[{"name":"wp","href":"https:\/\/api.w.org\/{rel}","templated":true}]}}