{"id":254791,"date":"2019-12-03T15:37:29","date_gmt":"2019-12-03T15:37:29","guid":{"rendered":"https:\/\/www.ecuadortimes.net\/es\/?p=254791"},"modified":"2019-12-03T15:37:29","modified_gmt":"2019-12-03T15:37:29","slug":"tasa-de-deforestacion-en-el-pais-baja-un-48","status":"publish","type":"post","link":"https:\/\/www.ecuadortimes.net\/es\/tasa-de-deforestacion-en-el-pais-baja-un-48\/","title":{"rendered":"Tasa de deforestaci\u00f3n en el pa\u00eds baja un 48%"},"content":{"rendered":"<p>El presidente Len\u00edn Moreno expuso en la Conferencia de Cambio Clim\u00e1tico de la Organizaci\u00f3n de Naciones Unidas (COP25), que se realiza en Espa\u00f1a, las acciones que implementa el pa\u00eds para proteger el medio ambiente.<\/p>\n<div id=\"attachment_254792\" style=\"width: 1207px\" class=\"wp-caption aligncenter\"><img aria-describedby=\"caption-attachment-254792\" loading=\"lazy\" class=\"size-full wp-image-254792\" src=\"https:\/\/www.ecuadortimes.net\/es\/wp-content\/uploads\/2019\/12\/ecuador-news-deforestation-48-percent.jpg\" alt=\"\" width=\"1197\" height=\"563\" \/><p id=\"caption-attachment-254792\" class=\"wp-caption-text\">Tasa de deforestaci\u00f3n en el pa\u00eds baja un 48%<\/p><\/div>\n<p>Moreno habl\u00f3 ante representantes y Jefes de Estado de alrededor de 200 pa\u00edses sobre el Plan de Descarbonizaci\u00f3n al 2050 que involucra al Gobierno, sector privado y sociedad civil.<\/p>\n<p>Resalt\u00f3 la reducci\u00f3n del 48,6% de la tasa de deforestaci\u00f3n, lo que permiti\u00f3 al Ecuador el reconocimiento internacional y la adjudicaci\u00f3n de $ 31 millones por el logro. Recalc\u00f3 la voluntad del Gobierno de fortalecer las 59 \u00e1reas protegidas, que corresponden al 14% del territorio.<\/p>\n<p>\u201cQueremos que nuestros hermanos amaz\u00f3nicos tengan herramientas y negocios sostenibles, para una vida digna, sin da\u00f1ar la naturaleza\u201d. Tambi\u00e9n dijo que se analiza la ampliaci\u00f3n de la zona protegida de las islas Gal\u00e1pagos.<\/p>\n<p>\u201cCuidaremos del patrimonio en beneficio de la humanidad, la poblaci\u00f3n local y su biodiversidad\u201d, asegur\u00f3.<\/p>\n<p>Por estos esfuerzos de conservaci\u00f3n, el archipi\u00e9lago alcanz\u00f3 el premio Destino Sostenible de las Am\u00e9ricas. Moreno se refiri\u00f3 al di\u00e1logo que inici\u00f3 en el pa\u00eds para focalizar los subsidios a los combustibles, como medida para reducir la contaminaci\u00f3n y la emisi\u00f3n de carbono.<\/p>\n<p>El Mandatario afirm\u00f3 que se tomar\u00e1 una decisi\u00f3n sin afectar a los sectores m\u00e1s necesitados.<\/p>\n<p>\u201cAdem\u00e1s de que esos combustibles contaminan, los subsidios favorecen el contrabando y el narcotr\u00e1fico\u201d, expres\u00f3.<\/p>\n<p>Jos\u00e9 Dom\u00ednguez, secretario de Energ\u00eda de Espa\u00f1a, dijo que el Gobierno ecuatoriano ha tomado importantes decisiones en la lucha contra el calentamiento global, que deben ser reconocidas y agradecidas a escala mundial.<\/p>\n<p>En el marco de esta cumbre que termina este martes 3 de diciembre de 2019, el Presidente se reuni\u00f3 con el rey Felipe VI de Espa\u00f1a en el Palacio Real antes de una recepci\u00f3n ofrecida, junto con la reina Letizia a los jefes de Estado y de Gobierno asistentes a la conferencia mundial.<\/p>\n<p>Tambi\u00e9n mantuvo un encuentro con el presidente espa\u00f1ol Pedro S\u00e1nchez, quien le expres\u00f3 su preocupaci\u00f3n por \u201cel intento de desestabilizaci\u00f3n que vivi\u00f3 el pa\u00eds y ofreci\u00f3 su apoyo\u201d.<\/p>\n<p>La reuni\u00f3n del COP25 espera alcanzar el compromiso para que las naciones involucradas alcancen la meta de neutralidad de emisiones de carbono para el 2050.<\/p>\n<p><a href=\"https:\/\/www.eltelegrafo.com.ec\/noticias\/politica\/3\/ecuador-deforestacion-cop25\">https:\/\/www.eltelegrafo.com.ec\/noticias\/politica\/3\/ecuador-deforestacion-cop25<\/a><\/p>\n","protected":false},"excerpt":{"rendered":"<p>El presidente Len\u00edn Moreno expuso en la Conferencia de Cambio Clim\u00e1tico de la Organizaci\u00f3n de Naciones Unidas (COP25), que se realiza en Espa\u00f1a, las acciones que implementa el pa\u00eds para proteger el medio ambiente. Moreno habl\u00f3 ante representantes y Jefes de Estado de alrededor de 200 pa\u00edses sobre el Plan de Descarbonizaci\u00f3n al 2050 que involucra al Gobierno, sector privado y sociedad civil. Resalt\u00f3 la reducci\u00f3n del 48,6% de la tasa de deforestaci\u00f3n, lo que permiti\u00f3 al Ecuador el reconocimiento internacional y la adjudicaci\u00f3n de $ 31 millones por el logro. Recalc\u00f3 la voluntad del Gobierno de fortalecer las 59 \u00e1reas protegidas, que corresponden al 14% del territorio. \u201cQueremos que nuestros hermanos amaz\u00f3nicos tengan herramientas y negocios sostenibles, para una vida digna, sin da\u00f1ar la naturaleza\u201d. Tambi\u00e9n dijo que se analiza la ampliaci\u00f3n de la zona protegida de las islas Gal\u00e1pagos. \u201cCuidaremos del patrimonio en beneficio de la humanidad, la poblaci\u00f3n local y su biodiversidad\u201d, asegur\u00f3. Por estos esfuerzos de conservaci\u00f3n, el archipi\u00e9lago alcanz\u00f3 el premio Destino Sostenible de las Am\u00e9ricas. Moreno se refiri\u00f3 al di\u00e1logo que inici\u00f3 en el pa\u00eds para focalizar los subsidios a los combustibles, como medida para reducir la contaminaci\u00f3n y la emisi\u00f3n de carbono. El Mandatario afirm\u00f3 que se tomar\u00e1 una decisi\u00f3n sin afectar a los sectores m\u00e1s necesitados. \u201cAdem\u00e1s de que esos combustibles contaminan, los subsidios favorecen el contrabando y el narcotr\u00e1fico\u201d, expres\u00f3. Jos\u00e9 Dom\u00ednguez, secretario de Energ\u00eda de Espa\u00f1a, dijo que el Gobierno ecuatoriano ha tomado importantes decisiones en la lucha contra el calentamiento global, que deben ser reconocidas y agradecidas a escala mundial. En el marco de esta cumbre que termina este martes 3 de diciembre de 2019, el Presidente se reuni\u00f3 con el rey Felipe VI de Espa\u00f1a en el Palacio Real antes de una recepci\u00f3n ofrecida, junto con la reina Letizia a los jefes de Estado y de Gobierno asistentes a la conferencia mundial. Tambi\u00e9n mantuvo un encuentro con el presidente espa\u00f1ol Pedro S\u00e1nchez, quien le expres\u00f3 su preocupaci\u00f3n por \u201cel intento de desestabilizaci\u00f3n que vivi\u00f3 el pa\u00eds y ofreci\u00f3 su apoyo\u201d. La reuni\u00f3n del COP25 espera alcanzar el compromiso para que las naciones involucradas alcancen la meta de neutralidad de emisiones de carbono para el 2050. https:\/\/www.eltelegrafo.com.ec\/noticias\/politica\/3\/ecuador-deforestacion-cop25<\/p>\n","protected":false},"author":1,"featured_media":254792,"comment_status":"closed","ping_status":"closed","sticky":false,"template":"","format":"standard","meta":[],"categories":[40,23],"tags":[],"_links":{"self":[{"href":"https:\/\/www.ecuadortimes.net\/es\/wp-json\/wp\/v2\/posts\/254791"}],"collection":[{"href":"https:\/\/www.ecuadortimes.net\/es\/wp-json\/wp\/v2\/posts"}],"about":[{"href":"https:\/\/www.ecuadortimes.net\/es\/wp-json\/wp\/v2\/types\/post"}],"author":[{"embeddable":true,"href":"https:\/\/www.ecuadortimes.net\/es\/wp-json\/wp\/v2\/users\/1"}],"replies":[{"embeddable":true,"href":"https:\/\/www.ecuadortimes.net\/es\/wp-json\/wp\/v2\/comments?post=254791"}],"version-history":[{"count":1,"href":"https:\/\/www.ecuadortimes.net\/es\/wp-json\/wp\/v2\/posts\/254791\/revisions"}],"predecessor-version":[{"id":254793,"href":"https:\/\/www.ecuadortimes.net\/es\/wp-json\/wp\/v2\/posts\/254791\/revisions\/254793"}],"wp:featuredmedia":[{"embeddable":true,"href":"https:\/\/www.ecuadortimes.net\/es\/wp-json\/wp\/v2\/media\/254792"}],"wp:attachment":[{"href":"https:\/\/www.ecuadortimes.net\/es\/wp-json\/wp\/v2\/media?parent=254791"}],"wp:term":[{"taxonomy":"category","embeddable":true,"href":"https:\/\/www.ecuadortimes.net\/es\/wp-json\/wp\/v2\/categories?post=254791"},{"taxonomy":"post_tag","embeddable":true,"href":"https:\/\/www.ecuadortimes.net\/es\/wp-json\/wp\/v2\/tags?post=254791"}],"curies":[{"name":"wp","href":"https:\/\/api.w.org\/{rel}","templated":true}]}}