{"id":254797,"date":"2019-12-03T15:51:23","date_gmt":"2019-12-03T15:51:23","guid":{"rendered":"https:\/\/www.ecuadortimes.net\/es\/?p=254797"},"modified":"2019-12-03T15:51:23","modified_gmt":"2019-12-03T15:51:23","slug":"bancos-firman-acuerdo-de-inclusion-y-sostenibilidad","status":"publish","type":"post","link":"https:\/\/www.ecuadortimes.net\/es\/bancos-firman-acuerdo-de-inclusion-y-sostenibilidad\/","title":{"rendered":"Bancos firman acuerdo de inclusi\u00f3n y sostenibilidad"},"content":{"rendered":"<p id=\"m100-99-101\" class=\"paragraph \">Que m\u00e1s personas se sumen a los servicios financieros es vital para el desarrollo de la econom\u00eda y para crear oportunidades que a\u00fan no tienen millones de personas de acceder a una cuenta, una tarjeta y otros servicios que prestan las entidades del sistema financiero.<\/p>\n<div id=\"attachment_254798\" style=\"width: 710px\" class=\"wp-caption aligncenter\"><img aria-describedby=\"caption-attachment-254798\" loading=\"lazy\" class=\"size-full wp-image-254798\" src=\"https:\/\/www.ecuadortimes.net\/es\/wp-content\/uploads\/2019\/12\/ecuador-news-bank-signed-inclusion-clause.jpeg\" alt=\"\" width=\"700\" height=\"402\" \/><p id=\"caption-attachment-254798\" class=\"wp-caption-text\">Bancos firman acuerdo de inclusi\u00f3n y sostenibilidad<\/p><\/div>\n<p id=\"m105-104-106\" class=\"paragraph \">Hoy, 2 de diciembre de 2019, la Asociaci\u00f3n de Bancos Privados del Ecuador (Asobanca) y la Federaci\u00f3n Latinoamericana de Bancos Privasos (Felaban) se suben a tren de la inclusi\u00f3n y sostenibilidad con la firma del Acuerdo Principios de Banca Responsable, en Quito.<\/p>\n<p id=\"m110-109-111\" class=\"paragraph \">Este acuerdo se ubica en el marco del V Congreso Latinoamericano de Educaci\u00f3n e Inclusi\u00f3n Financiera (Cleif).<\/p>\n<p id=\"m115-114-116\" class=\"paragraph \">As\u00ed, Ecuador se convierte en el pa\u00eds con la mayor cantidad de bancos adheridos en grupo a este acuerdo, promovido por la Iniciativa Financiera del Programa de Naciones Unidas para el Ambiente (UNEP).<\/p>\n<p id=\"m120-119-121\" class=\"paragraph \">En total, son nueve los bancos: Bolivariano. Citi, Diners, Rumi\u00f1ahui, Guayaquil, Machala, Pichincha, Produbanco, Solidario. Un grupo adicional de instituciones est\u00e1 en proceso de adhesi\u00f3n.<\/p>\n<p id=\"m125-124-126\" class=\"paragraph \">Por otro lado, son seis los principios del Acuerdo. Compromiso con los Objetivos de Desarrollo Sostenible y el Acuerdo de Par\u00eds sobre cambio clim\u00e1tico. Impacto que incremente acciones positivas y reduzca las negativas. Enfoque en los clientes para generar pr\u00e1cticas sostenibles con los p\u00fablicos externos. Gobernanza y fijaci\u00f3n de objetivos hacia la implementaci\u00f3n de compromisos con p\u00fablicos internos. Transparencia y responsabilidad del seguimiento a la aplicaci\u00f3n y evoluci\u00f3n de elos compromisos asumidos.<\/p>\n<p><a href=\"https:\/\/www.expreso.ec\/actualidad\/economia\/banca-sube-tren-inclusion-609.html\">https:\/\/www.expreso.ec\/actualidad\/economia\/banca-sube-tren-inclusion-609.html<\/a><\/p>\n","protected":false},"excerpt":{"rendered":"<p>Que m\u00e1s personas se sumen a los servicios financieros es vital para el desarrollo de la econom\u00eda y para crear oportunidades que a\u00fan no tienen millones de personas de acceder a una cuenta, una tarjeta y otros servicios que prestan las entidades del sistema financiero. Hoy, 2 de diciembre de 2019, la Asociaci\u00f3n de Bancos Privados del Ecuador (Asobanca) y la Federaci\u00f3n Latinoamericana de Bancos Privasos (Felaban) se suben a tren de la inclusi\u00f3n y sostenibilidad con la firma del Acuerdo Principios de Banca Responsable, en Quito. Este acuerdo se ubica en el marco del V Congreso Latinoamericano de Educaci\u00f3n e Inclusi\u00f3n Financiera (Cleif). As\u00ed, Ecuador se convierte en el pa\u00eds con la mayor cantidad de bancos adheridos en grupo a este acuerdo, promovido por la Iniciativa Financiera del Programa de Naciones Unidas para el Ambiente (UNEP). En total, son nueve los bancos: Bolivariano. Citi, Diners, Rumi\u00f1ahui, Guayaquil, Machala, Pichincha, Produbanco, Solidario. Un grupo adicional de instituciones est\u00e1 en proceso de adhesi\u00f3n. Por otro lado, son seis los principios del Acuerdo. Compromiso con los Objetivos de Desarrollo Sostenible y el Acuerdo de Par\u00eds sobre cambio clim\u00e1tico. Impacto que incremente acciones positivas y reduzca las negativas. Enfoque en los clientes para generar pr\u00e1cticas sostenibles con los p\u00fablicos externos. Gobernanza y fijaci\u00f3n de objetivos hacia la implementaci\u00f3n de compromisos con p\u00fablicos internos. Transparencia y responsabilidad del seguimiento a la aplicaci\u00f3n y evoluci\u00f3n de elos compromisos asumidos. https:\/\/www.expreso.ec\/actualidad\/economia\/banca-sube-tren-inclusion-609.html<\/p>\n","protected":false},"author":1,"featured_media":254798,"comment_status":"closed","ping_status":"closed","sticky":false,"template":"","format":"standard","meta":[],"categories":[43,24],"tags":[],"_links":{"self":[{"href":"https:\/\/www.ecuadortimes.net\/es\/wp-json\/wp\/v2\/posts\/254797"}],"collection":[{"href":"https:\/\/www.ecuadortimes.net\/es\/wp-json\/wp\/v2\/posts"}],"about":[{"href":"https:\/\/www.ecuadortimes.net\/es\/wp-json\/wp\/v2\/types\/post"}],"author":[{"embeddable":true,"href":"https:\/\/www.ecuadortimes.net\/es\/wp-json\/wp\/v2\/users\/1"}],"replies":[{"embeddable":true,"href":"https:\/\/www.ecuadortimes.net\/es\/wp-json\/wp\/v2\/comments?post=254797"}],"version-history":[{"count":1,"href":"https:\/\/www.ecuadortimes.net\/es\/wp-json\/wp\/v2\/posts\/254797\/revisions"}],"predecessor-version":[{"id":254799,"href":"https:\/\/www.ecuadortimes.net\/es\/wp-json\/wp\/v2\/posts\/254797\/revisions\/254799"}],"wp:featuredmedia":[{"embeddable":true,"href":"https:\/\/www.ecuadortimes.net\/es\/wp-json\/wp\/v2\/media\/254798"}],"wp:attachment":[{"href":"https:\/\/www.ecuadortimes.net\/es\/wp-json\/wp\/v2\/media?parent=254797"}],"wp:term":[{"taxonomy":"category","embeddable":true,"href":"https:\/\/www.ecuadortimes.net\/es\/wp-json\/wp\/v2\/categories?post=254797"},{"taxonomy":"post_tag","embeddable":true,"href":"https:\/\/www.ecuadortimes.net\/es\/wp-json\/wp\/v2\/tags?post=254797"}],"curies":[{"name":"wp","href":"https:\/\/api.w.org\/{rel}","templated":true}]}}