{"id":254800,"date":"2019-12-03T16:42:43","date_gmt":"2019-12-03T16:42:43","guid":{"rendered":"https:\/\/www.ecuadortimes.net\/es\/?p=254800"},"modified":"2019-12-03T16:42:43","modified_gmt":"2019-12-03T16:42:43","slug":"encuentro-nacional-del-tejido-reunira-a-cuatro-provincias","status":"publish","type":"post","link":"https:\/\/www.ecuadortimes.net\/es\/encuentro-nacional-del-tejido-reunira-a-cuatro-provincias\/","title":{"rendered":"Encuentro Nacional del Tejido reunir\u00e1 a cuatro provincias"},"content":{"rendered":"<p>Con el Encuentro Nacional del Tejido, el cant\u00f3n Bibli\u00e1n celebrar\u00e1 los siete a\u00f1os de la declaratoria del sombrero de paja toquilla como Patrimonio Inmaterial de la Humanidad. Participar\u00e1n artesanos de 16 cantones de Azuay, Ca\u00f1ar, Manab\u00ed y Santa Elena.<\/p>\n<div id=\"attachment_254801\" style=\"width: 622px\" class=\"wp-caption aligncenter\"><img aria-describedby=\"caption-attachment-254801\" loading=\"lazy\" class=\"size-full wp-image-254801\" src=\"https:\/\/www.ecuadortimes.net\/es\/wp-content\/uploads\/2019\/12\/ecuador-news-weaving-industry.jpeg\" alt=\"\" width=\"612\" height=\"340\" \/><p id=\"caption-attachment-254801\" class=\"wp-caption-text\">Encuentro Nacional del Tejido reunir\u00e1 a cuatro provincias<\/p><\/div>\n<p>Bibli\u00e1n es el \u00fanico cant\u00f3n de la provincia del Ca\u00f1ar que ha consolidado la producci\u00f3n, comercializaci\u00f3n y exportaci\u00f3n del sombrero.<\/p>\n<p>Eso lo consiguieron luego de la distinci\u00f3n otorgada por la Unesco el 5 de diciembre del 2012. La mayor parte de las familias de este cant\u00f3n depende del tejido de la paja. Hay 10 asociaciones \u2013entre peque\u00f1as y grandes-, pero la Cooperativa de Producci\u00f3n Artesanal Padre Rafael Gonz\u00e1lez ha alcanzado m\u00e1s resultados.<\/p>\n<p>Naci\u00f3 en el 2015 por iniciativa del Municipio, para realzar este arte. Agrupa a 120 socias, de las cuales 80 est\u00e1n activas.<\/p>\n<p>En estos siete a\u00f1os han mantenido un trabajo sostenido en organizaci\u00f3n, capacitaci\u00f3n, talleres, ferias, promoci\u00f3n y aperturas de mercados. Es la \u00fanica cooperativa con marca propia del sombrero, llamada Bibilak y, en los \u00faltimos cuatro a\u00f1os exportaron 26 000 unidades a Estados Unidos, Italia y Espa\u00f1a.<\/p>\n<p>En el 2020 crecer\u00e1n m\u00e1s porque abrieron mercados en Bolivia, M\u00e9xico, Francia y China, dijo la presidenta, Martha Lema.<\/p>\n<p>La Cooperativa compra los sombreros a las socias y los procesa para darle los acabados. Cuentan con un taller equipado con herramientas y maquinarias. Los jueves abren las puertas al turismo.<\/p>\n<p>Grupos de artesanas se re\u00fanen en el taller en la \u2018minga del tejido\u2019, para mostrar la t\u00e9cnica de este oficio a los visitantes.<\/p>\n<p>Este crecimiento y trabajo nos motiva a seguir, dice Lema, quien junto con el Municipio y la coordinaci\u00f3n zonal 6 del Instituto Nacional de Patrimonio Cultural realizar\u00e1n el 4 y 5 de diciembre el Primer Encuentro Nacional del Tejido.<\/p>\n<p>El objetivo ser\u00e1 resaltar la importancia de este oficio y posicionarlo como una alternativa que dinamiza la econom\u00eda de cientos de familias de las cuatro provincias y mueve el turismo, dijo Guillermo Espinosa, alcalde de Bibli\u00e1n En la cita habr\u00e1 intercambio de experiencias entre las artesanas sobre las t\u00e9cnicas del tejido, procesos organizativos y emprendimientos; y entre los gobiernos locales sobre el rol que cumplen en el desarrollo de esta actividad.<\/p>\n<p>Como parte de la cadena productiva del tejido, Santa Elena participar\u00e1 con temas relacionados con la fibra natural que se cultiva en esta provincia. Mientras que los cantones de Manab\u00ed, Azuay y Ca\u00f1ar lo har\u00e1n con los tejidos.<\/p>\n<p>Dentro de la agenda cultural habr\u00e1 una feria de exhibici\u00f3n y venta de tejidos en paja toquilla y lana de alpaca, de artesanos de las tres provincias. Adem\u00e1s, un desfile de modas de trajes t\u00edpicos de la cultura ca\u00f1ari elaborados en paja y lana. Lo novedoso ser\u00e1 el concurso de mishada, una pr\u00e1ctica antigua que consist\u00eda en la reuni\u00f3n de las artesanas para competir por qui\u00e9n teje m\u00e1s r\u00e1pido el mejor sombrero.<\/p>\n<p>Por lo general, las tejedoras de Montecristi producen sombreros con delgad\u00edsimos hilos de paja, mientras que las de Azuay y Ca\u00f1ar utilizan hebras algo m\u00e1s gruesas. Para el alcalde Espinosa, el Encuentro del Tejido ser\u00e1 un espacio para posicionar a este cant\u00f3n en el contexto nacional y atraer el turismo.<\/p>\n<p>Por eso, prepararon recorridos -con las delegaciones visitantes- por los sitios importantes como el Santuario de la Virgen del Roc\u00edo. Tambi\u00e9n habr\u00e1 degustaci\u00f3n de comida t\u00edpica y danzas.<\/p>\n<p><a href=\"https:\/\/www.elcomercio.com\/tendencias\/encuentro-nacional-tejido-cuatro-provincias.html\">https:\/\/www.elcomercio.com\/tendencias\/encuentro-nacional-tejido-cuatro-provincias.html<\/a><\/p>\n","protected":false},"excerpt":{"rendered":"<p>Con el Encuentro Nacional del Tejido, el cant\u00f3n Bibli\u00e1n celebrar\u00e1 los siete a\u00f1os de la declaratoria del sombrero de paja toquilla como Patrimonio Inmaterial de la Humanidad. Participar\u00e1n artesanos de 16 cantones de Azuay, Ca\u00f1ar, Manab\u00ed y Santa Elena. Bibli\u00e1n es el \u00fanico cant\u00f3n de la provincia del Ca\u00f1ar que ha consolidado la producci\u00f3n, comercializaci\u00f3n y exportaci\u00f3n del sombrero. Eso lo consiguieron luego de la distinci\u00f3n otorgada por la Unesco el 5 de diciembre del 2012. La mayor parte de las familias de este cant\u00f3n depende del tejido de la paja. Hay 10 asociaciones \u2013entre peque\u00f1as y grandes-, pero la Cooperativa de Producci\u00f3n Artesanal Padre Rafael Gonz\u00e1lez ha alcanzado m\u00e1s resultados. Naci\u00f3 en el 2015 por iniciativa del Municipio, para realzar este arte. Agrupa a 120 socias, de las cuales 80 est\u00e1n activas. En estos siete a\u00f1os han mantenido un trabajo sostenido en organizaci\u00f3n, capacitaci\u00f3n, talleres, ferias, promoci\u00f3n y aperturas de mercados. Es la \u00fanica cooperativa con marca propia del sombrero, llamada Bibilak y, en los \u00faltimos cuatro a\u00f1os exportaron 26 000 unidades a Estados Unidos, Italia y Espa\u00f1a. En el 2020 crecer\u00e1n m\u00e1s porque abrieron mercados en Bolivia, M\u00e9xico, Francia y China, dijo la presidenta, Martha Lema. La Cooperativa compra los sombreros a las socias y los procesa para darle los acabados. Cuentan con un taller equipado con herramientas y maquinarias. Los jueves abren las puertas al turismo. Grupos de artesanas se re\u00fanen en el taller en la \u2018minga del tejido\u2019, para mostrar la t\u00e9cnica de este oficio a los visitantes. Este crecimiento y trabajo nos motiva a seguir, dice Lema, quien junto con el Municipio y la coordinaci\u00f3n zonal 6 del Instituto Nacional de Patrimonio Cultural realizar\u00e1n el 4 y 5 de diciembre el Primer Encuentro Nacional del Tejido. El objetivo ser\u00e1 resaltar la importancia de este oficio y posicionarlo como una alternativa que dinamiza la econom\u00eda de cientos de familias de las cuatro provincias y mueve el turismo, dijo Guillermo Espinosa, alcalde de Bibli\u00e1n En la cita habr\u00e1 intercambio de experiencias entre las artesanas sobre las t\u00e9cnicas del tejido, procesos organizativos y emprendimientos; y entre los gobiernos locales sobre el rol que cumplen en el desarrollo de esta actividad. Como parte de la cadena productiva del tejido, Santa Elena participar\u00e1 con temas relacionados con la fibra natural que se cultiva en esta provincia. Mientras que los cantones de Manab\u00ed, Azuay y Ca\u00f1ar lo har\u00e1n con los tejidos. Dentro de la agenda cultural habr\u00e1 una feria de exhibici\u00f3n y venta de tejidos en paja toquilla y lana de alpaca, de artesanos de las tres provincias. Adem\u00e1s, un desfile de modas de trajes t\u00edpicos de la cultura ca\u00f1ari elaborados en paja y lana. Lo novedoso ser\u00e1 el concurso de mishada, una pr\u00e1ctica antigua que consist\u00eda en la reuni\u00f3n de las artesanas para competir por qui\u00e9n teje m\u00e1s r\u00e1pido el mejor sombrero. Por lo general, las tejedoras de Montecristi producen sombreros con delgad\u00edsimos hilos de paja, mientras que las de Azuay y Ca\u00f1ar utilizan hebras algo m\u00e1s gruesas. Para el alcalde Espinosa, el Encuentro del Tejido ser\u00e1 un espacio para posicionar a este cant\u00f3n en el contexto nacional y atraer el turismo. Por eso, prepararon recorridos -con las delegaciones visitantes- por los sitios importantes como el Santuario de la Virgen del Roc\u00edo. Tambi\u00e9n habr\u00e1 degustaci\u00f3n de comida t\u00edpica y danzas. https:\/\/www.elcomercio.com\/tendencias\/encuentro-nacional-tejido-cuatro-provincias.html<\/p>\n","protected":false},"author":1,"featured_media":254801,"comment_status":"closed","ping_status":"closed","sticky":false,"template":"","format":"standard","meta":[],"categories":[35,24],"tags":[],"_links":{"self":[{"href":"https:\/\/www.ecuadortimes.net\/es\/wp-json\/wp\/v2\/posts\/254800"}],"collection":[{"href":"https:\/\/www.ecuadortimes.net\/es\/wp-json\/wp\/v2\/posts"}],"about":[{"href":"https:\/\/www.ecuadortimes.net\/es\/wp-json\/wp\/v2\/types\/post"}],"author":[{"embeddable":true,"href":"https:\/\/www.ecuadortimes.net\/es\/wp-json\/wp\/v2\/users\/1"}],"replies":[{"embeddable":true,"href":"https:\/\/www.ecuadortimes.net\/es\/wp-json\/wp\/v2\/comments?post=254800"}],"version-history":[{"count":1,"href":"https:\/\/www.ecuadortimes.net\/es\/wp-json\/wp\/v2\/posts\/254800\/revisions"}],"predecessor-version":[{"id":254802,"href":"https:\/\/www.ecuadortimes.net\/es\/wp-json\/wp\/v2\/posts\/254800\/revisions\/254802"}],"wp:featuredmedia":[{"embeddable":true,"href":"https:\/\/www.ecuadortimes.net\/es\/wp-json\/wp\/v2\/media\/254801"}],"wp:attachment":[{"href":"https:\/\/www.ecuadortimes.net\/es\/wp-json\/wp\/v2\/media?parent=254800"}],"wp:term":[{"taxonomy":"category","embeddable":true,"href":"https:\/\/www.ecuadortimes.net\/es\/wp-json\/wp\/v2\/categories?post=254800"},{"taxonomy":"post_tag","embeddable":true,"href":"https:\/\/www.ecuadortimes.net\/es\/wp-json\/wp\/v2\/tags?post=254800"}],"curies":[{"name":"wp","href":"https:\/\/api.w.org\/{rel}","templated":true}]}}