{"id":254806,"date":"2019-12-05T11:55:06","date_gmt":"2019-12-05T11:55:06","guid":{"rendered":"https:\/\/www.ecuadortimes.net\/es\/?p=254806"},"modified":"2019-12-05T11:55:06","modified_gmt":"2019-12-05T11:55:06","slug":"buen-ambiente-para-recuperar-a-ee-uu","status":"publish","type":"post","link":"https:\/\/www.ecuadortimes.net\/es\/buen-ambiente-para-recuperar-a-ee-uu\/","title":{"rendered":"\u201cBuen ambiente para recuperar a EE. UU.\u201d"},"content":{"rendered":"<p>En junio de 2020 Guayaquil recibir\u00e1 a m\u00e1s de 400 empresarios de las 28 C\u00e1maras Americanas de la regi\u00f3n, en el marco del Business Future of the America 2020, que organiza la Asociaci\u00f3n de C\u00e1maras Americanas de Am\u00e9rica Latina, Canad\u00e1 y el Caribe (Aaccla), de la que Ecuador es parte hace 40 a\u00f1os.Pero desde ya hay el \u00e1nimo en el pa\u00eds para recuperar ese mercado del que Ecuador se alej\u00f3 una d\u00e9cada (en el Gobierno de Rafael Correa).<\/p>\n<div id=\"attachment_254807\" style=\"width: 710px\" class=\"wp-caption aligncenter\"><img aria-describedby=\"caption-attachment-254807\" loading=\"lazy\" class=\"size-full wp-image-254807\" src=\"https:\/\/www.ecuadortimes.net\/es\/wp-content\/uploads\/2019\/12\/ecuador-news-good-times-to-win-back-united-states.jpeg\" alt=\"\" width=\"700\" height=\"402\" \/><p id=\"caption-attachment-254807\" class=\"wp-caption-text\">\u201cBuen ambiente para recuperar a EE. UU.\u201d<\/p><\/div>\n<p>El Gobierno de Len\u00edn Moreno ha dado un importante acercamiento.Nery Merejildo, vicepresidenta de Aaccla y tambi\u00e9n de la C\u00e1mara Ecuatoriano-Americana (Amcham-Guayaquil) y presidenta de la compa\u00f1\u00eda Neymer, habla de la enorme posibilidad que tiene Ecuador de potenciar el comercio entre ambos pa\u00edses y de firmar pronto un acuerdo comercial.<\/p>\n<p>Leer m\u00e1s De enero a septiembre de 2019 Ecuador ha reducido sus ventas a EE. UU. en 55 millones de d\u00f3lares, lo cual ha hecho que pase del 23,4 % al 23 % de participaci\u00f3n entre los dem\u00e1s mercados.<\/p>\n<p>Entre enero y septiembre las exportaciones sumaron $ 3.769 millones, seg\u00fan el Banco Central (BCE).<\/p>\n<p>El hecho de que la econom\u00eda de Estados Unidos est\u00e9 con buen desempe\u00f1o es relevante para Ecuador y m\u00e1s cuando 1.486 millones de d\u00f3lares de las ventas a este destino corresponden a bienes no petroleros (banano, camar\u00f3n, flores, oro, preparaciones de pescado, cacao, principalmente).<\/p>\n<p>\u201cEstados Unidos est\u00e1 a favor de Ecuador en muchos \u00e1mbitos; es el momento propicio porque est\u00e1n pro Ecuador\u201d, se\u00f1ala Merejildo a EXPRESO.Los empresarios tienen una posici\u00f3n preponderante en Norteam\u00e9rica, ya que cuentan con voz dentro de todas las esferas del Estado, Congreso, Senado, Administraci\u00f3n Central.En Estados Unidos \u201cla voz cantante la tienen las empresas, ellas tienen mucho peso\u201d.<\/p>\n<p>En el Aaccla, que aglutina a 28 C\u00e1maras de la regi\u00f3n y de igual cantidad de pa\u00edses, est\u00e1n empresarios importantes como el due\u00f1o de Wallmart o de DHL. De hecho vamos a Washington todos los que pertenecemos a Aaccla en septiembre de todos los a\u00f1os. \u201cVisitamos a los asesores de los senadores\u201d.<\/p>\n<p>Seg\u00fan Merejildo el evento de junio de este a\u00f1o esto es un hito, ya que es la primera vez en 40 a\u00f1os de Amcham que llega el Business Future of the America 2020 a Ecuador.<\/p>\n<p>La misi\u00f3n de Aaccla es promover el comercio y la inversi\u00f3n entre los Estados Unidos y los pa\u00edses de la regi\u00f3n a trav\u00e9s del libre comercio, los mercados libres y la libre empresa.Este gremio apoya la firma de un acuerdo entre ambos pa\u00edses. En enero del a\u00f1o pr\u00f3ximo se espera que las mesas de negociaci\u00f3n de ambas naciones se re\u00fanan.<\/p>\n<p><a href=\"https:\/\/www.expreso.ec\/actualidad\/economia\/buen-ambiente-ee-uu-comercio-ecuador-730.html\">https:\/\/www.expreso.ec\/actualidad\/economia\/buen-ambiente-ee-uu-comercio-ecuador-730.html<\/a><\/p>\n","protected":false},"excerpt":{"rendered":"<p>En junio de 2020 Guayaquil recibir\u00e1 a m\u00e1s de 400 empresarios de las 28 C\u00e1maras Americanas de la regi\u00f3n, en el marco del Business Future of the America 2020, que organiza la Asociaci\u00f3n de C\u00e1maras Americanas de Am\u00e9rica Latina, Canad\u00e1 y el Caribe (Aaccla), de la que Ecuador es parte hace 40 a\u00f1os.Pero desde ya hay el \u00e1nimo en el pa\u00eds para recuperar ese mercado del que Ecuador se alej\u00f3 una d\u00e9cada (en el Gobierno de Rafael Correa). El Gobierno de Len\u00edn Moreno ha dado un importante acercamiento.Nery Merejildo, vicepresidenta de Aaccla y tambi\u00e9n de la C\u00e1mara Ecuatoriano-Americana (Amcham-Guayaquil) y presidenta de la compa\u00f1\u00eda Neymer, habla de la enorme posibilidad que tiene Ecuador de potenciar el comercio entre ambos pa\u00edses y de firmar pronto un acuerdo comercial. Leer m\u00e1s De enero a septiembre de 2019 Ecuador ha reducido sus ventas a EE. UU. en 55 millones de d\u00f3lares, lo cual ha hecho que pase del 23,4 % al 23 % de participaci\u00f3n entre los dem\u00e1s mercados. Entre enero y septiembre las exportaciones sumaron $ 3.769 millones, seg\u00fan el Banco Central (BCE). El hecho de que la econom\u00eda de Estados Unidos est\u00e9 con buen desempe\u00f1o es relevante para Ecuador y m\u00e1s cuando 1.486 millones de d\u00f3lares de las ventas a este destino corresponden a bienes no petroleros (banano, camar\u00f3n, flores, oro, preparaciones de pescado, cacao, principalmente). \u201cEstados Unidos est\u00e1 a favor de Ecuador en muchos \u00e1mbitos; es el momento propicio porque est\u00e1n pro Ecuador\u201d, se\u00f1ala Merejildo a EXPRESO.Los empresarios tienen una posici\u00f3n preponderante en Norteam\u00e9rica, ya que cuentan con voz dentro de todas las esferas del Estado, Congreso, Senado, Administraci\u00f3n Central.En Estados Unidos \u201cla voz cantante la tienen las empresas, ellas tienen mucho peso\u201d. En el Aaccla, que aglutina a 28 C\u00e1maras de la regi\u00f3n y de igual cantidad de pa\u00edses, est\u00e1n empresarios importantes como el due\u00f1o de Wallmart o de DHL. De hecho vamos a Washington todos los que pertenecemos a Aaccla en septiembre de todos los a\u00f1os. \u201cVisitamos a los asesores de los senadores\u201d. Seg\u00fan Merejildo el evento de junio de este a\u00f1o esto es un hito, ya que es la primera vez en 40 a\u00f1os de Amcham que llega el Business Future of the America 2020 a Ecuador. La misi\u00f3n de Aaccla es promover el comercio y la inversi\u00f3n entre los Estados Unidos y los pa\u00edses de la regi\u00f3n a trav\u00e9s del libre comercio, los mercados libres y la libre empresa.Este gremio apoya la firma de un acuerdo entre ambos pa\u00edses. En enero del a\u00f1o pr\u00f3ximo se espera que las mesas de negociaci\u00f3n de ambas naciones se re\u00fanan. https:\/\/www.expreso.ec\/actualidad\/economia\/buen-ambiente-ee-uu-comercio-ecuador-730.html<\/p>\n","protected":false},"author":1,"featured_media":254807,"comment_status":"closed","ping_status":"closed","sticky":false,"template":"","format":"standard","meta":[],"categories":[43,24],"tags":[],"_links":{"self":[{"href":"https:\/\/www.ecuadortimes.net\/es\/wp-json\/wp\/v2\/posts\/254806"}],"collection":[{"href":"https:\/\/www.ecuadortimes.net\/es\/wp-json\/wp\/v2\/posts"}],"about":[{"href":"https:\/\/www.ecuadortimes.net\/es\/wp-json\/wp\/v2\/types\/post"}],"author":[{"embeddable":true,"href":"https:\/\/www.ecuadortimes.net\/es\/wp-json\/wp\/v2\/users\/1"}],"replies":[{"embeddable":true,"href":"https:\/\/www.ecuadortimes.net\/es\/wp-json\/wp\/v2\/comments?post=254806"}],"version-history":[{"count":1,"href":"https:\/\/www.ecuadortimes.net\/es\/wp-json\/wp\/v2\/posts\/254806\/revisions"}],"predecessor-version":[{"id":254808,"href":"https:\/\/www.ecuadortimes.net\/es\/wp-json\/wp\/v2\/posts\/254806\/revisions\/254808"}],"wp:featuredmedia":[{"embeddable":true,"href":"https:\/\/www.ecuadortimes.net\/es\/wp-json\/wp\/v2\/media\/254807"}],"wp:attachment":[{"href":"https:\/\/www.ecuadortimes.net\/es\/wp-json\/wp\/v2\/media?parent=254806"}],"wp:term":[{"taxonomy":"category","embeddable":true,"href":"https:\/\/www.ecuadortimes.net\/es\/wp-json\/wp\/v2\/categories?post=254806"},{"taxonomy":"post_tag","embeddable":true,"href":"https:\/\/www.ecuadortimes.net\/es\/wp-json\/wp\/v2\/tags?post=254806"}],"curies":[{"name":"wp","href":"https:\/\/api.w.org\/{rel}","templated":true}]}}