{"id":254818,"date":"2019-12-05T13:02:24","date_gmt":"2019-12-05T13:02:24","guid":{"rendered":"https:\/\/www.ecuadortimes.net\/es\/?p=254818"},"modified":"2019-12-05T13:02:24","modified_gmt":"2019-12-05T13:02:24","slug":"ee-uu-y-ecuador-retoman-el-dialogo-con-el-debate-de-cuatro-temas","status":"publish","type":"post","link":"https:\/\/www.ecuadortimes.net\/es\/ee-uu-y-ecuador-retoman-el-dialogo-con-el-debate-de-cuatro-temas\/","title":{"rendered":"EE.UU. y Ecuador retoman el di\u00e1logo con el debate de cuatro temas"},"content":{"rendered":"<p>El Ministerio de Producci\u00f3n, Comercio Exterior, Inversiones y Pesca (MPCEIP) recibi\u00f3 este 4 de diciembre en Quito a la delegaci\u00f3n de la Oficina del Representante de Comercio de los Estados Unidos (USTR) para mantener el di\u00e1logos, en el marco de las mesas t\u00e9cnicas que fueron creadas en noviembre de 2018, durante la reuni\u00f3n del Consejo de Comercio e Inversiones con los Estados Unidos (TIC), por siglas en ingl\u00e9s.<\/p>\n<div id=\"attachment_254819\" style=\"width: 710px\" class=\"wp-caption aligncenter\"><img aria-describedby=\"caption-attachment-254819\" loading=\"lazy\" class=\"size-full wp-image-254819\" src=\"https:\/\/www.ecuadortimes.net\/es\/wp-content\/uploads\/2019\/12\/ivan-ontaneda-dialog-ecuador-usa.jpeg\" alt=\"\" width=\"700\" height=\"402\" \/><p id=\"caption-attachment-254819\" class=\"wp-caption-text\">EE.UU. y Ecuador retoman el di\u00e1logo con el debate de cuatro temas. Ivan Ontaneda en la foto.<\/p><\/div>\n<p>Las cuatro mesas que se dieron cita trataron diferentes tem\u00e1ticas: Acceso Agr\u00edcola, Inversiones, Asuntos Laborales y Comercio, y Medio Ambiente y Comercio. En las respectivas mesas tambi\u00e9n participaron representantes de diferentes carteras de Estado como Ministerio de Agricultura y Ganader\u00eda, Canciller\u00eda, Ministerio del Trabajo y Ministerio del Ambiente.<\/p>\n<p>Durante la jornada, el ministro de Producci\u00f3n, Comercio Exterior, Inversiones y Pesca, Iv\u00e1n Ontaneda Berr\u00fa, destac\u00f3 la importancia de conformar estas mesas de trabajo.<\/p>\n<p>\u201cNos complace continuar avanzando en el fortalecimiento de relaciones comerciales entre Ecuador y EE.UU. con las cuales sentaremos las bases para realizar anuncios positivos para ambos pa\u00edses en la pr\u00f3xima reuni\u00f3n del TIC en la cual participar\u00e9 en enero 2020\u201d, indic\u00f3 el ministro quien estuvo acompa\u00f1ado del embajador de Ecuador en EE.UU., Francisco Carri\u00f3n.<\/p>\n<p>Ambos aseguraron que estos di\u00e1logos sentar\u00e1n las bases para futuros procesos de temas de inter\u00e9s bilateral y permitir\u00e1n que en la reuni\u00f3n de altas autoridades del TIC, en la cual participar\u00e1 el ministro se puedan realizar anuncios positivos sobre nuevos pasos en la relaci\u00f3n comercial.<\/p>\n<p>La reuni\u00f3n de autoridades del TIC se ha postergado para enero de 2020 con el objetivo de asegurar que las autoridades de comercio de los dos pa\u00edses puedan estar presentes para atender este importante encuentro. Dicho encuentro se realizar\u00e1 en Quito.<\/p>\n<p><a href=\"https:\/\/www.expreso.ec\/actualidad\/economia\/ee-uu-ecuador-retoman-dialogo-tecnico-782.html\">https:\/\/www.expreso.ec\/actualidad\/economia\/ee-uu-ecuador-retoman-dialogo-tecnico-782.html<\/a><\/p>\n","protected":false},"excerpt":{"rendered":"<p>El Ministerio de Producci\u00f3n, Comercio Exterior, Inversiones y Pesca (MPCEIP) recibi\u00f3 este 4 de diciembre en Quito a la delegaci\u00f3n de la Oficina del Representante de Comercio de los Estados Unidos (USTR) para mantener el di\u00e1logos, en el marco de las mesas t\u00e9cnicas que fueron creadas en noviembre de 2018, durante la reuni\u00f3n del Consejo de Comercio e Inversiones con los Estados Unidos (TIC), por siglas en ingl\u00e9s. Las cuatro mesas que se dieron cita trataron diferentes tem\u00e1ticas: Acceso Agr\u00edcola, Inversiones, Asuntos Laborales y Comercio, y Medio Ambiente y Comercio. En las respectivas mesas tambi\u00e9n participaron representantes de diferentes carteras de Estado como Ministerio de Agricultura y Ganader\u00eda, Canciller\u00eda, Ministerio del Trabajo y Ministerio del Ambiente. Durante la jornada, el ministro de Producci\u00f3n, Comercio Exterior, Inversiones y Pesca, Iv\u00e1n Ontaneda Berr\u00fa, destac\u00f3 la importancia de conformar estas mesas de trabajo. \u201cNos complace continuar avanzando en el fortalecimiento de relaciones comerciales entre Ecuador y EE.UU. con las cuales sentaremos las bases para realizar anuncios positivos para ambos pa\u00edses en la pr\u00f3xima reuni\u00f3n del TIC en la cual participar\u00e9 en enero 2020\u201d, indic\u00f3 el ministro quien estuvo acompa\u00f1ado del embajador de Ecuador en EE.UU., Francisco Carri\u00f3n. Ambos aseguraron que estos di\u00e1logos sentar\u00e1n las bases para futuros procesos de temas de inter\u00e9s bilateral y permitir\u00e1n que en la reuni\u00f3n de altas autoridades del TIC, en la cual participar\u00e1 el ministro se puedan realizar anuncios positivos sobre nuevos pasos en la relaci\u00f3n comercial. La reuni\u00f3n de autoridades del TIC se ha postergado para enero de 2020 con el objetivo de asegurar que las autoridades de comercio de los dos pa\u00edses puedan estar presentes para atender este importante encuentro. Dicho encuentro se realizar\u00e1 en Quito. https:\/\/www.expreso.ec\/actualidad\/economia\/ee-uu-ecuador-retoman-dialogo-tecnico-782.html<\/p>\n","protected":false},"author":1,"featured_media":254819,"comment_status":"closed","ping_status":"closed","sticky":false,"template":"","format":"standard","meta":[],"categories":[40,24],"tags":[],"_links":{"self":[{"href":"https:\/\/www.ecuadortimes.net\/es\/wp-json\/wp\/v2\/posts\/254818"}],"collection":[{"href":"https:\/\/www.ecuadortimes.net\/es\/wp-json\/wp\/v2\/posts"}],"about":[{"href":"https:\/\/www.ecuadortimes.net\/es\/wp-json\/wp\/v2\/types\/post"}],"author":[{"embeddable":true,"href":"https:\/\/www.ecuadortimes.net\/es\/wp-json\/wp\/v2\/users\/1"}],"replies":[{"embeddable":true,"href":"https:\/\/www.ecuadortimes.net\/es\/wp-json\/wp\/v2\/comments?post=254818"}],"version-history":[{"count":1,"href":"https:\/\/www.ecuadortimes.net\/es\/wp-json\/wp\/v2\/posts\/254818\/revisions"}],"predecessor-version":[{"id":254820,"href":"https:\/\/www.ecuadortimes.net\/es\/wp-json\/wp\/v2\/posts\/254818\/revisions\/254820"}],"wp:featuredmedia":[{"embeddable":true,"href":"https:\/\/www.ecuadortimes.net\/es\/wp-json\/wp\/v2\/media\/254819"}],"wp:attachment":[{"href":"https:\/\/www.ecuadortimes.net\/es\/wp-json\/wp\/v2\/media?parent=254818"}],"wp:term":[{"taxonomy":"category","embeddable":true,"href":"https:\/\/www.ecuadortimes.net\/es\/wp-json\/wp\/v2\/categories?post=254818"},{"taxonomy":"post_tag","embeddable":true,"href":"https:\/\/www.ecuadortimes.net\/es\/wp-json\/wp\/v2\/tags?post=254818"}],"curies":[{"name":"wp","href":"https:\/\/api.w.org\/{rel}","templated":true}]}}